{"id":2398,"date":"2018-02-16T14:03:55","date_gmt":"2018-02-16T13:03:55","guid":{"rendered":"http:\/\/stemarguerite.hotel-webdesign.com\/?p=2398"},"modified":"2018-06-04T13:08:23","modified_gmt":"2018-06-04T11:08:23","slug":"pv-reunion-conseil-municipal-16-02-18","status":"publish","type":"post","link":"https:\/\/www.ste-marguerite-sur-mer.fr\/de\/pv-reunion-conseil-municipal-16-02-18\/","title":{"rendered":"Protokoll der Sitzung des Gemeinderats Sitzung vom 16. Februar 2018"},"content":{"rendered":"<p>&nbsp;<\/p>\n<p><b>21\/03\/2018<\/b><\/p>\n<p align=\"center\"><strong><em>Protokoll der Sitzung des Gemeinderats<\/em><\/strong><\/p>\n<p align=\"center\"><strong><em>Sitzung vom 16. Februar 2018<\/em><\/strong><\/p>\n<p><em>Im Jahr zweitausendachthundertneunzehn, am sechzehnten Februar um neunzehn Uhr, trat der ordnungsgem\u00e4\u00df einberufene Gemeinderat unter dem Vorsitz von Herrn Claude FERCHAL, B\u00fcrgermeister, zu einer \u00f6ffentlichen Sitzung zusammen.<\/em><\/p>\n<p><em>\u00a0<\/em><\/p>\n<p><em>Anwesend waren: Herren Claude Ferchal, Philippe Lefebvre, Denis Grout, Jean Pierre Boittout, Jean-Pierre Joubert, Michel Lecat, Richard Dupont<\/em><\/p>\n<p><em>\u00a0Damen Colette Gouyer, Fran\u00e7oise Gambs<\/em><\/p>\n<p><em>\u00a0<\/em><\/p>\n<p><em>Anwesend waren nicht anwesend : Frau Christelle Weber<\/em><\/p>\n<p><em>\u00a0\u00a0\u00a0\u00a0\u00a0\u00a0\u00a0\u00a0\u00a0\u00a0\u00a0\u00a0\u00a0\u00a0\u00a0\u00a0\u00a0\u00a0\u00a0\u00a0\u00a0\u00a0\u00a0 \u00a0\u00a0\u00a0 Herr David Petiton (Vollmacht f\u00fcr Herrn Grout)<\/em><\/p>\n<p><em>\u00a0\u00a0\u00a0\u00a0\u00a0\u00a0\u00a0\u00a0\u00a0\u00a0\u00a0\u00a0\u00a0\u00a0\u00a0\u00a0\u00a0\u00a0\u00a0\u00a0\u00a0\u00a0\u00a0 \u00a0\u00a0\u00a0 Herr Vincent Varin (Vollmacht f\u00fcr Frau Gouyer)<\/em><\/p>\n<p><em>\u00a0\u00a0\u00a0\u00a0\u00a0\u00a0\u00a0\u00a0\u00a0\u00a0\u00a0\u00a0\u00a0\u00a0\u00a0\u00a0\u00a0\u00a0\u00a0\u00a0\u00a0\u00a0\u00a0 \u00a0\u00a0\u00a0 Herr Eric Lincot<\/em><\/p>\n<p><em>\u00a0\u00a0\u00a0\u00a0\u00a0\u00a0\u00a0\u00a0\u00a0\u00a0\u00a0\u00a0\u00a0\u00a0\u00a0\u00a0\u00a0\u00a0\u00a0\u00a0\u00a0\u00a0\u00a0 \u00a0\u00a0\u00a0 Herr Ludovic Patin (Vollmacht f\u00fcr Herrn Ferchal)<\/em><\/p>\n<p><em>\u00a0\u00a0\u00a0\u00a0\u00a0\u00a0\u00a0\u00a0\u00a0\u00a0\u00a0\u00a0\u00a0\u00a0\u00a0\u00a0\u00a0\u00a0\u00a0\u00a0\u00a0\u00a0\u00a0 \u00a0\u00a0<\/em><\/p>\n<p><em>\u00a0<\/em><\/p>\n<p><em>Frau Fran\u00e7oise Gambs wurde zur Sitzungssekret\u00e4rin gew\u00e4hlt.<\/em><\/p>\n<p><em>\u00a0<\/em><\/p>\n<p><em>\u00a0<\/em><\/p>\n<p><em>Datum der Einberufung: 9. Februar 2018 Datum der Bekanntmachung: 9. Februar 2018<\/em><\/p>\n<p><em>\u00a0<\/em><\/p>\n<p align=\"center\"><strong><em>Tagesordnung :<\/em><\/strong><\/p>\n<p><em>\u00a0<\/em><\/p>\n<p><em>\u00a0<\/em><\/p>\n<p>&#8211;\u00a0\u00a0\u00a0\u00a0\u00a0\u00a0\u00a0<em>Annahme des Protokolls der vorangegangenen Sitzung<\/em><\/p>\n<p>&#8211;\u00a0\u00a0\u00a0\u00a0\u00a0\u00a0\u00a0<em>Mitteilungen des B\u00fcrgermeisters<\/em><\/p>\n<p>&#8211;\u00a0\u00a0\u00a0\u00a0\u00a0\u00a0\u00a0<em>Mitteilungen der Delegierten<\/em><\/p>\n<p>&#8211;\u00a0\u00a0\u00a0\u00a0\u00a0\u00a0\u00a0<em>Angebot V3D: Auftrag f\u00fcr die Einrichtung von 2 Brandschutztanks<\/em><\/p>\n<p>&#8211;\u00a0\u00a0\u00a0\u00a0\u00a0\u00a0\u00a0<em>Gesch\u00e4ftsvorschlag: Telefonanbieter<\/em><\/p>\n<p>&#8211;\u00a0\u00a0\u00a0\u00a0\u00a0\u00a0\u00a0<em>Don<\/em><\/p>\n<p>&#8211;\u00a0\u00a0\u00a0\u00a0\u00a0\u00a0\u00a0<em>Kaution f\u00fcr den Raum des Treffpunkts<\/em><\/p>\n<p><em>\u00a0<\/em><\/p>\n<p><em>\u00a0<\/em><\/p>\n<p><strong><em>\u00a0<\/em><\/strong><\/p>\n<p><strong><em>Annahme des Protokolls der vorherigen Sitzung<\/em><\/strong><\/p>\n<p><em>\u00a0<\/em><\/p>\n<p><em>Das Protokoll der vorangegangenen Sitzung, das jedem Mitglied des Gemeinderats vorab \u00fcbermittelt wurde, wurde einstimmig angenommen, da es keine Anmerkungen gab.<\/em><\/p>\n<p><em>\u00a0<\/em><\/p>\n<p><strong><em>Mitteilungen des B\u00fcrgermeisters<\/em><\/strong><\/p>\n<p><em>\u00a0<\/em><\/p>\n<ul>\n<li><strong><em>Termine zum Vormerken :<\/em><\/strong><\/li>\n<\/ul>\n<p><em>\u00a0<\/em><\/p>\n<ol start=\"1\">\n<li><strong><em>Mahlzeit der Ehemaligen\u00a0<\/em><\/strong><em>: am 18. M\u00e4rz 2018<\/em><\/li>\n<\/ol>\n<p><strong><em>\u00a0<\/em><\/strong><\/p>\n<ul>\n<li><strong><em>Theater :<\/em><\/strong><\/li>\n<\/ul>\n<p><em>\u00a0<\/em><\/p>\n<p><em>Der B\u00fcrgermeister teilt den Mitgliedern des Gemeinderats mit, dass er vom Th\u00e9\u00e2tre de la Bataille f\u00fcr eine neue musikalische Auff\u00fchrung \"SANS INTERDIT\" kontaktiert wurde, deren Repertoire aus frechen, gewagten, lustigen und sogar ... verbotenen Liedern besteht.<\/em><\/p>\n<p><em>Die Auff\u00fchrung findet am Samstag, den 3. November 2018 statt.<\/em><\/p>\n<p><em>\u00a0<\/em><\/p>\n<ul>\n<li><strong><em>PLU :<\/em><\/strong><\/li>\n<\/ul>\n<p><strong><em>\u00a0<\/em><\/strong><\/p>\n<p><em>Der B\u00fcrgermeister berichtet der Versammlung, dass die Antworten der assoziierten Personen langsam im Rathaus eintreffen. Alle geben positive Stellungnahmen ab, einige mit Anmerkungen und Korrekturw\u00fcnschen.<\/em><\/p>\n<p><strong><em>\u00a0<\/em><\/strong><\/p>\n<ul>\n<li><strong><em>Danksagung :<\/em><\/strong><\/li>\n<\/ul>\n<p><em>\u00a0<\/em><\/p>\n<p><em>Der B\u00fcrgermeister berichtet \u00fcber die Danksagungen von :<\/em><\/p>\n<p>&#8211;\u00a0\u00a0\u00a0\u00a0\u00a0\u00a0\u00a0<em>Frau Monique BOSSE f\u00fcr das Weihnachtspaket und das Weihnachtskonzert<\/em><\/p>\n<p><em>\u00a0<\/em><\/p>\n<p><strong><em>Mitteilungen der Delegierten<\/em><\/strong><\/p>\n<p><em>\u00a0<\/em><\/p>\n<ul>\n<li><strong><em>Club der Gemeinden :<\/em><\/strong><\/li>\n<\/ul>\n<p><em>\u00a0<\/em><\/p>\n<p><em>Herr Jean-Pierre BOITTOUT, Delegierter des Club des Communes, berichtet von einem Treffen, das am 1. Januar 2009 stattfand.<sup>er<\/sup>\u00a0Februar 2018 in Dieppe statt. Auf der Tagesordnung dieses Treffens standen die Aktionen, die f\u00fcr die Tage der nachhaltigen Entwicklung eventuell umgesetzt werden sollen.<\/em><\/p>\n<p><em>\u00a0<\/em><\/p>\n<p><em>\u00a0<\/em><\/p>\n<p><em>\u00a0<\/em><\/p>\n<p><strong><em>Kostenvoranschlag V3D: Hauptauftragnehmer f\u00fcr die Einrichtung von zwei Feuerl\u00f6schzisternen<\/em><\/strong><\/p>\n<p><em>\u00a0<\/em><\/p>\n<p><em>Der B\u00fcrgermeister erl\u00e4utert dem Gemeinderat das Ziel der Gemeinde, die Abdeckung des Brandrisikos in den nicht abgedeckten Gebieten zu verbessern. Drei Gebiete \"R\u00e9sidence Bel Air, das Ende der Route de Saint Martin und der Chemin des Fr\u00eanes\" sind nicht abgedeckt. Die Gemeinde plant die Einrichtung von zwei unterirdischen Zisternen \"R\u00e9sidence Bel Air und Route de Saint Martin\" und eines Planenbeckens \"Chemin des Fr\u00eanes\". V3D unterbreitet einen Kostenvoranschlag f\u00fcr die Bauleitung der beiden unterirdischen L\u00f6schwassertanks. Der B\u00fcrgermeister schlug vor, den Kostenvoranschlag f\u00fcr das Planbecken abzuwarten und beschloss, das Projekt auf die n\u00e4chste Ratssitzung zu verschieben.<\/em><\/p>\n<p><em>\u00a0<\/em><\/p>\n<p><strong><em>Gesch\u00e4ftsvorschlag: Telefonanbieter<\/em><\/strong><\/p>\n<p><em>\u00a0<\/em><\/p>\n<p><em>Der B\u00fcrgermeister bringt der Versammlung das Projekt zur Erneuerung der Telefonanlage zur Kenntnis.<\/em><\/p>\n<p><em>OPTIPRO Gruppe MSI 2000 und CORIOLIS schlagen eine Installation der Telefonzentrale vor. Dieser Vorschlag hat folgende Hauptziele<\/em><\/p>\n<p>&#8211;\u00a0\u00a0\u00a0\u00a0\u00a0\u00a0\u00a0<em>den Telefonempfang optimieren<\/em><\/p>\n<p>&#8211;\u00a0\u00a0\u00a0\u00a0\u00a0\u00a0\u00a0<em>zur Erh\u00f6hung der Ressourcen des Rathauses beitragen und die Telefonkosten senken.<\/em><\/p>\n<p><em>GROUPE TELECOM, unser derzeitiger Lieferant, hat am 26. Februar 2018 einen Termin vereinbart.<\/em><\/p>\n<p><em>\u00a0<\/em><\/p>\n<p><em>Der Gemeinderat, nach Anh\u00f6rung dieser Ausf\u00fchrungen und nach Beratung, einstimmig :<\/em><\/p>\n<p><em>\u00a0<\/em><\/p>\n<p>&#8211;\u00a0\u00a0\u00a0\u00a0\u00a0\u00a0\u00a0<em>BESCHLIESST, das Projekt zur Erneuerung der Telefonanlage auf die n\u00e4chste Ratssitzung zu verschieben.<\/em><\/p>\n<p><strong><em>\u00a0<\/em><\/strong><\/p>\n<p><strong><em>Don<\/em><\/strong><\/p>\n<p><strong><em>\u00a0<\/em><\/strong><\/p>\n<p><em>Der B\u00fcrgermeister berichtet den Mitgliedern des Gemeinderats von einer Scheckspende von :<\/em><\/p>\n<p>&#8211;\u00a0\u00a0\u00a0\u00a0\u00a0\u00a0\u00a0<em>Kermesse des Clochers de l'Ailly mit einem Betrag von 1.000 \u20ac.<\/em><\/p>\n<p><em>\u00a0<\/em><\/p>\n<p><em>Der Gemeinderat, nach Beratung, einstimmig :<\/em><\/p>\n<p><em>\u00a0<\/em><\/p>\n<p>&#8211;\u00a0\u00a0\u00a0\u00a0\u00a0\u00a0\u00a0<em>NIMMT die Spende von 1.000 \u20ac von der Kermesse des Clochers de l'Ailly an<\/em><\/p>\n<p><strong><em>\u00a0<\/em><\/strong><\/p>\n<p><strong><em>Kaution: Miete des Saals des Treffpunkts<\/em><\/strong><\/p>\n<p><em>\u00a0<\/em><\/p>\n<p><em>Der B\u00fcrgermeister fordert den Gemeinderat auf, \u00fcber die Erh\u00f6hung der Kaution f\u00fcr die Miete des Treffpunktraums abzustimmen.<\/em><\/p>\n<p><em>\u00a0<\/em><\/p>\n<p><em>Bei der letzten Vermietung wurden n\u00e4mlich Besch\u00e4digungen im Saal festgestellt. Die Vermieter bezahlten die Reparatur der Wand, aber da die Kaution zu niedrig war (100 \u20ac), musste eine Nachzahlung verlangt werden. Der B\u00fcrgermeister schlug vor, eine Kaution von 1.000 \u20ac zu hinterlegen, wobei der Scheck nach der Abnahme der R\u00e4umlichkeiten zur\u00fcckgegeben werden sollte.<\/em><\/p>\n<p><em>\u00a0<\/em><\/p>\n<p><em>Der Gemeinderat, nach Beratung, einstimmig :<\/em><\/p>\n<p><em>\u00a0<\/em><\/p>\n<p>&#8211;\u00a0\u00a0\u00a0\u00a0\u00a0\u00a0\u00a0<em>BESCHLIESST, die Kaution f\u00fcr den Saal des Treffpunkts auf 1.000 \u20ac zu erh\u00f6hen.<\/em><\/p>\n<p><em>\u00a0<\/em><\/p>\n<p><em>\u00a0<\/em><\/p>\n<p><em>\u00a0<\/em><\/p>\n<p><em>Nachdem die Tagesordnung ersch\u00f6pft war, dankte der B\u00fcrgermeister allen anwesenden Mitgliedern und schloss die Sitzung um 20:30 Uhr.<\/em><\/p>\n<p><em>\u00a0<\/em><\/p>\n<p><em>\u00a0<\/em><\/p>\n<p><em>F\u00fcr einen beglaubigten Auszug<\/em><\/p>\n<p><em>\u00a0<\/em><\/p>\n<p><em>Der B\u00fcrgermeister,<\/em><\/p>\n<p><em>Claude FERCHAL<\/em><\/p>\n<p><em>\u00a0<\/em><\/p>\n<p><em>\u00a0[print-me target=\"article \"]<\/em><\/p>","protected":false},"excerpt":{"rendered":"<p>&nbsp; 21\/03\/2018 Protokoll der Sitzung des Gemeinderats Sitzung vom 16. Februar 2018 Im Jahr zweitausendachtundneunzig, am sechzehnten Februar um neunzehn Uhr, trat der ordnungsgem\u00e4\u00df einberufene Gemeinderat in \u00f6ffentlicher Sitzung unter dem Vorsitz von Herrn Claude FERCHAL, B\u00fcrgermeister, zusammen.   Anwesend waren: Die Herren Claude [...].<\/p>","protected":false},"author":1,"featured_media":0,"comment_status":"open","ping_status":"open","sticky":false,"template":"","format":"standard","meta":{"footnotes":""},"categories":[19,1],"tags":[],"class_list":["post-2398","post","type-post","status-publish","format-standard","hentry","category-affichage_municipal","category-non-classe"],"yoast_head":"<!-- This site is optimized with the Yoast SEO plugin v25.3 - https:\/\/yoast.com\/wordpress\/plugins\/seo\/ -->\n<title>Proc\u00e8s Verbal de la R\u00e9union du Conseil Municipal S\u00e9ance du 16 F\u00e9vrier 2018 - Mairie de Sainte-Marguerite Sur Mer<\/title>\n<meta name=\"robots\" content=\"index, follow, max-snippet:-1, max-image-preview:large, max-video-preview:-1\" \/>\n<link rel=\"canonical\" href=\"https:\/\/www.ste-marguerite-sur-mer.fr\/de\/pv-reunion-conseil-municipal-16-02-18\/\" \/>\n<meta property=\"og:locale\" content=\"de_DE\" \/>\n<meta property=\"og:type\" content=\"article\" \/>\n<meta property=\"og:title\" content=\"Proc\u00e8s Verbal de la R\u00e9union du Conseil Municipal S\u00e9ance du 16 F\u00e9vrier 2018 - Mairie de Sainte-Marguerite Sur Mer\" \/>\n<meta property=\"og:description\" content=\"&nbsp; 21\/03\/2018 Proc\u00e8s Verbal de la R\u00e9union du Conseil Municipal S\u00e9ance du 16 F\u00e9vrier 2018 L\u2019an deux mil DIX HUIT, le \u00a0seize du mois de FEVRIER, \u00e0 dix-neuf heures, le Conseil Municipal l\u00e9galement convoqu\u00e9 s\u2019est r\u00e9uni, en s\u00e9ance publique, sous la pr\u00e9sidence de Monsieur Claude FERCHAL, \u00a0Maire. \u00a0 Etaient pr\u00e9sents\u00a0: Messieurs Claude [&hellip;]\" \/>\n<meta property=\"og:url\" content=\"https:\/\/www.ste-marguerite-sur-mer.fr\/de\/pv-reunion-conseil-municipal-16-02-18\/\" \/>\n<meta property=\"og:site_name\" content=\"Mairie de Sainte-Marguerite Sur Mer\" \/>\n<meta property=\"article:published_time\" content=\"2018-02-16T13:03:55+00:00\" \/>\n<meta property=\"article:modified_time\" content=\"2018-06-04T11:08:23+00:00\" \/>\n<meta name=\"author\" content=\"SteMargueriteAdm018\" \/>\n<meta name=\"twitter:card\" content=\"summary_large_image\" \/>\n<meta name=\"twitter:label1\" content=\"Verfasst von\" \/>\n\t<meta name=\"twitter:data1\" content=\"SteMargueriteAdm018\" \/>\n\t<meta name=\"twitter:label2\" content=\"Gesch\u00e4tzte Lesezeit\" \/>\n\t<meta name=\"twitter:data2\" content=\"4\u00a0Minuten\" \/>\n<script type=\"application\/ld+json\" class=\"yoast-schema-graph\">{\"@context\":\"https:\/\/schema.org\",\"@graph\":[{\"@type\":\"WebPage\",\"@id\":\"https:\/\/www.ste-marguerite-sur-mer.fr\/pv-reunion-conseil-municipal-16-02-18\/\",\"url\":\"https:\/\/www.ste-marguerite-sur-mer.fr\/pv-reunion-conseil-municipal-16-02-18\/\",\"name\":\"Proc\u00e8s Verbal de la R\u00e9union du Conseil Municipal S\u00e9ance du 16 F\u00e9vrier 2018 - Mairie de Sainte-Marguerite Sur Mer\",\"isPartOf\":{\"@id\":\"https:\/\/www.ste-marguerite-sur-mer.fr\/#website\"},\"datePublished\":\"2018-02-16T13:03:55+00:00\",\"dateModified\":\"2018-06-04T11:08:23+00:00\",\"author\":{\"@id\":\"https:\/\/www.ste-marguerite-sur-mer.fr\/#\/schema\/person\/2064bbc0bd1a6ca7d3243771c0ccdc94\"},\"breadcrumb\":{\"@id\":\"https:\/\/www.ste-marguerite-sur-mer.fr\/pv-reunion-conseil-municipal-16-02-18\/#breadcrumb\"},\"inLanguage\":\"de\",\"potentialAction\":[{\"@type\":\"ReadAction\",\"target\":[\"https:\/\/www.ste-marguerite-sur-mer.fr\/pv-reunion-conseil-municipal-16-02-18\/\"]}]},{\"@type\":\"BreadcrumbList\",\"@id\":\"https:\/\/www.ste-marguerite-sur-mer.fr\/pv-reunion-conseil-municipal-16-02-18\/#breadcrumb\",\"itemListElement\":[{\"@type\":\"ListItem\",\"position\":1,\"name\":\"Accueil\",\"item\":\"https:\/\/www.ste-marguerite-sur-mer.fr\/\"},{\"@type\":\"ListItem\",\"position\":2,\"name\":\"Proc\u00e8s Verbal de la R\u00e9union du Conseil Municipal S\u00e9ance du 16 F\u00e9vrier 2018\"}]},{\"@type\":\"WebSite\",\"@id\":\"https:\/\/www.ste-marguerite-sur-mer.fr\/#website\",\"url\":\"https:\/\/www.ste-marguerite-sur-mer.fr\/\",\"name\":\"Mairie de Sainte-Marguerite Sur Mer\",\"description\":\"commune de normandie\",\"potentialAction\":[{\"@type\":\"SearchAction\",\"target\":{\"@type\":\"EntryPoint\",\"urlTemplate\":\"https:\/\/www.ste-marguerite-sur-mer.fr\/?s={search_term_string}\"},\"query-input\":{\"@type\":\"PropertyValueSpecification\",\"valueRequired\":true,\"valueName\":\"search_term_string\"}}],\"inLanguage\":\"de\"},{\"@type\":\"Person\",\"@id\":\"https:\/\/www.ste-marguerite-sur-mer.fr\/#\/schema\/person\/2064bbc0bd1a6ca7d3243771c0ccdc94\",\"name\":\"SteMargueriteAdm018\",\"image\":{\"@type\":\"ImageObject\",\"inLanguage\":\"de\",\"@id\":\"https:\/\/www.ste-marguerite-sur-mer.fr\/#\/schema\/person\/image\/\",\"url\":\"https:\/\/secure.gravatar.com\/avatar\/6fcc2f15419679d0130cb5d8281d232525e7e46448f5db9b20f0556bc7b61b99?s=96&d=mm&r=g\",\"contentUrl\":\"https:\/\/secure.gravatar.com\/avatar\/6fcc2f15419679d0130cb5d8281d232525e7e46448f5db9b20f0556bc7b61b99?s=96&d=mm&r=g\",\"caption\":\"SteMargueriteAdm018\"}}]}<\/script>\n<!-- \/ Yoast SEO plugin. -->","yoast_head_json":{"title":"Proc\u00e8s Verbal de la R\u00e9union du Conseil Municipal S\u00e9ance du 16 F\u00e9vrier 2018 - Mairie de Sainte-Marguerite Sur Mer","robots":{"index":"index","follow":"follow","max-snippet":"max-snippet:-1","max-image-preview":"max-image-preview:large","max-video-preview":"max-video-preview:-1"},"canonical":"https:\/\/www.ste-marguerite-sur-mer.fr\/de\/pv-reunion-conseil-municipal-16-02-18\/","og_locale":"de_DE","og_type":"article","og_title":"Proc\u00e8s Verbal de la R\u00e9union du Conseil Municipal S\u00e9ance du 16 F\u00e9vrier 2018 - Mairie de Sainte-Marguerite Sur Mer","og_description":"&nbsp; 21\/03\/2018 Proc\u00e8s Verbal de la R\u00e9union du Conseil Municipal S\u00e9ance du 16 F\u00e9vrier 2018 L\u2019an deux mil DIX HUIT, le \u00a0seize du mois de FEVRIER, \u00e0 dix-neuf heures, le Conseil Municipal l\u00e9galement convoqu\u00e9 s\u2019est r\u00e9uni, en s\u00e9ance publique, sous la pr\u00e9sidence de Monsieur Claude FERCHAL, \u00a0Maire. \u00a0 Etaient pr\u00e9sents\u00a0: Messieurs Claude [&hellip;]","og_url":"https:\/\/www.ste-marguerite-sur-mer.fr\/de\/pv-reunion-conseil-municipal-16-02-18\/","og_site_name":"Mairie de Sainte-Marguerite Sur Mer","article_published_time":"2018-02-16T13:03:55+00:00","article_modified_time":"2018-06-04T11:08:23+00:00","author":"SteMargueriteAdm018","twitter_card":"summary_large_image","twitter_misc":{"Verfasst von":"SteMargueriteAdm018","Gesch\u00e4tzte Lesezeit":"4\u00a0Minuten"},"schema":{"@context":"https:\/\/schema.org","@graph":[{"@type":"WebPage","@id":"https:\/\/www.ste-marguerite-sur-mer.fr\/pv-reunion-conseil-municipal-16-02-18\/","url":"https:\/\/www.ste-marguerite-sur-mer.fr\/pv-reunion-conseil-municipal-16-02-18\/","name":"Proc\u00e8s Verbal de la R\u00e9union du Conseil Municipal S\u00e9ance du 16 F\u00e9vrier 2018 - Mairie de Sainte-Marguerite Sur Mer","isPartOf":{"@id":"https:\/\/www.ste-marguerite-sur-mer.fr\/#website"},"datePublished":"2018-02-16T13:03:55+00:00","dateModified":"2018-06-04T11:08:23+00:00","author":{"@id":"https:\/\/www.ste-marguerite-sur-mer.fr\/#\/schema\/person\/2064bbc0bd1a6ca7d3243771c0ccdc94"},"breadcrumb":{"@id":"https:\/\/www.ste-marguerite-sur-mer.fr\/pv-reunion-conseil-municipal-16-02-18\/#breadcrumb"},"inLanguage":"de","potentialAction":[{"@type":"ReadAction","target":["https:\/\/www.ste-marguerite-sur-mer.fr\/pv-reunion-conseil-municipal-16-02-18\/"]}]},{"@type":"BreadcrumbList","@id":"https:\/\/www.ste-marguerite-sur-mer.fr\/pv-reunion-conseil-municipal-16-02-18\/#breadcrumb","itemListElement":[{"@type":"ListItem","position":1,"name":"Accueil","item":"https:\/\/www.ste-marguerite-sur-mer.fr\/"},{"@type":"ListItem","position":2,"name":"Proc\u00e8s Verbal de la R\u00e9union du Conseil Municipal S\u00e9ance du 16 F\u00e9vrier 2018"}]},{"@type":"WebSite","@id":"https:\/\/www.ste-marguerite-sur-mer.fr\/#website","url":"https:\/\/www.ste-marguerite-sur-mer.fr\/","name":"Mairie de Sainte-Marguerite Sur Mer","description":"commune de normandie","potentialAction":[{"@type":"SearchAction","target":{"@type":"EntryPoint","urlTemplate":"https:\/\/www.ste-marguerite-sur-mer.fr\/?s={search_term_string}"},"query-input":{"@type":"PropertyValueSpecification","valueRequired":true,"valueName":"search_term_string"}}],"inLanguage":"de"},{"@type":"Person","@id":"https:\/\/www.ste-marguerite-sur-mer.fr\/#\/schema\/person\/2064bbc0bd1a6ca7d3243771c0ccdc94","name":"SteMargueriteAdm018","image":{"@type":"ImageObject","inLanguage":"de","@id":"https:\/\/www.ste-marguerite-sur-mer.fr\/#\/schema\/person\/image\/","url":"https:\/\/secure.gravatar.com\/avatar\/6fcc2f15419679d0130cb5d8281d232525e7e46448f5db9b20f0556bc7b61b99?s=96&d=mm&r=g","contentUrl":"https:\/\/secure.gravatar.com\/avatar\/6fcc2f15419679d0130cb5d8281d232525e7e46448f5db9b20f0556bc7b61b99?s=96&d=mm&r=g","caption":"SteMargueriteAdm018"}}]}},"_links":{"self":[{"href":"https:\/\/www.ste-marguerite-sur-mer.fr\/de\/wp-json\/wp\/v2\/posts\/2398","targetHints":{"allow":["GET"]}}],"collection":[{"href":"https:\/\/www.ste-marguerite-sur-mer.fr\/de\/wp-json\/wp\/v2\/posts"}],"about":[{"href":"https:\/\/www.ste-marguerite-sur-mer.fr\/de\/wp-json\/wp\/v2\/types\/post"}],"author":[{"embeddable":true,"href":"https:\/\/www.ste-marguerite-sur-mer.fr\/de\/wp-json\/wp\/v2\/users\/1"}],"replies":[{"embeddable":true,"href":"https:\/\/www.ste-marguerite-sur-mer.fr\/de\/wp-json\/wp\/v2\/comments?post=2398"}],"version-history":[{"count":0,"href":"https:\/\/www.ste-marguerite-sur-mer.fr\/de\/wp-json\/wp\/v2\/posts\/2398\/revisions"}],"wp:attachment":[{"href":"https:\/\/www.ste-marguerite-sur-mer.fr\/de\/wp-json\/wp\/v2\/media?parent=2398"}],"wp:term":[{"taxonomy":"category","embeddable":true,"href":"https:\/\/www.ste-marguerite-sur-mer.fr\/de\/wp-json\/wp\/v2\/categories?post=2398"},{"taxonomy":"post_tag","embeddable":true,"href":"https:\/\/www.ste-marguerite-sur-mer.fr\/de\/wp-json\/wp\/v2\/tags?post=2398"}],"curies":[{"name":"wp","href":"https:\/\/api.w.org\/{rel}","templated":true}]}}