{"id":2416,"date":"2017-11-24T15:40:21","date_gmt":"2017-11-24T14:40:21","guid":{"rendered":"http:\/\/stemarguerite.hotel-webdesign.com\/?p=2416"},"modified":"2018-06-04T13:09:31","modified_gmt":"2018-06-04T11:09:31","slug":"pv-reunion-conseil-municipal-24-11-17","status":"publish","type":"post","link":"https:\/\/www.ste-marguerite-sur-mer.fr\/de\/pv-reunion-conseil-municipal-24-11-17\/","title":{"rendered":"Protokoll der Stadtratssitzung 24.11.17"},"content":{"rendered":"<div class=\"fusion-fullwidth fullwidth-box fusion-builder-row-1 nonhundred-percent-fullwidth non-hundred-percent-height-scrolling\" style=\"background-color: rgba(255,255,255,0);background-position: center center;background-repeat: no-repeat;padding-top:0px;padding-right:30px;padding-bottom:0px;padding-left:30px;margin-bottom: 0px;margin-top: 0px;border-width: 0px 0px 0px 0px;border-color:#e7e4e2;border-style:solid;\" ><div class=\"fusion-builder-row fusion-row\"><div class=\"fusion-layout-column fusion_builder_column fusion-builder-column-0 fusion_builder_column_1_1 1_1 fusion-one-full fusion-column-first fusion-column-last\" style=\"margin-top:0px;margin-bottom:0px;\"><div class=\"fusion-column-wrapper fusion-flex-column-wrapper-legacy\" style=\"background-position:left top;background-repeat:no-repeat;-webkit-background-size:cover;-moz-background-size:cover;-o-background-size:cover;background-size:cover;padding: 0px 0px 0px 0px;\"><div class=\"fusion-text fusion-text-1\"><p>11\/12\/2017<\/p>\n<p>Im Jahr zweitausendneunzehn, am vierundzwanzigsten November um neunzehn Uhr trat der ordnungsgem\u00e4\u00df einberufene Gemeinderat unter dem Vorsitz von Herrn Claude FERCHAL, B\u00fcrgermeister, zu einer \u00f6ffentlichen Sitzung zusammen.<\/p>\n<p>Anwesend waren: Herren Claude Ferchal, Philippe Lefebvre, Denis Grout, Jean Pierre Boittout, Jean-Pierre Joubert, Michel Lecat, David Petiton, Ludovic Patin<\/p>\n<p>Damen Colette Gouyer, Fran\u00e7oise Gambs<\/p>\n<p>Anwesend waren nicht anwesend : Frau Christelle Weber<\/p>\n<p>Herr Richard Dupont<\/p>\n<p>Herr Vincent Varin<\/p>\n<p>Herr Eric Lincot<\/p>\n<p>Frau Fran\u00e7oise Gambs wurde zur Sitzungssekret\u00e4rin gew\u00e4hlt.<\/p>\n<p>Datum der Einberufung: 17. November 2017 Datum der Bekanntmachung: 17. November 2017<\/p>\n<p>Tagesordnung :<\/p>\n<p>- Annahme des Protokolls der vorangegangenen Sitzung<\/p>\n<p>- Mitteilungen des B\u00fcrgermeisters<\/p>\n<p>- \u00c4nderung Kabine Startseite<\/p>\n<p>- \u00c4nderung Kabine Restauration<\/p>\n<p>- Netzausbau - \u00d6ffentliche Beleuchtung \"Rue aux Juifs\" (Stra\u00dfe der Juden)<\/p>\n<p>- Unterirdische Verlegung von Ger\u00e4ten f\u00fcr die elektronische Kommunikation in der Rue aux Juifs<\/p>\n<p>- \u00dcbernahme der Zust\u00e4ndigkeit f\u00fcr die Punkte 4\u00b0, 11\u00b0 und 12\u00b0 OUT OF GEMAPI - \u00c4nderung der Satzung von Dieppe-Maritime<\/p>\n<p>- Ratsentsch\u00e4digung f\u00fcr den Schatzmeister<\/p>\n<p>- \u00c4nderungsbeschluss Nr. 3<\/p>\n<p>Annahme des Protokolls der vorherigen Sitzung<\/p>\n<p>Das Protokoll der vorangegangenen Sitzung, das jedem Mitglied des Gemeinderats vorab \u00fcbermittelt wurde, wurde einstimmig angenommen, da es keine Anmerkungen gab.<\/p>\n<p>Mitteilungen des B\u00fcrgermeisters<\/p>\n<p>Termine zum Vormerken :<\/p>\n<p>N\u00e4chster Stadtrat: 15. Dezember 2017<br \/>\nKinderweihnacht: 10. Dezember 2017 um 16 Uhr - Saal des Treffpunkts<br \/>\nNeujahrsw\u00fcnsche des B\u00fcrgermeisters: 20. Januar 2018 um 17 Uhr - Salle du Point de Rencontre<\/p>\n<p>R\u00fccktritt :<\/p>\n<p>Der B\u00fcrgermeister teilte den Mitgliedern des Gemeinderats einen Brief von Frau Sandrine Caron, Gemeinder\u00e4tin, mit, in dem sie uns mitteilte, dass sie ihr Amt als Gemeinder\u00e4tin zum 31. Oktober 2017 beenden wird.<\/p>\n<p>Gem\u00e4\u00df Artikel L. 2121-4 des Code g\u00e9n\u00e9ral des Collectivit\u00e9s Territoriales leitete der B\u00fcrgermeister eine Kopie des Schreibens an den Unterpr\u00e4fekten von Dieppe weiter.<\/p>\n<p>Bericht \u00fcber das Treffen zum Projekt zur Aufwertung der St\u00e4tte des Leuchtturms von Ailly :<\/p>\n<p>Der B\u00fcrgermeister berichtet den Mitgliedern des Gemeinderats, dass am 16. November ein Treffen bei der Communaut\u00e9 d'Agglom\u00e9ration \"Dieppe-Maritime\" stattfand, bei dem Herr Patrick BOULIER, Pr\u00e4sident der Communaut\u00e9 d'Agglom\u00e9ration, Herr R\u00e9gis LEYMARIE und Frau Elise RENAULT vom Conservatoire du Littoral anwesend waren.<\/p>\n<p>Gegenstand dieses Treffens war das Projekt zur Aufwertung der St\u00e4tte des Leuchtturms von Ailly.<\/p>\n<p>Es fand ein reger Austausch statt:<\/p>\n<p>\u00fc Der Haupteingang des Leuchtturms wird in der N\u00e4he des Standorts der beiden alten Leuchtt\u00fcrme sein<\/p>\n<p>\u00fc Das Hauptgeb\u00e4ude des Leuchtturms: Aufwertung des Erdgeschosses: Kartenverkauf\/Shop, Bereich \"kleine Restauration\", Museumsbereich und Besichtigung des Leuchtturms<\/p>\n<p>\u00fc Das Hausmeisterhaus wird zu einer Wohnung f\u00fcr ein Hausmeisterehepaar umgebaut.<\/p>\n<p>\u00fc Die beiden Pavillons des alten Leuchtturms werden minimal restauriert und es muss eine Sicherung der B\u00fcnde durch eine Pflanzenfaszination oder\/und eine tempor\u00e4re Installation \u00fcber eine Ausschreibung f\u00fcr K\u00fcnstler in Betracht gezogen werden.<\/p>\n<p>\u00fc Nur der Zugang zum Leuchtturm w\u00fcrde kostenpflichtig sein, weder der Parkplatz noch die Naturlandschaft<\/p>\n<p>\u00fc Das Conservatoire du Littoral plant eine wichtige Ma\u00dfnahme zur Wiederherstellung der Heidelandschaft, durch die die Dienstbarkeit der Sicht auf den Leuchtturm wiederhergestellt wird. Diese f\u00fcr 2018 geplanten Arbeiten werden dem Leuchtturmgel\u00e4nde die Landschaft der 1950er Jahre verleihen.<\/p>\n<p>Angesichts zahlreicher regulatorischer Fragen (Klippenerosion, Architecte des B\u00e2timents de France etc.) wird das Conservatoire du Littoral im 1. Halbjahr 2018 ein dienststellen\u00fcbergreifendes Treffen des Staates unter der Leitung des Herrn Unterpr\u00e4fekten herbeif\u00fchren: DDTM, DREAL, ABF, DIRM etc.<\/p>\n<p>Es ist geplant, in der ersten H\u00e4lfte des Jahres 2018 einen sehr erweiterten Lenkungsausschuss einzuberufen, um die Wahl des gew\u00e4hlten Szenarios zu best\u00e4tigen.<\/p>\n<p>Abschied von Herrn Ludovic PATIN<\/p>\n<p>\u00c4nderung Kabine Startseite<\/p>\n<p>Der B\u00fcrgermeister erkl\u00e4rte der Versammlung, dass Frau Charlotte Wadoux die Empfangskabine mieten m\u00f6chte, um einen Feinkostladen zu betreiben.<\/p>\n<p>In diesem Lebensmittelgesch\u00e4ft wird sie regionale Produkte wie Cidre, Calvados, Pommeau, Cidre-Gelee, Apfelkaramell, Apfelsaft, normannische Kekse, B\u00fccher \u00fcber die Normandie und die Landung der Alliierten, Postkarten und kleine Souvenirs \u00fcber die Normandie anbieten, um Produkte anzubieten, die von den Touristen nachgefragt werden.<\/p>\n<p>Der B\u00fcrgermeister erkl\u00e4rte, dass die Kabine umgebaut werden m\u00fcsse, um eine \u00d6ffnung auf der \"Stra\u00dfenseite\" zu schaffen. Der B\u00fcrgermeister bat um einen Kostenvoranschlag f\u00fcr diese Arbeiten. Die Schreinerei HEBERT bietet einen Kostenvoranschlag in H\u00f6he von 1.287,13 \u20ac (ohne MwSt.) an.<\/p>\n<p>Der Gemeinderat, nach Anh\u00f6rung der Ausf\u00fchrungen des B\u00fcrgermeisters, nach Beratung und einstimmig :<\/p>\n<p>- NIMMT den Vorschlag des B\u00fcrgermeisters an<\/p>\n<p>- ANNEHMT den Kostenvoranschlag der Schreinerei HEBERT f\u00fcr einen Betrag von 1.287,13 \u20ac (ohne MwSt.)<\/p>\n<p>- ERTEILT dem B\u00fcrgermeister alle Vollmachten zur Unterzeichnung aller Dokumente, die mit dieser Angelegenheit in Zusammenhang stehen.<\/p>\n<p>\u00c4nderung Restaurantkabine<\/p>\n<p>Der B\u00fcrgermeister erkl\u00e4rt den Mitgliedern des Gemeinderats, dass die Essenskabine renoviert werden muss. Der Regen dringt durch die vorhandenen Fensterl\u00e4den auf der West- und Nordseite ein und diese m\u00fcssen entfernt und hermetisch verschlossen werden. Die Schreinerei HEBERT bietet einen Kostenvoranschlag in H\u00f6he von 1.119,00 \u20ac (ohne MwSt.) an.<\/p>\n<p>Der Gemeinderat, nach Anh\u00f6rung der Ausf\u00fchrungen des B\u00fcrgermeisters, nach Beratung und einstimmig :<\/p>\n<p>- NIMMT den Vorschlag des B\u00fcrgermeisters an<\/p>\n<p>- ANNEHMT den Kostenvoranschlag der Schreinerei HEBERT f\u00fcr einen Betrag von 1.119,00 \u20ac (ohne MwSt.)<\/p>\n<p>- BEST\u00c4TIGT den B\u00fcrgermeister, alle Dokumente zu unterzeichnen, die mit dieser Operation zusammenh\u00e4ngen<\/p>\n<p>Netzausbau und \u00f6ffentliche Beleuchtung \"Rue aux Juifs\".<\/p>\n<p>Der B\u00fcrgermeister stellt den Mitgliedern des Gemeinderats das vom SDE76 f\u00fcr den Fall \"Projet - Eff+EP-2015-0-76605-5739\" vorbereitete Projekt mit der Bezeichnung \"Rue aux Juifs (Version 1.2)\" vor, dessen voraussichtliche Kosten sich auf 95.040.00 \u20ac inkl. MwSt. belaufen und an dem sich die Gemeinde mit 33.694.50 \u20ac inkl. MwSt. beteiligen wird.<\/p>\n<p>Der Gemeinderat, nach Beratung und einstimmig :<\/p>\n<p>- NIMMT den oben genannten Entwurf an<\/p>\n<p>- Setzt die Investitionsausgaben in H\u00f6he von 33.694,50 \u20ac (inkl. MwSt.) in den Prim\u00e4rhaushalt des Jahres 2018 ein.<\/p>\n<p>- FORDERT das SDE76 auf, diese Arbeiten f\u00fcr 2018 zu planen<\/p>\n<p>- ERM\u00c4CHTIGT den B\u00fcrgermeister, alle mit diesem Projekt zusammenh\u00e4ngenden Rechtsakte zu unterzeichnen, insbesondere das entsprechende \u00dcbereinkommen, das zu einem sp\u00e4teren Zeitpunkt abgeschlossen wird.<\/p>\n<p>Unterirdische Verlegung von Ger\u00e4ten f\u00fcr die elektronische Kommunikation<\/p>\n<p>Der B\u00fcrgermeister erkl\u00e4rt den Mitgliedern des Gemeinderats, dass im Rahmen der vom SDE76 vorgeschlagenen Ma\u00dfnahme zur Verdeckung der Netzwerke in der \"Rue aux Juifs\" die Kommunikationsger\u00e4te vollst\u00e4ndig von ORANGE-St\u00fctzen getragen werden. Da die durchzuf\u00fchrenden Arbeiten in einem anderen Interesse als dem des besetzten Bereichs liegen, erkl\u00e4rt sich ORANGE bereit, die Verlegung seiner Arterie auf Kosten der Gemeinde Sainte Marguerite Sur Mer vorzunehmen. ORANGE schl\u00e4gt eine Vereinbarung vor, in der die technischen, administrativen und finanziellen Modalit\u00e4ten f\u00fcr die Durchf\u00fchrung der genannten Arbeiten festgelegt werden sollen. Der Betrag der Arbeiten bel\u00e4uft sich auf 7.611,00 \u20ac.<\/p>\n<p>Der Gemeinderat, nach Beratung, einstimmig :<\/p>\n<p>- NIMMT den Vorschlag des B\u00fcrgermeisters an<\/p>\n<p>- ANNEHMT den Kostenvoranschlag in H\u00f6he von 7.611,00 \u20ac.<\/p>\n<p>- ERTEILT dem B\u00fcrgermeister alle Vollmachten zur Unterzeichnung aller Dokumente, die mit dieser Angelegenheit in Zusammenhang stehen.<\/p>\n<p>Verabschiedung von Herrn David PETITON<\/p>\n<p>\u00dcbernahme der Zust\u00e4ndigkeiten f\u00fcr die Punkte 4\u00b0, 11\u00b0 und 12\u00b0 au\u00dferhalb des GEMAPI - \u00c4nderung der Satzung von DIEPPE-MARITIME<\/p>\n<p>Gem\u00e4\u00df Artikel L.5216-5 des Code g\u00e9n\u00e9ral des collectivit\u00e9s territoriales ist die Communaut\u00e9 d'Agglom\u00e9ration de la R\u00e9gion Dieppoise ab dem 1. Januar 2018 anstelle ihrer Mitgliedsgemeinden f\u00fcr die Aus\u00fcbung der GEMAPI-Kompetenz zust\u00e4ndig, die in Artikel L.211-7 des Umweltgesetzbuches festgelegt ist und den Punkten 1\u00b0, 2\u00b0, 5\u00b0 und 8\u00b0 des genannten Artikels entspricht:<\/p>\n<p>1\u00b0 Die Planung eines Wassereinzugsgebiets oder eines Teils eines Wassereinzugsgebiets ;<br \/>\n2\u00b0 Instandhaltung und Ausbau von Wasserl\u00e4ufen, Kan\u00e4len, Seen oder Wasserfl\u00e4chen, einschlie\u00dflich der Zug\u00e4nge zu diesen Wasserl\u00e4ufen, Kan\u00e4len, Seen oder Wasserfl\u00e4chen ;<br \/>\n5\u00b0 Die Verteidigung gegen \u00dcberschwemmungen und gegen das Meer ;<br \/>\n8\u00b0 Schutz und Wiederherstellung von Standorten, aquatischen \u00d6kosystemen und Feuchtgebieten sowie von bewaldeten Uferformationen ;<br \/>\nAus Gr\u00fcnden der administrativen und hydraulischen Koh\u00e4renz m\u00f6chte sich Dieppe-Maritime f\u00fcr die Aus\u00fcbung der Aufgaben 4\u00b0,11\u00b0 und 12\u00b0 des Artikels L.211-7 des Umweltgesetzbuches, der sogenannten HORS GEMAPI-Kompetenzen, f\u00fcr zust\u00e4ndig erkl\u00e4ren:<\/p>\n<p>4\u00b0 Beherrschung des Regenwassers und des Abflusses oder Bek\u00e4mpfung der Bodenerosion ;<br \/>\n11\u00b0 Die Einrichtung und der Betrieb von Ger\u00e4ten zur \u00dcberwachung der Wasserressourcen und der aquatischen Umwelt ;<br \/>\n12\u00b0 Moderation und Abstimmung im Bereich der Bewirtschaftung und des Schutzes der Wasserressourcen und der aquatischen Umwelt in einem Teileinzugsgebiet oder einer Gruppe von Teileinzugsgebieten oder in einem Grundwassersystem, das einer hydrografischen Einheit entspricht ;<\/p>\n<p>Gem\u00e4\u00df Artikel L.5211-17 werden nicht gesetzlich vorgesehene Kompetenz\u00fcbertragungen durch \u00fcbereinstimmende Beschl\u00fcsse des beschlussfassenden Organs und der Gemeinder\u00e4te, die sich unter den Bedingungen der f\u00fcr die Gr\u00fcndung der \u00f6ffentlichen Einrichtung f\u00fcr interkommunale Zusammenarbeit erforderlichen Mehrheit entscheiden, beschlossen. Der Gemeinderat jeder Mitgliedsgemeinde verf\u00fcgt \u00fcber eine Frist von drei Monaten ab dem Zeitpunkt, an dem dem B\u00fcrgermeister der Gemeinde der Beschluss des beschlussfassenden Organs der \u00f6ffentlichen Einrichtung f\u00fcr interkommunale Zusammenarbeit mitgeteilt wurde, um sich zu den vorgeschlagenen \u00dcbertragungen zu \u00e4u\u00dfern. Erfolgt innerhalb dieser Frist kein Beschluss, so gilt seine Entscheidung als positiv.<\/p>\n<p>Aus diesen Gr\u00fcnden,<\/p>\n<p>Der Gemeinderat,<\/p>\n<p>GEST\u00dcTZT auf das Allgemeine Gesetzbuch der Gebietsk\u00f6rperschaften,<\/p>\n<p>GEST\u00dcTZT auf das Umweltgesetzbuch,<\/p>\n<p>GEST\u00dcTZT auf das Gesetz Nr. 2015-991 vom 7. August 2015 \u00fcber die neue territoriale Organisation der Republik, das sogenannte NOTRe-Gesetz,<\/p>\n<p>GEST\u00dcTZT auf die Satzung der Communaut\u00e9 d'Agglom\u00e9ration de la R\u00e9gion Dieppoise,<\/p>\n<p>- BILLIGT die \u00c4nderung der Satzung der Communaut\u00e9 d'Agglom\u00e9ration de la R\u00e9gion Dieppoise durch Hinzuf\u00fcgung einer neuen fakultativen Kompetenz :<\/p>\n<p>4\u00b0) Items 4\u00b0,11\u00b0 und 12\u00b0 des Artikels L.211-7 des Umweltgesetzbuchs n\u00e4mlich :<\/p>\n<p>4\u00b0 Beherrschung des Regenwassers und des Abflusses oder Bek\u00e4mpfung der Bodenerosion ;<\/p>\n<p>11\u00b0 Die Einrichtung und der Betrieb von Ger\u00e4ten zur \u00dcberwachung der Wasserressourcen und der aquatischen Umwelt ;<\/p>\n<p>12\u00b0 Moderation und Abstimmung im Bereich der Bewirtschaftung und des Schutzes der Wasserressourcen und der aquatischen Umwelt in einem Teileinzugsgebiet oder einer Gruppe von Teileinzugsgebieten oder in einem Grundwassersystem, das einer hydrografischen Einheit entspricht.<\/p>\n<p>- PRECISE dass diese \u00dcbernahme der Zust\u00e4ndigkeit durch die Communaut\u00e9 d'Agglom\u00e9ration de la R\u00e9gion Dieppoise am 1. Januar 2018 wirksam wird, sobald die Bedingungen von Artikel L.5211-17 des Code g\u00e9n\u00e9ral des collectivit\u00e9s territoriales (Allgemeines Gesetzbuch der Gebietsk\u00f6rperschaften) erf\u00fcllt sind.<\/p>\n<p>Ratsentsch\u00e4digung f\u00fcr den Schatzmeister<\/p>\n<p>GEST\u00dcTZT auf Artikel 97 der Loi n\u00b0 82-213 du 2 mars 1982 modifi\u00e9e relative aux droits et libert\u00e9s des communes, des d\u00e9partements et des r\u00e9gions (Gesetz Nr. 82-213 vom 2. M\u00e4rz 1982 in der ge\u00e4nderten Fassung \u00fcber die Rechte und Freiheiten der Gemeinden, der Departements und der Regionen),<\/p>\n<p>GEST\u00dcTZT auf das Dekret Nr. 82-979 vom 19. November 1982 zur Festlegung der Bedingungen f\u00fcr die Gew\u00e4hrung von Entsch\u00e4digungen durch Gebietsk\u00f6rperschaften und ihre \u00f6ffentlichen Einrichtungen an Mitarbeiter externer staatlicher Dienste,<\/p>\n<p>GEST\u00dcTZT auf den interministeriellen Erlass vom 16. November 1983 \u00fcber die Bedingungen f\u00fcr die Gew\u00e4hrung der Beratungsentsch\u00e4digung an nicht zentralisierte Buchhalter des Schatzamtes, die als Empf\u00e4nger der Gemeinden und lokalen \u00f6ffentlichen Einrichtungen fungieren,<\/p>\n<p>Der Gemeinderat, nach Beratung, einstimmig :<\/p>\n<p>- BESCHLIESST, dem \u00f6ffentlichen Buchhalter von Dieppe Municipale, Frau Edith LORIO, eine Beratungsentsch\u00e4digung in H\u00f6he von 374,48 \u20ac brutto f\u00fcr das Jahr 2017 zu gew\u00e4hren.<\/p>\n<p>\u00c4nderungsbeschluss Nr. 3<\/p>\n<p>Der B\u00fcrgermeister erkl\u00e4rt den Mitgliedern des Gemeinderats, dass die Mittel, die in einigen Konten des Haushaltsplans f\u00fcr das Haushaltsjahr 2017 vorgesehen sind, nicht ausreichen und daher eine Mittelverschiebung vorgenommen werden muss:<\/p>\n<p>Der Gemeinderat, nach Anh\u00f6rung der Ausf\u00fchrungen des B\u00fcrgermeisters, nach Beratung und einstimmig :<\/p>\n<p>- BESCHLIESST die folgende Haushalts\u00e4nderung :<\/p>\n<p>\u00d8 D - Konto 020 - Unvorhergesehene Ausgaben - 2 997.00<br \/>\n\u00d8 R - Konto 28031 - Abschreibung - Studienkosten + 3.00<br \/>\n\u00d8 R - Konto 10222 - FCTVA - 3.00<br \/>\n\u00d8 D - Konto 2158 - Andere Anlagen, Material und Werkzeuge + 1 000.00<br \/>\n\u00d8 D - Konto 2188 - Sonstige Sachanlagen + 1 997.00<\/p>\n<p>\u00d8 D - Konto 022 - Unvorhergesehene Ausgaben - - 3.00<br \/>\n\u00d8 D - Konto 6811 - Abschreibungen + 3.00<\/p>\n<p>Nachdem die Tagesordnung ersch\u00f6pft war, dankte der B\u00fcrgermeister allen anwesenden Mitgliedern und schloss die Sitzung um 20.45 Uhr.<\/p>\n<p>[print-me target=\"article \"]<\/p>\n<\/div><div class=\"fusion-clearfix\"><\/div><\/div><\/div><\/div><\/div>","protected":false},"excerpt":{"rendered":"","protected":false},"author":1,"featured_media":0,"comment_status":"closed","ping_status":"closed","sticky":false,"template":"","format":"standard","meta":{"footnotes":""},"categories":[19,1],"tags":[],"class_list":["post-2416","post","type-post","status-publish","format-standard","hentry","category-affichage_municipal","category-non-classe"],"yoast_head":"<!-- This site is optimized with the Yoast SEO plugin v25.3 - https:\/\/yoast.com\/wordpress\/plugins\/seo\/ -->\n<title>PV reunion conseil municipal 24.11.17 - Mairie de Sainte-Marguerite Sur Mer<\/title>\n<meta name=\"robots\" content=\"index, follow, max-snippet:-1, max-image-preview:large, max-video-preview:-1\" \/>\n<link rel=\"canonical\" href=\"https:\/\/www.ste-marguerite-sur-mer.fr\/de\/pv-reunion-conseil-municipal-24-11-17\/\" \/>\n<meta property=\"og:locale\" content=\"de_DE\" \/>\n<meta property=\"og:type\" content=\"article\" \/>\n<meta property=\"og:title\" content=\"PV reunion conseil municipal 24.11.17 - Mairie de Sainte-Marguerite Sur Mer\" \/>\n<meta property=\"og:url\" content=\"https:\/\/www.ste-marguerite-sur-mer.fr\/de\/pv-reunion-conseil-municipal-24-11-17\/\" \/>\n<meta property=\"og:site_name\" content=\"Mairie de Sainte-Marguerite Sur Mer\" \/>\n<meta property=\"article:published_time\" content=\"2017-11-24T14:40:21+00:00\" \/>\n<meta property=\"article:modified_time\" content=\"2018-06-04T11:09:31+00:00\" \/>\n<meta name=\"author\" content=\"SteMargueriteAdm018\" \/>\n<meta name=\"twitter:card\" content=\"summary_large_image\" \/>\n<meta name=\"twitter:label1\" content=\"Verfasst von\" \/>\n\t<meta name=\"twitter:data1\" content=\"SteMargueriteAdm018\" \/>\n\t<meta name=\"twitter:label2\" content=\"Gesch\u00e4tzte Lesezeit\" \/>\n\t<meta name=\"twitter:data2\" content=\"11\u00a0Minuten\" \/>\n<script type=\"application\/ld+json\" class=\"yoast-schema-graph\">{\"@context\":\"https:\/\/schema.org\",\"@graph\":[{\"@type\":\"WebPage\",\"@id\":\"https:\/\/www.ste-marguerite-sur-mer.fr\/pv-reunion-conseil-municipal-24-11-17\/\",\"url\":\"https:\/\/www.ste-marguerite-sur-mer.fr\/pv-reunion-conseil-municipal-24-11-17\/\",\"name\":\"PV reunion conseil municipal 24.11.17 - Mairie de Sainte-Marguerite Sur Mer\",\"isPartOf\":{\"@id\":\"https:\/\/www.ste-marguerite-sur-mer.fr\/#website\"},\"datePublished\":\"2017-11-24T14:40:21+00:00\",\"dateModified\":\"2018-06-04T11:09:31+00:00\",\"author\":{\"@id\":\"https:\/\/www.ste-marguerite-sur-mer.fr\/#\/schema\/person\/2064bbc0bd1a6ca7d3243771c0ccdc94\"},\"breadcrumb\":{\"@id\":\"https:\/\/www.ste-marguerite-sur-mer.fr\/pv-reunion-conseil-municipal-24-11-17\/#breadcrumb\"},\"inLanguage\":\"de\",\"potentialAction\":[{\"@type\":\"ReadAction\",\"target\":[\"https:\/\/www.ste-marguerite-sur-mer.fr\/pv-reunion-conseil-municipal-24-11-17\/\"]}]},{\"@type\":\"BreadcrumbList\",\"@id\":\"https:\/\/www.ste-marguerite-sur-mer.fr\/pv-reunion-conseil-municipal-24-11-17\/#breadcrumb\",\"itemListElement\":[{\"@type\":\"ListItem\",\"position\":1,\"name\":\"Accueil\",\"item\":\"https:\/\/www.ste-marguerite-sur-mer.fr\/\"},{\"@type\":\"ListItem\",\"position\":2,\"name\":\"PV reunion conseil municipal 24.11.17\"}]},{\"@type\":\"WebSite\",\"@id\":\"https:\/\/www.ste-marguerite-sur-mer.fr\/#website\",\"url\":\"https:\/\/www.ste-marguerite-sur-mer.fr\/\",\"name\":\"Mairie de Sainte-Marguerite Sur Mer\",\"description\":\"commune de normandie\",\"potentialAction\":[{\"@type\":\"SearchAction\",\"target\":{\"@type\":\"EntryPoint\",\"urlTemplate\":\"https:\/\/www.ste-marguerite-sur-mer.fr\/?s={search_term_string}\"},\"query-input\":{\"@type\":\"PropertyValueSpecification\",\"valueRequired\":true,\"valueName\":\"search_term_string\"}}],\"inLanguage\":\"de\"},{\"@type\":\"Person\",\"@id\":\"https:\/\/www.ste-marguerite-sur-mer.fr\/#\/schema\/person\/2064bbc0bd1a6ca7d3243771c0ccdc94\",\"name\":\"SteMargueriteAdm018\",\"image\":{\"@type\":\"ImageObject\",\"inLanguage\":\"de\",\"@id\":\"https:\/\/www.ste-marguerite-sur-mer.fr\/#\/schema\/person\/image\/\",\"url\":\"https:\/\/secure.gravatar.com\/avatar\/6fcc2f15419679d0130cb5d8281d232525e7e46448f5db9b20f0556bc7b61b99?s=96&d=mm&r=g\",\"contentUrl\":\"https:\/\/secure.gravatar.com\/avatar\/6fcc2f15419679d0130cb5d8281d232525e7e46448f5db9b20f0556bc7b61b99?s=96&d=mm&r=g\",\"caption\":\"SteMargueriteAdm018\"}}]}<\/script>\n<!-- \/ Yoast SEO plugin. -->","yoast_head_json":{"title":"PV reunion conseil municipal 24.11.17 - Mairie de Sainte-Marguerite Sur Mer","robots":{"index":"index","follow":"follow","max-snippet":"max-snippet:-1","max-image-preview":"max-image-preview:large","max-video-preview":"max-video-preview:-1"},"canonical":"https:\/\/www.ste-marguerite-sur-mer.fr\/de\/pv-reunion-conseil-municipal-24-11-17\/","og_locale":"de_DE","og_type":"article","og_title":"PV reunion conseil municipal 24.11.17 - Mairie de Sainte-Marguerite Sur Mer","og_url":"https:\/\/www.ste-marguerite-sur-mer.fr\/de\/pv-reunion-conseil-municipal-24-11-17\/","og_site_name":"Mairie de Sainte-Marguerite Sur Mer","article_published_time":"2017-11-24T14:40:21+00:00","article_modified_time":"2018-06-04T11:09:31+00:00","author":"SteMargueriteAdm018","twitter_card":"summary_large_image","twitter_misc":{"Verfasst von":"SteMargueriteAdm018","Gesch\u00e4tzte Lesezeit":"11\u00a0Minuten"},"schema":{"@context":"https:\/\/schema.org","@graph":[{"@type":"WebPage","@id":"https:\/\/www.ste-marguerite-sur-mer.fr\/pv-reunion-conseil-municipal-24-11-17\/","url":"https:\/\/www.ste-marguerite-sur-mer.fr\/pv-reunion-conseil-municipal-24-11-17\/","name":"PV reunion conseil municipal 24.11.17 - Mairie de Sainte-Marguerite Sur Mer","isPartOf":{"@id":"https:\/\/www.ste-marguerite-sur-mer.fr\/#website"},"datePublished":"2017-11-24T14:40:21+00:00","dateModified":"2018-06-04T11:09:31+00:00","author":{"@id":"https:\/\/www.ste-marguerite-sur-mer.fr\/#\/schema\/person\/2064bbc0bd1a6ca7d3243771c0ccdc94"},"breadcrumb":{"@id":"https:\/\/www.ste-marguerite-sur-mer.fr\/pv-reunion-conseil-municipal-24-11-17\/#breadcrumb"},"inLanguage":"de","potentialAction":[{"@type":"ReadAction","target":["https:\/\/www.ste-marguerite-sur-mer.fr\/pv-reunion-conseil-municipal-24-11-17\/"]}]},{"@type":"BreadcrumbList","@id":"https:\/\/www.ste-marguerite-sur-mer.fr\/pv-reunion-conseil-municipal-24-11-17\/#breadcrumb","itemListElement":[{"@type":"ListItem","position":1,"name":"Accueil","item":"https:\/\/www.ste-marguerite-sur-mer.fr\/"},{"@type":"ListItem","position":2,"name":"PV reunion conseil municipal 24.11.17"}]},{"@type":"WebSite","@id":"https:\/\/www.ste-marguerite-sur-mer.fr\/#website","url":"https:\/\/www.ste-marguerite-sur-mer.fr\/","name":"Mairie de Sainte-Marguerite Sur Mer","description":"commune de normandie","potentialAction":[{"@type":"SearchAction","target":{"@type":"EntryPoint","urlTemplate":"https:\/\/www.ste-marguerite-sur-mer.fr\/?s={search_term_string}"},"query-input":{"@type":"PropertyValueSpecification","valueRequired":true,"valueName":"search_term_string"}}],"inLanguage":"de"},{"@type":"Person","@id":"https:\/\/www.ste-marguerite-sur-mer.fr\/#\/schema\/person\/2064bbc0bd1a6ca7d3243771c0ccdc94","name":"SteMargueriteAdm018","image":{"@type":"ImageObject","inLanguage":"de","@id":"https:\/\/www.ste-marguerite-sur-mer.fr\/#\/schema\/person\/image\/","url":"https:\/\/secure.gravatar.com\/avatar\/6fcc2f15419679d0130cb5d8281d232525e7e46448f5db9b20f0556bc7b61b99?s=96&d=mm&r=g","contentUrl":"https:\/\/secure.gravatar.com\/avatar\/6fcc2f15419679d0130cb5d8281d232525e7e46448f5db9b20f0556bc7b61b99?s=96&d=mm&r=g","caption":"SteMargueriteAdm018"}}]}},"_links":{"self":[{"href":"https:\/\/www.ste-marguerite-sur-mer.fr\/de\/wp-json\/wp\/v2\/posts\/2416","targetHints":{"allow":["GET"]}}],"collection":[{"href":"https:\/\/www.ste-marguerite-sur-mer.fr\/de\/wp-json\/wp\/v2\/posts"}],"about":[{"href":"https:\/\/www.ste-marguerite-sur-mer.fr\/de\/wp-json\/wp\/v2\/types\/post"}],"author":[{"embeddable":true,"href":"https:\/\/www.ste-marguerite-sur-mer.fr\/de\/wp-json\/wp\/v2\/users\/1"}],"replies":[{"embeddable":true,"href":"https:\/\/www.ste-marguerite-sur-mer.fr\/de\/wp-json\/wp\/v2\/comments?post=2416"}],"version-history":[{"count":0,"href":"https:\/\/www.ste-marguerite-sur-mer.fr\/de\/wp-json\/wp\/v2\/posts\/2416\/revisions"}],"wp:attachment":[{"href":"https:\/\/www.ste-marguerite-sur-mer.fr\/de\/wp-json\/wp\/v2\/media?parent=2416"}],"wp:term":[{"taxonomy":"category","embeddable":true,"href":"https:\/\/www.ste-marguerite-sur-mer.fr\/de\/wp-json\/wp\/v2\/categories?post=2416"},{"taxonomy":"post_tag","embeddable":true,"href":"https:\/\/www.ste-marguerite-sur-mer.fr\/de\/wp-json\/wp\/v2\/tags?post=2416"}],"curies":[{"name":"wp","href":"https:\/\/api.w.org\/{rel}","templated":true}]}}