{"id":2421,"date":"2017-10-20T16:07:07","date_gmt":"2017-10-20T14:07:07","guid":{"rendered":"http:\/\/stemarguerite.hotel-webdesign.com\/?p=2421"},"modified":"2018-06-04T13:10:50","modified_gmt":"2018-06-04T11:10:50","slug":"proces-verbal-de-la-reunion-du-conseil-municipal-seance-du-20-octobre-2017","status":"publish","type":"post","link":"https:\/\/www.ste-marguerite-sur-mer.fr\/de\/proces-verbal-de-la-reunion-du-conseil-municipal-seance-du-20-octobre-2017\/","title":{"rendered":"Protokoll der Sitzung des Gemeinderats Sitzung vom 20. Oktober 2017"},"content":{"rendered":"<p><b>20\/11\/2017<\/b><\/p>\n<p><em>Im Jahr zweitausendneunzehn, am zwanzigsten des Monats OKTOBER, um neunzehn Uhr trat der ordnungsgem\u00e4\u00df einberufene Gemeinderat unter dem Vorsitz von Herrn Claude FERCHAL, B\u00fcrgermeister, zu einer \u00f6ffentlichen Sitzung zusammen.<\/em><\/p>\n<p><em>\u00a0<\/em><\/p>\n<p><em>Anwesend waren: Herren Claude Ferchal, Philippe Lefebvre, Denis Grout, Jean Pierre Boittout, Jean-Pierre Joubert, Michel Lecat<\/em><\/p>\n<p><em>\u00a0Damen Colette Gouyer, Sandrine Caron, Fran\u00e7oise Gambs<\/em><\/p>\n<p><em>\u00a0<\/em><\/p>\n<p><em>Anwesend waren nicht anwesend : Frau Christelle Weber<\/em><\/p>\n<p><em>\u00a0\u00a0\u00a0\u00a0\u00a0\u00a0\u00a0\u00a0\u00a0\u00a0\u00a0\u00a0\u00a0\u00a0\u00a0\u00a0\u00a0\u00a0\u00a0\u00a0\u00a0\u00a0 \u00a0\u00a0\u00a0 Herr David Petiton (Vollmacht f\u00fcr Herrn Grout)<\/em><\/p>\n<p><em>\u00a0\u00a0\u00a0\u00a0\u00a0\u00a0\u00a0\u00a0\u00a0\u00a0\u00a0\u00a0\u00a0\u00a0\u00a0\u00a0\u00a0\u00a0\u00a0\u00a0\u00a0\u00a0 \u00a0\u00a0\u00a0 Herr Richard Dupont (Vollmacht f\u00fcr Frau Gouyer)<\/em><\/p>\n<p><em>\u00a0\u00a0\u00a0\u00a0\u00a0\u00a0\u00a0\u00a0\u00a0\u00a0\u00a0\u00a0\u00a0\u00a0\u00a0\u00a0\u00a0\u00a0\u00a0\u00a0\u00a0\u00a0 \u00a0\u00a0\u00a0 Herr Vincent Varin<\/em><\/p>\n<p><em>\u00a0\u00a0\u00a0\u00a0\u00a0\u00a0\u00a0\u00a0\u00a0\u00a0\u00a0\u00a0\u00a0\u00a0\u00a0\u00a0\u00a0\u00a0\u00a0\u00a0\u00a0\u00a0 \u00a0\u00a0\u00a0 Herr Ludovic Patin<\/em><\/p>\n<p><em>\u00a0\u00a0\u00a0\u00a0\u00a0\u00a0\u00a0\u00a0\u00a0\u00a0\u00a0\u00a0\u00a0\u00a0\u00a0\u00a0\u00a0\u00a0\u00a0\u00a0\u00a0\u00a0 \u00a0\u00a0\u00a0 Herr Eric Lincot<\/em><\/p>\n<p><em>\u00a0\u00a0\u00a0\u00a0\u00a0\u00a0\u00a0\u00a0\u00a0\u00a0\u00a0\u00a0\u00a0\u00a0\u00a0\u00a0\u00a0\u00a0\u00a0\u00a0\u00a0\u00a0 \u00a0\u00a0<\/em><\/p>\n<p><em>\u00a0<\/em><\/p>\n<p><em>Frau Sandrine Caron wurde zur Sitzungssekret\u00e4rin gew\u00e4hlt.<\/em><\/p>\n<p><em>\u00a0<\/em><\/p>\n<p><em>\u00a0<\/em><\/p>\n<p><em>Datum der Einberufung: 12. Oktober 2017 Datum der Bekanntmachung: 12. Oktober 2017<\/em><\/p>\n<p><em>\u00a0<\/em><\/p>\n<p align=\"center\"><strong><em>Tagesordnung :<\/em><\/strong><\/p>\n<p><em>\u00a0<\/em><\/p>\n<p><em>\u00a0<\/em><\/p>\n<p>&#8211;\u00a0\u00a0\u00a0\u00a0\u00a0\u00a0\u00a0<em>Annahme des Protokolls der vorangegangenen Sitzung<\/em><\/p>\n<p>&#8211;\u00a0\u00a0\u00a0\u00a0\u00a0\u00a0\u00a0<em>Mitteilungen des B\u00fcrgermeisters<\/em><\/p>\n<p>&#8211;\u00a0\u00a0\u00a0\u00a0\u00a0\u00a0\u00a0<em>Festsetzung des lokalen Stadtentwicklungsplans (PLU)<\/em><\/p>\n<p>&#8211;\u00a0\u00a0\u00a0\u00a0\u00a0\u00a0\u00a0<em>Schaffung von 2 Reserven f\u00fcr die Brandbek\u00e4mpfung<\/em><\/p>\n<p>&#8211;\u00a0\u00a0\u00a0\u00a0\u00a0\u00a0\u00a0<em>Instandsetzung der Stra\u00dfe \"Rue aux Juifs\" (Judengasse)<\/em><\/p>\n<p>&#8211;\u00a0\u00a0\u00a0\u00a0\u00a0\u00a0\u00a0<em>Schreinerei Ecole Maternelle<\/em><\/p>\n<p>&#8211;\u00a0\u00a0\u00a0\u00a0\u00a0\u00a0\u00a0<em>Erweiterung des Strandes: Einrichtung neuer Kabinen<\/em><\/p>\n<p>&#8211;\u00a0\u00a0\u00a0\u00a0\u00a0\u00a0\u00a0<em>Weihnachtspakete<\/em><\/p>\n<p>&#8211;\u00a0\u00a0\u00a0\u00a0\u00a0\u00a0\u00a0<em>Weihnachtskonzert<\/em><\/p>\n<p>&#8211;\u00a0\u00a0\u00a0\u00a0\u00a0\u00a0\u00a0<em>Don<\/em><\/p>\n<p><em>\u00a0<\/em><\/p>\n<p><strong><em>\u00a0<\/em><\/strong><\/p>\n<p><strong><em>Annahme des Protokolls der vorherigen Sitzung<\/em><\/strong><\/p>\n<p><em>\u00a0<\/em><\/p>\n<p><em>Das Protokoll der vorangegangenen Sitzung, das jedem Mitglied des Gemeinderats vorab \u00fcbermittelt wurde, wurde einstimmig angenommen, da es keine Anmerkungen gab.<\/em><\/p>\n<p><em>\u00a0<\/em><\/p>\n<p><strong><em>Mitteilungen des B\u00fcrgermeisters<\/em><\/strong><\/p>\n<p><em>\u00a0<\/em><\/p>\n<ul>\n<li><strong><em>Termine zum Vormerken :<\/em><\/strong><\/li>\n<\/ul>\n<p><em>\u00a0<\/em><\/p>\n<ol start=\"1\">\n<li><strong><em>N\u00e4chste Gemeinder\u00e4te\u00a0<\/em><\/strong><em>: am 24. November 2017<\/em><\/li>\n<\/ol>\n<p><strong><em>\u00a0<\/em><\/strong><\/p>\n<p><strong><em>\u00a0<\/em><\/strong><\/p>\n<ul>\n<li><strong><em>Theater :<\/em><\/strong><\/li>\n<\/ul>\n<p><em>\u00a0<\/em><\/p>\n<p><em>Der B\u00fcrgermeister teilt den Mitgliedern des Gemeinderats mit, dass am Sonntag, den 19. November 2017, eine Theaterauff\u00fchrung im Saal des Treffpunkts organisiert wird. Das St\u00fcck, das aufgef\u00fchrt werden soll, tr\u00e4gt den Titel \"Mein K\u00fchlraum\" von Jo\u00ebl Pommerat, Regie: Jean-Fran\u00e7ois Levistre. Ein Flyer soll in den Briefk\u00e4sten der Gemeinde verteilt werden.<\/em><\/p>\n<p><strong><em>\u00a0\u00a0\u00a0\u00a0\u00a0\u00a0\u00a0\u00a0\u00a0<\/em><\/strong><\/p>\n<ul>\n<li><strong><em>Association pour le Sauvetage de l'Eglise de Sainte Marguerite (Verein zur Rettung der Kirche von Sainte Marguerite) :<\/em><\/strong><\/li>\n<\/ul>\n<p><em>\u00a0<\/em><\/p>\n<p><em>Der B\u00fcrgermeister berichtet den Mitgliedern des Gemeinderats, dass eine neue Spendenkampagne gestartet wurde, um Geld f\u00fcr die Beteiligung an den Bauarbeiten zu sammeln.<\/em><\/p>\n<p><strong><em>\u00a0<\/em><\/strong><\/p>\n<p><em>\u00a0<\/em><\/p>\n<p><strong><em>Festsetzung des lokalen Stadtentwicklungsplans (PLU)<\/em><\/strong><\/p>\n<p><em>\u00a0<\/em><\/p>\n<p><strong><em>Der B\u00fcrgermeister erl\u00e4utert dem Gemeinderat :<\/em><\/strong><\/p>\n<p><em>\u00a0<\/em><\/p>\n<p>&#8211;\u00a0\u00a0\u00a0\u00a0\u00a0\u00a0\u00a0<em>die von der Kommune verfolgten Ziele, die der Ausarbeitung des PLU zugrunde liegen:<\/em><\/p>\n<ol>\n<li>.\u00a0\u00a0\u00a0\u00a0\u00a0\u00a0\u00a0\u00a0<em>Die derzeitige Struktur der Gliederung des Gebiets in drei Landschaftseinheiten (K\u00fcstenstreifen, bebautes Gebiet, landwirtschaftlich genutzte Hochebene) beibehalten.<\/em><\/li>\n<li>.\u00a0\u00a0\u00a0\u00a0\u00a0\u00a0\u00a0\u00a0<em>Erhalt von Verflechtungsr\u00e4umen<\/em><\/li>\n<li>.\u00a0\u00a0\u00a0\u00a0\u00a0\u00a0\u00a0\u00a0<em>Ber\u00fccksichtigung des Reliefs in der Logik der zuk\u00fcnftigen Entwicklung<\/em><\/li>\n<li>.\u00a0\u00a0\u00a0\u00a0\u00a0\u00a0\u00a0\u00a0<em>Sicherstellung einer moderaten und kontrollierten Entwicklung der Gemeinde<\/em><\/li>\n<li>.\u00a0\u00a0\u00a0\u00a0\u00a0\u00a0\u00a0\u00a0<em>Das Image der Gemeinde bereits an den Stadteing\u00e4ngen st\u00e4rken<\/em><\/li>\n<li>.\u00a0\u00a0\u00a0\u00a0\u00a0\u00a0\u00a0\u00a0<em>Ber\u00fccksichtigen Sie das Vorhandensein von Risiken in der Gemeinde<\/em><\/li>\n<li>.\u00a0\u00a0\u00a0\u00a0\u00a0\u00a0\u00a0\u00a0<em>Integration des territorialen Projekts f\u00fcr das untere Saanetal (Basse Vall\u00e9e de la Sa\u00e2ne)<\/em><\/li>\n<li>.\u00a0\u00a0\u00a0\u00a0\u00a0\u00a0\u00a0\u00a0<em>F\u00f6rderung der Ansiedlung junger Paare als Motor des Bev\u00f6lkerungswachstums<\/em><\/li>\n<li>.\u00a0\u00a0\u00a0\u00a0\u00a0\u00a0\u00a0\u00a0<em>Neue Einwohner f\u00fcr die Gemeinde gewinnen<\/em><\/li>\n<li>.\u00a0\u00a0\u00a0\u00a0\u00a0\u00a0\u00a0\u00a0<em>Den Wohnungsbestand und das Wohnungsangebot weiterentwickeln<\/em><\/li>\n<li>.\u00a0\u00a0\u00a0\u00a0\u00a0\u00a0\u00a0\u00a0<em>Den landwirtschaftlichen G\u00fcrtel bewahren<\/em><\/li>\n<li>.\u00a0\u00a0\u00a0\u00a0\u00a0\u00a0\u00a0\u00a0<em>Die Lebensqualit\u00e4t (Dienstleistungen, Einrichtungen...) der Einwohner und Nutzer der Gemeinde erhalten und st\u00e4rken<\/em><\/li>\n<\/ol>\n<p>&#8211;\u00a0\u00a0\u00a0\u00a0\u00a0\u00a0\u00a0<em>Die Debatte, die im Gemeinderat in der Sitzung vom 4. August 2017 \u00fcber die allgemeinen Leitlinien des Entwurfs f\u00fcr nachhaltige Planung und Entwicklung (PADD) stattgefunden hat.<\/em><\/p>\n<p>&#8211;\u00a0\u00a0\u00a0\u00a0\u00a0\u00a0\u00a0<em>Die wesentlichen Elemente des PLU-Entwurfs und in welcher Phase des Verfahrens er sich befindet<\/em><\/p>\n<p>&#8211;\u00a0\u00a0\u00a0\u00a0\u00a0\u00a0\u00a0<em>Die Bilanz der Konzertierung, die anl\u00e4sslich der Ausarbeitung des PLU-Projekts durchgef\u00fchrt wurde. Die Modalit\u00e4ten entsprechen denen, die durch den Beschluss des Gemeinderats vom 9. Juni 2006 festgelegt wurden;<\/em><\/p>\n<p><em>Diese Konzertierung fand in folgender Form statt (verwendete Informationsmittel und der \u00d6ffentlichkeit angebotene M\u00f6glichkeiten, sich zu \u00e4u\u00dfern und die Debatte zu er\u00f6ffnen) :<\/em><\/p>\n<ol>\n<li>.\u00a0\u00a0\u00a0\u00a0\u00a0\u00a0\u00a0\u00a0<em>Empfang von Post im Rathaus<\/em><\/li>\n<li>.\u00a0\u00a0\u00a0\u00a0\u00a0\u00a0\u00a0\u00a0<em>Bereitstellung eines Registers, das der \u00d6ffentlichkeit zur Verf\u00fcgung steht<\/em><\/li>\n<li>.\u00a0\u00a0\u00a0\u00a0\u00a0\u00a0\u00a0\u00a0<em>Ausstellung der Elemente des PLU-Entwurfs im Rathaus<\/em><\/li>\n<li>.\u00a0\u00a0\u00a0\u00a0\u00a0\u00a0\u00a0\u00a0<em>Aushang an den Anschlagtafeln im Rathaus \u00fcber die verschiedenen Phasen des Verfahrensfortschritts<\/em><\/li>\n<li>.\u00a0\u00a0\u00a0\u00a0\u00a0\u00a0\u00a0\u00a0<em>Kommunikation auf der Internetseite der Gemeinde Sainte-Marguerite-sur-Mer<\/em><\/li>\n<li>.\u00a0\u00a0\u00a0\u00a0\u00a0\u00a0\u00a0\u00a0<em>Organisation von 2 \u00f6ffentlichen Abendveranstaltungen (11\/10\/2016 und 06\/07\/2017)<\/em><\/li>\n<\/ol>\n<p><em>Diese Konzertierung ergab folgende Punkte:<\/em><\/p>\n<p>&#8211;\u00a0\u00a0\u00a0\u00a0\u00a0\u00a0\u00a0<em>Eine interessante Beteiligung der Bev\u00f6lkerung an den \u00f6ffentlichen Sitzungen (30 Personen pro Sitzung)<\/em><\/p>\n<p><em>Au\u00dferdem fanden zwei Treffen mit den assoziierten \u00f6ffentlichen Personen in der Phase \"Diagnose \/ Projet d'Am\u00e9nagements et D\u00e9veloppments Durables (PADD)\" und in der Phase \"traduction r\u00e8glementaire\" statt, jeweils am 02\/05\/2016 und am 15\/12\/2017.<\/em><\/p>\n<p><em>\u00a0<\/em><\/p>\n<p><strong><em>Nach Anh\u00f6rung der Ausf\u00fchrungen des B\u00fcrgermeisters und nach Beratung beschlie\u00dft der Gemeinderat :<\/em><\/strong><\/p>\n<ul>\n<li><em>die Bilanz der Konzertierung, wie sie vom B\u00fcrgermeister vorgelegt wurde, gem\u00e4\u00df Artikel L. 103-6 des St\u00e4dtebaugesetzes zu genehmigen,<\/em><\/li>\n<li><em>den Entwurf des lokalen Stadtbebauungsplans in der Fassung des Anhangs zu diesem Beschluss zu beschlie\u00dfen<\/em><\/li>\n<li><em>Den Entwurf des beschlossenen Plans zur Stellungnahme vorzulegen<\/em><em>Die Stadtverwaltung hat in Anwendung der Artikel L153-16, 17 und 18 des Stadtplanungsgesetzes (Code de l'Urbanisme) die M\u00f6glichkeit, den Antrag zu stellen:<\/em><\/li>\n<\/ul>\n<p>&#8211;\u00a0\u00a0\u00a0\u00a0\u00a0\u00a0\u00a0<em>An die in den Artikeln L132-7 und L132-9 des St\u00e4dtebaugesetzbuchs genannten \u00f6ffentlichen Personen, die an seiner Ausarbeitung beteiligt sind (der Staat, die Region, das D\u00e9partement, die in Artikel L. 1231-1 des Transportgesetzes vorgesehenen Organisationsbeh\u00f6rden, die f\u00fcr den PLH zust\u00e4ndigen Etablissements Publics de Coop\u00e9ration Intercommunale, die territoriale Industrie- und Handelskammer, die Handwerkskammer, die Landwirtschaftskammer und die regionale Muschelzuchtabteilung).<\/em><\/p>\n<p>&#8211;\u00a0\u00a0\u00a0\u00a0\u00a0\u00a0\u00a0<em>An die Commission D\u00e9partementale de la Pr\u00e9servation des Espaces Naturels, Agricoles et Forestiers (CDPENAF) (die CDPENAF muss in jedem Fall im Hinblick auf die Reduzierung von Erweiterungen und Anbauten von Wohnh\u00e4usern in den Zonen A und N konsultiert werden) ;<\/em><\/p>\n<p>&#8211;\u00a0\u00a0\u00a0\u00a0\u00a0\u00a0\u00a0<em>Und auf ihren Wunsch :<\/em><em>\u00a0an die angrenzenden Gemeinden, die direkt betroffenen \u00f6ffentlichen Einrichtungen f\u00fcr interkommunale Zusammenarbeit und die Commission D\u00e9partementale de la Pr\u00e9servation des Espaces Naturels, Agricoles et Forestiers (CDPENAF) (Departementskommission f\u00fcr die Erhaltung von Natur-, Agrar- und Forstfl\u00e4chen)<\/em><\/p>\n<p><em>Gem\u00e4\u00df Artikel R.153-3 des St\u00e4dtebaugesetzes wird dieser Beschluss einen Monat lang im Rathaus ausgeh\u00e4ngt.<\/em><\/p>\n<p><em>Eine Kopie des Beschlusses, mit dem der PLU-Entwurf beschlossen wird (zusammen mit dem Planentwurf), wird an den Pr\u00e4fekten des Departements Seine-Maritime gesandt.<\/em><\/p>\n<p><em>\u00a0<\/em><\/p>\n<p><strong><em>Schaffung von 2 Reserven f\u00fcr die Brandbek\u00e4mpfung<\/em><\/strong><\/p>\n<p><em>\u00a0<\/em><\/p>\n<p><em>Der B\u00fcrgermeister erl\u00e4utert den Mitgliedern des Gemeinderats, dass die durch Pr\u00e4fekturerlass genehmigte Brandschutzordnung des Departements Seine-Maritime seit dem 1. Januar 2011 rechtskr\u00e4ftig ist.<sup>er<\/sup>\u00a0M\u00e4rz 2017 in Kraft treten. Die Genehmigungen f\u00fcr die Fl\u00e4chennutzung m\u00fcssen anhand dieses Dokuments analysiert werden. Einige Teile der Gemeinde \"R\u00e9sidence Bel Air und das Ende der Route de Saint Martin\" sind nicht von diesem System abgedeckt und k\u00f6nnen nur durch Netzerweiterungen abgedeckt werden, die sehr kostspielig sind. Die Gemeinde plant die Einrichtung von zwei unterirdischen Zisternen mit einem Fassungsverm\u00f6gen von 120 m\u00b3. Der Tank \"R\u00e9sidence Bel Air\" soll im Herzen der Residenz in einem Gr\u00fcnfl\u00e4chenbereich vergraben werden und der Tank \"Route de Saint Martin\" soll auf dem an den Friedhof angrenzenden Gemeindegrundst\u00fcck errichtet werden. V3D CONCEPT erstellte zwei Kostenvoranschl\u00e4ge:<\/em><\/p>\n<p>&#8211;\u00a0\u00a0\u00a0\u00a0\u00a0\u00a0\u00a0<em>R\u00e9sidence Bel Air in H\u00f6he von 37.940,00 \u20ac ohne MwSt.<\/em><\/p>\n<p>&#8211;\u00a0\u00a0\u00a0\u00a0\u00a0\u00a0\u00a0<em>Route de Saint Martin mit einem Betrag von 36.200,00 \u20ac.<\/em><\/p>\n<p><em>\u00a0<\/em><\/p>\n<p><em>Der Gemeinderat, nach Beratung, einstimmig :<\/em><\/p>\n<p><em>\u00a0<\/em><\/p>\n<p>&#8211;\u00a0\u00a0\u00a0\u00a0\u00a0\u00a0\u00a0<em>NIMMT das Vorhaben an, seinen Brandschutz zu verst\u00e4rken und zu vervollst\u00e4ndigen<\/em><\/p>\n<p>&#8211;\u00a0\u00a0\u00a0\u00a0\u00a0\u00a0\u00a0<em>AKZEPTIERT<strong>\u00a0<\/strong>die Installation von zwei \"Brandschutz\"-Tanks mit einem Fassungsverm\u00f6gen von 120 m\u00b3<\/em><\/p>\n<p>&#8211;\u00a0\u00a0\u00a0\u00a0\u00a0\u00a0\u00a0<em>ERM\u00c4CHTIGT den B\u00fcrgermeister, beim D\u00e9partement, dem Staat und der Communaut\u00e9 d'Agglom\u00e9ration de DIEPPE MARITIME eine Subvention zu beantragen<\/em><\/p>\n<p>&#8211;\u00a0\u00a0\u00a0\u00a0\u00a0\u00a0\u00a0<em>ERTEILT dem B\u00fcrgermeister alle Vollmachten zur Unterzeichnung aller Dokumente, die mit dieser Angelegenheit in Zusammenhang stehen.<\/em><\/p>\n<p><em>\u00a0<\/em><\/p>\n<p><strong><em>Instandsetzung der Stra\u00dfe \"Rue aux Juifs\" (Judengasse)<\/em><\/strong><\/p>\n<p><em>\u00a0<\/em><\/p>\n<p><em>Der B\u00fcrgermeister erkl\u00e4rt den Mitgliedern des Gemeinderats, dass die Rue aux Juifs nach dem Entfernen der Stromleitungen, dem Anbringen der Stra\u00dfenbeleuchtung und der Installation der Feuerl\u00f6schzisterne wiederhergestellt werden muss.  Die Fahrbahn weist bereits gro\u00dfe Sch\u00e4den und Schlagl\u00f6cher auf. F\u00fcr die Sicherheit der Verkehrsteilnehmer ist es dringend erforderlich, Ausbesserungsarbeiten vorzunehmen. Die gesch\u00e4tzten Kosten f\u00fcr die Instandsetzung der Stra\u00dfe \"Rue aux Juifs\" belaufen sich auf 25.827,00 \u20ac (ohne MwSt.).<\/em><\/p>\n<p><em>\u00a0<\/em><\/p>\n<p><em>Der Gemeinderat, nach Anh\u00f6rung der Ausf\u00fchrungen des B\u00fcrgermeisters, nach Beratung und einstimmig :<\/em><\/p>\n<p><em>\u00a0<\/em><\/p>\n<p><em>\u00a0<\/em><\/p>\n<p>&#8211;\u00a0\u00a0\u00a0\u00a0\u00a0\u00a0\u00a0<em>NIMMT den Vorschlag des B\u00fcrgermeisters an<\/em><\/p>\n<p>&#8211;\u00a0\u00a0\u00a0\u00a0\u00a0\u00a0\u00a0<em>ERM\u00c4CHTIGT den B\u00fcrgermeister, beim Departement und beim Staat eine Subvention zu beantragen<\/em><\/p>\n<p>&#8211;\u00a0\u00a0\u00a0\u00a0\u00a0\u00a0\u00a0<em>ERTEILT dem B\u00fcrgermeister alle Vollmachten zur Unterzeichnung aller Dokumente, die mit dieser Angelegenheit in Zusammenhang stehen.<\/em><\/p>\n<p><em>\u00a0<\/em><\/p>\n<p><strong><em>\u00a0Schreinerei Ecole Maternelle<\/em><\/strong><\/p>\n<p><em>\u00a0<\/em><\/p>\n<p><em>Der B\u00fcrgermeister erkl\u00e4rt den Mitgliedern des Gemeinderats, dass die Fenster und T\u00fcren des Kindergartens insbesondere aufgrund einer schlechten W\u00e4rmed\u00e4mmung ausgetauscht werden m\u00fcssen. Der B\u00fcrgermeister legte den Kostenvoranschlag der Schreinerei HEBERT vor, der die Lieferung und den Einbau von Aluminiumfenstern f\u00fcr einen Betrag von 15.655,50 \u20ac (ohne MwSt.) umfasste.<\/em><\/p>\n<p><em>\u00a0<\/em><\/p>\n<p><em>\u00a0<\/em><\/p>\n<p><em>Der Gemeinderat, nach Beratung, einstimmig :<\/em><\/p>\n<p><em>\u00a0<\/em><\/p>\n<p>&#8211;\u00a0\u00a0\u00a0\u00a0\u00a0\u00a0\u00a0<em>NIMMT den Vorschlag des B\u00fcrgermeisters an<\/em><\/p>\n<p>&#8211;\u00a0\u00a0\u00a0\u00a0\u00a0\u00a0\u00a0<em>ERM\u00c4CHTIGT den B\u00fcrgermeister, beim Departement und beim Staat eine Subvention zu beantragen<\/em><\/p>\n<p>&#8211;\u00a0\u00a0\u00a0\u00a0\u00a0\u00a0\u00a0<em>ERTEILT dem B\u00fcrgermeister alle Vollmachten zur Unterzeichnung aller Dokumente, die mit dieser Angelegenheit in Zusammenhang stehen.<\/em><\/p>\n<p><em>\u00a0<\/em><\/p>\n<p><strong><em>Erweiterung des Strandes: Einrichtung neuer Kabinen<\/em><\/strong><\/p>\n<p><em>\u00a0<\/em><\/p>\n<p><em>Aufgrund der immer gr\u00f6\u00dfer werdenden Nachfrage nach saisonalen Vermietungen wurde die Anfertigung von 7 zus\u00e4tzlichen Strandkabinen notwendig. Der B\u00fcrgermeister konsultierte die Schreinerei HEBERT und die SARL DROUET-PICARD, die die 3 zus\u00e4tzlichen, 2016 errichteten Strandkabinen gebaut hatten, sowie das Unternehmen CARPENTIER f\u00fcr die Erdarbeiten.<\/em><\/p>\n<p><em>\u00a0<\/em><\/p>\n<p><em>Der B\u00fcrgermeister pr\u00e4sentiert die Kostenvoranschl\u00e4ge :<\/em><\/p>\n<p><em>\u00a0<\/em><\/p>\n<p><em>\u00a0<\/em><\/p>\n<ul>\n<li><em>\u00d8 Die Schreinerei HEBERT bietet einen Kostenvoranschlag in H\u00f6he von 54.215,00 \u20ac (ohne MwSt.) f\u00fcr die Herstellung der 7 Strandkabinen ohne Abdeckung an.<\/em><\/li>\n<li><em>\u00d8 Die Schreinerei HEBERT bietet einen Kostenvoranschlag in H\u00f6he von 3.715,00 \u20ac (ohne MwSt.) f\u00fcr das Ger\u00fcst aus exotischem Hartholz zur Aufnahme des Bodens vor jeder Kabine an.<\/em><\/li>\n<li><em>\u00d8 SARL DROUET-PICARD bietet einen Kostenvoranschlag in H\u00f6he von 7.535,04 \u20ac (ohne MwSt.) f\u00fcr die Kupferabdeckung der 7 Strandkabinen an.<\/em><\/li>\n<li><em>\u00d8 Das Unternehmen CARPENTIER bietet einen Kostenvoranschlag in H\u00f6he von 14.848,13 \u20ac (ohne MwSt.) f\u00fcr die Erdarbeiten zur Unterbringung der 7 Strandkabinen an.<\/em><\/li>\n<\/ul>\n<p><em>\u00a0<\/em><\/p>\n<p><em>Alle 3 Anbieter zusammen belaufen sich auf einen Betrag von 80.313,17 \u20ac ohne MwSt.<\/em><\/p>\n<p><em>\u00a0<\/em><\/p>\n<p><em>Der Gemeinderat hat nach Anh\u00f6rung und Beratung einstimmig beschlossen :<\/em><\/p>\n<p><strong><em>\u00a0<\/em><\/strong><\/p>\n<p>&#8211;\u00a0\u00a0\u00a0\u00a0\u00a0\u00a0\u00a0<strong><em>DONNE<\/em><\/strong><em>\u00a0eine positive Stellungnahme zu diesem Vorhaben<\/em><\/p>\n<p>&#8211;\u00a0\u00a0\u00a0\u00a0\u00a0\u00a0\u00a0<strong><em>AKZEPTIERT<\/em><\/strong><em>\u00a0die Kostenvoranschl\u00e4ge von :<\/em><\/p>\n<p><em>\u00a0<\/em><\/p>\n<ul>\n<li><em>\u00d8 Die Schreinerei HEBERT bietet einen Kostenvoranschlag in H\u00f6he von 54.215,00 \u20ac (ohne MwSt.) f\u00fcr die Herstellung der 7 Strandkabinen ohne Abdeckung an.<\/em><\/li>\n<li><em>\u00d8 Die Schreinerei HEBERT bietet einen Kostenvoranschlag in H\u00f6he von 3.715,00 \u20ac (ohne MwSt.) f\u00fcr das Ger\u00fcst aus exotischem Hartholz zur Aufnahme des Bodens vor jeder Kabine an.<\/em><\/li>\n<li><em>\u00d8 SARL DROUET-PICARD bietet einen Kostenvoranschlag in H\u00f6he von 7.535,04 \u20ac (ohne MwSt.) f\u00fcr die Kupferabdeckung der 7 Strandkabinen an.<\/em><\/li>\n<li><em>\u00d8 Das Unternehmen CARPENTIER bietet einen Kostenvoranschlag in H\u00f6he von 14.848,13 \u20ac (ohne MwSt.) f\u00fcr die Erdarbeiten zur Unterbringung der 7 Strandkabinen an.<\/em><\/li>\n<\/ul>\n<p><em>\u00a0<\/em><\/p>\n<p><em>Dies entspricht einem Betrag von 80.313,17\u20ac (ohne MwSt.).<\/em><\/p>\n<p><em>\u00a0<\/em><\/p>\n<p>&#8211;\u00a0\u00a0\u00a0\u00a0\u00a0\u00a0\u00a0<strong><em>ERSUCHT<\/em><\/strong><em>\u00a0eine Subvention beim D\u00e9partement Seine-Maritime in der h\u00f6chstm\u00f6glichen H\u00f6he<\/em><\/p>\n<p>&#8211;\u00a0\u00a0\u00a0\u00a0\u00a0\u00a0\u00a0<strong><em>ERSUCHT<\/em><\/strong><em>\u00a0einen Fonds de Concours bei der Communaut\u00e9 d'Agglom\u00e9ration de Dieppe-Maritime (Gemeindeverband Dieppe-Maritime)<\/em><\/p>\n<p>&#8211;\u00a0\u00a0\u00a0\u00a0\u00a0\u00a0\u00a0<strong><em>DONNE<\/em><\/strong><em>\u00a0alle Vollmachten an den B\u00fcrgermeister, alle Dokumente zu unterzeichnen, die zur Durchf\u00fchrung dieses Beschlusses erforderlich sind.<\/em><\/p>\n<p><em>\u00a0<\/em><\/p>\n<p><strong><em>Weihnachtspakete<\/em><\/strong><\/p>\n<p><em>\u00a0<\/em><\/p>\n<p><em>Der B\u00fcrgermeister teilte den Mitgliedern des Gemeinderats mit, dass die Kommission \"CCAS\" am Freitag, den 20. Oktober um 18 Uhr zusammengekommen war und als Tagesordnungspunkt \"Weihnachtspakete\" hatte. Der B\u00fcrgermeister informierte die Versammlung \u00fcber die Entscheidung der Kommission, die H\u00e4ndler des Wochenmarktes am Samstagmorgen bei der Zusammenstellung der Pakete zu bevorzugen. Der gew\u00e4hlte Betrag f\u00fcr ein Paket bel\u00e4uft sich auf 20 \u20ac f\u00fcr eine Einzelperson und 30 \u20ac f\u00fcr ein Paar.<\/em><\/p>\n<p><em>\u00a0<\/em><\/p>\n<p><em>Die Zahl der Personen ab 70 Jahren, die in diesem Jahr Anspruch auf Weihnachtspakete haben, liegt bei 87 Personen:<\/em><\/p>\n<p><em>\u00a0<\/em><\/p>\n<p>&#8211;\u00a0\u00a0\u00a0\u00a0\u00a0\u00a0\u00a0<em>21 Paare<\/em><\/p>\n<p>&#8211;\u00a0\u00a0\u00a0\u00a0\u00a0\u00a0\u00a0<em>45 alleinstehende Personen<\/em><\/p>\n<p><em>\u00a0<\/em><\/p>\n<p><em>Der Gemeinderat, nach Beratung, einstimmig :<\/em><\/p>\n<p><em>\u00a0<\/em><\/p>\n<p>&#8211;\u00a0\u00a0\u00a0\u00a0\u00a0\u00a0\u00a0<em>BESCHLIESST, der Stellungnahme des Ausschusses \"CCAS\" zu folgen und die H\u00e4ndler des Wochenmarktes am Samstagmorgen zu bevorzugen.\u00a0<\/em><\/p>\n<p>&#8211;\u00a0\u00a0\u00a0\u00a0\u00a0\u00a0\u00a0<em>BESCHLIESST<\/em><em>Weihnachtspakete an Personen ab 70 Jahren zu verteilen<\/em><\/p>\n<p>&#8211;\u00a0\u00a0\u00a0\u00a0\u00a0\u00a0\u00a0<em>FESTLEGT den Betrag f\u00fcr :<\/em><\/p>\n<p><em>\u00c4 Eine Einzelperson zu 20 \u20ac + eine halbe Flasche Champagner<\/em><\/p>\n<p><em>\u00c4 Ein Paar zu 30 \u20ac + eine Flasche Champagner<\/em><\/p>\n<p><em>\u00a0<\/em><\/p>\n<p><strong><em>Weihnachtskonzert<\/em><\/strong><\/p>\n<p><em>\u00a0<\/em><\/p>\n<p><em>Der B\u00fcrgermeister erl\u00e4utert der Versammlung, dass der Verein Cap d'Ailly ein Weihnachtskonzert organisiert, das am Sonntag, den 17. Dezember 2017, in der Kirche von sainte Marguerite Sur Mer stattfinden wird.<\/em><\/p>\n<p><em>\u00a0<\/em><\/p>\n<p><em>Wie \u00fcblich sind alle Personen ab 70 Jahren eingeladen und ihre Pl\u00e4tze werden von der Gemeinde bezahlt.<\/em><\/p>\n<p><em>\u00a0<\/em><\/p>\n<p><em>Der Gemeinderat, nach Anh\u00f6rung des B\u00fcrgermeisters und nach Beratung, einstimmig :<\/em><\/p>\n<p><em>\u00a0<\/em><\/p>\n<p>&#8211;\u00a0\u00a0\u00a0\u00a0\u00a0\u00a0\u00a0<em>BESCHLIESST, Personen ab 70 Jahren zum Weihnachtskonzert einzuladen, das am Sonntag, dem 17. Dezember 2017, in der Kirche von Sainte Marguerite Sur Mer stattfindet.<\/em><\/p>\n<p><em>\u00a0<\/em><\/p>\n<p><strong><em>DON<\/em><\/strong><\/p>\n<p><em>\u00a0<\/em><\/p>\n<p><em>Der B\u00fcrgermeister berichtet \u00fcber eine Geldspende von Herrn und Frau Philippe HERITIER in H\u00f6he von 27 \u20ac als Dank f\u00fcr die Belebung des Wochenmarktes, die das freundliche Image der Gemeinde st\u00e4rkt.<\/em><\/p>\n<p><em>\u00a0<\/em><\/p>\n<p><em>Der Gemeinderat, nach Anh\u00f6rung dieser Ausf\u00fchrungen und nach Beratung, einstimmig :<\/em><\/p>\n<p><em>\u00a0<\/em><\/p>\n<p>&#8211;\u00a0\u00a0\u00a0\u00a0\u00a0\u00a0\u00a0<em>VEREINBART die Spende von Herrn und Frau Philippe HERITIER in H\u00f6he von 27 \u20ac.<\/em><\/p>\n<p><em>\u00a0<\/em><\/p>\n<p><em>\u00a0<\/em><\/p>\n<p><em>Nachdem die Tagesordnung ersch\u00f6pft war, dankte der B\u00fcrgermeister allen anwesenden Mitgliedern und schloss die Sitzung um 21:30 Uhr.<\/em><\/p>\n<p><em>F\u00fcr einen beglaubigten Auszug<\/em><\/p>\n<p><em>\u00a0<\/em><\/p>\n<p><em>Der B\u00fcrgermeister,<\/em><\/p>\n<p><em>Claude FERCHAL<\/em><\/p>\n<p>&nbsp;<\/p>\n<p>[print-me target=\"article \"]<\/p>","protected":false},"excerpt":{"rendered":"<p>20\/11\/2017 Im Jahr zweitausendneunzehn, am zwanzigsten des Monats OKTOBER, um neunzehn Uhr, trat der ordnungsgem\u00e4\u00df einberufene Gemeinderat unter dem Vorsitz von Herrn Claude FERCHAL, B\u00fcrgermeister, zu einer \u00f6ffentlichen Sitzung zusammen.   Anwesend waren: Herren Claude Ferchal, Philippe Lefebvre, Denis Grout, Jean Pierre Boittout, Jean-Pierre Joubert, Michel Lecat Damen Colette Gouyer, Sandrine [...].<\/p>","protected":false},"author":1,"featured_media":0,"comment_status":"closed","ping_status":"closed","sticky":false,"template":"","format":"standard","meta":{"footnotes":""},"categories":[19,1],"tags":[],"class_list":["post-2421","post","type-post","status-publish","format-standard","hentry","category-affichage_municipal","category-non-classe"],"yoast_head":"<!-- This site is optimized with the Yoast SEO plugin v25.3 - https:\/\/yoast.com\/wordpress\/plugins\/seo\/ -->\n<title>Proc\u00e8s Verbal de la R\u00e9union du Conseil Municipal S\u00e9ance du 20 Octobre 2017 - Mairie de Sainte-Marguerite Sur Mer<\/title>\n<meta name=\"robots\" content=\"index, follow, max-snippet:-1, max-image-preview:large, max-video-preview:-1\" \/>\n<link rel=\"canonical\" href=\"https:\/\/www.ste-marguerite-sur-mer.fr\/de\/proces-verbal-de-la-reunion-du-conseil-municipal-seance-du-20-octobre-2017\/\" \/>\n<meta property=\"og:locale\" content=\"de_DE\" \/>\n<meta property=\"og:type\" content=\"article\" \/>\n<meta property=\"og:title\" content=\"Proc\u00e8s Verbal de la R\u00e9union du Conseil Municipal S\u00e9ance du 20 Octobre 2017 - Mairie de Sainte-Marguerite Sur Mer\" \/>\n<meta property=\"og:description\" content=\"20\/11\/2017 L\u2019an deux mil DIX-SEPT, le \u00a0vingt du mois d\u2019OCTOBRE, \u00e0 dix-neuf heures, le Conseil Municipal l\u00e9galement convoqu\u00e9 s\u2019est r\u00e9uni, en s\u00e9ance publique, sous la pr\u00e9sidence de Monsieur Claude FERCHAL, \u00a0Maire. \u00a0 Etaient pr\u00e9sents\u00a0: Messieurs Claude Ferchal, Philippe Lefebvre, Denis Grout, Jean Pierre Boittout, Jean-Pierre Joubert, Michel Lecat \u00a0Mesdames Colette Gouyer, Sandrine [&hellip;]\" \/>\n<meta property=\"og:url\" content=\"https:\/\/www.ste-marguerite-sur-mer.fr\/de\/proces-verbal-de-la-reunion-du-conseil-municipal-seance-du-20-octobre-2017\/\" \/>\n<meta property=\"og:site_name\" content=\"Mairie de Sainte-Marguerite Sur Mer\" \/>\n<meta property=\"article:published_time\" content=\"2017-10-20T14:07:07+00:00\" \/>\n<meta property=\"article:modified_time\" content=\"2018-06-04T11:10:50+00:00\" \/>\n<meta name=\"author\" content=\"SteMargueriteAdm018\" \/>\n<meta name=\"twitter:card\" content=\"summary_large_image\" \/>\n<meta name=\"twitter:label1\" content=\"Verfasst von\" \/>\n\t<meta name=\"twitter:data1\" content=\"SteMargueriteAdm018\" \/>\n\t<meta name=\"twitter:label2\" content=\"Gesch\u00e4tzte Lesezeit\" \/>\n\t<meta name=\"twitter:data2\" content=\"12\u00a0Minuten\" \/>\n<script type=\"application\/ld+json\" class=\"yoast-schema-graph\">{\"@context\":\"https:\/\/schema.org\",\"@graph\":[{\"@type\":\"WebPage\",\"@id\":\"https:\/\/www.ste-marguerite-sur-mer.fr\/proces-verbal-de-la-reunion-du-conseil-municipal-seance-du-20-octobre-2017\/\",\"url\":\"https:\/\/www.ste-marguerite-sur-mer.fr\/proces-verbal-de-la-reunion-du-conseil-municipal-seance-du-20-octobre-2017\/\",\"name\":\"Proc\u00e8s Verbal de la R\u00e9union du Conseil Municipal S\u00e9ance du 20 Octobre 2017 - Mairie de Sainte-Marguerite Sur Mer\",\"isPartOf\":{\"@id\":\"https:\/\/www.ste-marguerite-sur-mer.fr\/#website\"},\"datePublished\":\"2017-10-20T14:07:07+00:00\",\"dateModified\":\"2018-06-04T11:10:50+00:00\",\"author\":{\"@id\":\"https:\/\/www.ste-marguerite-sur-mer.fr\/#\/schema\/person\/2064bbc0bd1a6ca7d3243771c0ccdc94\"},\"breadcrumb\":{\"@id\":\"https:\/\/www.ste-marguerite-sur-mer.fr\/proces-verbal-de-la-reunion-du-conseil-municipal-seance-du-20-octobre-2017\/#breadcrumb\"},\"inLanguage\":\"de\",\"potentialAction\":[{\"@type\":\"ReadAction\",\"target\":[\"https:\/\/www.ste-marguerite-sur-mer.fr\/proces-verbal-de-la-reunion-du-conseil-municipal-seance-du-20-octobre-2017\/\"]}]},{\"@type\":\"BreadcrumbList\",\"@id\":\"https:\/\/www.ste-marguerite-sur-mer.fr\/proces-verbal-de-la-reunion-du-conseil-municipal-seance-du-20-octobre-2017\/#breadcrumb\",\"itemListElement\":[{\"@type\":\"ListItem\",\"position\":1,\"name\":\"Accueil\",\"item\":\"https:\/\/www.ste-marguerite-sur-mer.fr\/\"},{\"@type\":\"ListItem\",\"position\":2,\"name\":\"Proc\u00e8s Verbal de la R\u00e9union du Conseil Municipal S\u00e9ance du 20 Octobre 2017\"}]},{\"@type\":\"WebSite\",\"@id\":\"https:\/\/www.ste-marguerite-sur-mer.fr\/#website\",\"url\":\"https:\/\/www.ste-marguerite-sur-mer.fr\/\",\"name\":\"Mairie de Sainte-Marguerite Sur Mer\",\"description\":\"commune de normandie\",\"potentialAction\":[{\"@type\":\"SearchAction\",\"target\":{\"@type\":\"EntryPoint\",\"urlTemplate\":\"https:\/\/www.ste-marguerite-sur-mer.fr\/?s={search_term_string}\"},\"query-input\":{\"@type\":\"PropertyValueSpecification\",\"valueRequired\":true,\"valueName\":\"search_term_string\"}}],\"inLanguage\":\"de\"},{\"@type\":\"Person\",\"@id\":\"https:\/\/www.ste-marguerite-sur-mer.fr\/#\/schema\/person\/2064bbc0bd1a6ca7d3243771c0ccdc94\",\"name\":\"SteMargueriteAdm018\",\"image\":{\"@type\":\"ImageObject\",\"inLanguage\":\"de\",\"@id\":\"https:\/\/www.ste-marguerite-sur-mer.fr\/#\/schema\/person\/image\/\",\"url\":\"https:\/\/secure.gravatar.com\/avatar\/6fcc2f15419679d0130cb5d8281d232525e7e46448f5db9b20f0556bc7b61b99?s=96&d=mm&r=g\",\"contentUrl\":\"https:\/\/secure.gravatar.com\/avatar\/6fcc2f15419679d0130cb5d8281d232525e7e46448f5db9b20f0556bc7b61b99?s=96&d=mm&r=g\",\"caption\":\"SteMargueriteAdm018\"}}]}<\/script>\n<!-- \/ Yoast SEO plugin. -->","yoast_head_json":{"title":"Proc\u00e8s Verbal de la R\u00e9union du Conseil Municipal S\u00e9ance du 20 Octobre 2017 - Mairie de Sainte-Marguerite Sur Mer","robots":{"index":"index","follow":"follow","max-snippet":"max-snippet:-1","max-image-preview":"max-image-preview:large","max-video-preview":"max-video-preview:-1"},"canonical":"https:\/\/www.ste-marguerite-sur-mer.fr\/de\/proces-verbal-de-la-reunion-du-conseil-municipal-seance-du-20-octobre-2017\/","og_locale":"de_DE","og_type":"article","og_title":"Proc\u00e8s Verbal de la R\u00e9union du Conseil Municipal S\u00e9ance du 20 Octobre 2017 - Mairie de Sainte-Marguerite Sur Mer","og_description":"20\/11\/2017 L\u2019an deux mil DIX-SEPT, le \u00a0vingt du mois d\u2019OCTOBRE, \u00e0 dix-neuf heures, le Conseil Municipal l\u00e9galement convoqu\u00e9 s\u2019est r\u00e9uni, en s\u00e9ance publique, sous la pr\u00e9sidence de Monsieur Claude FERCHAL, \u00a0Maire. \u00a0 Etaient pr\u00e9sents\u00a0: Messieurs Claude Ferchal, Philippe Lefebvre, Denis Grout, Jean Pierre Boittout, Jean-Pierre Joubert, Michel Lecat \u00a0Mesdames Colette Gouyer, Sandrine [&hellip;]","og_url":"https:\/\/www.ste-marguerite-sur-mer.fr\/de\/proces-verbal-de-la-reunion-du-conseil-municipal-seance-du-20-octobre-2017\/","og_site_name":"Mairie de Sainte-Marguerite Sur Mer","article_published_time":"2017-10-20T14:07:07+00:00","article_modified_time":"2018-06-04T11:10:50+00:00","author":"SteMargueriteAdm018","twitter_card":"summary_large_image","twitter_misc":{"Verfasst von":"SteMargueriteAdm018","Gesch\u00e4tzte Lesezeit":"12\u00a0Minuten"},"schema":{"@context":"https:\/\/schema.org","@graph":[{"@type":"WebPage","@id":"https:\/\/www.ste-marguerite-sur-mer.fr\/proces-verbal-de-la-reunion-du-conseil-municipal-seance-du-20-octobre-2017\/","url":"https:\/\/www.ste-marguerite-sur-mer.fr\/proces-verbal-de-la-reunion-du-conseil-municipal-seance-du-20-octobre-2017\/","name":"Proc\u00e8s Verbal de la R\u00e9union du Conseil Municipal S\u00e9ance du 20 Octobre 2017 - Mairie de Sainte-Marguerite Sur Mer","isPartOf":{"@id":"https:\/\/www.ste-marguerite-sur-mer.fr\/#website"},"datePublished":"2017-10-20T14:07:07+00:00","dateModified":"2018-06-04T11:10:50+00:00","author":{"@id":"https:\/\/www.ste-marguerite-sur-mer.fr\/#\/schema\/person\/2064bbc0bd1a6ca7d3243771c0ccdc94"},"breadcrumb":{"@id":"https:\/\/www.ste-marguerite-sur-mer.fr\/proces-verbal-de-la-reunion-du-conseil-municipal-seance-du-20-octobre-2017\/#breadcrumb"},"inLanguage":"de","potentialAction":[{"@type":"ReadAction","target":["https:\/\/www.ste-marguerite-sur-mer.fr\/proces-verbal-de-la-reunion-du-conseil-municipal-seance-du-20-octobre-2017\/"]}]},{"@type":"BreadcrumbList","@id":"https:\/\/www.ste-marguerite-sur-mer.fr\/proces-verbal-de-la-reunion-du-conseil-municipal-seance-du-20-octobre-2017\/#breadcrumb","itemListElement":[{"@type":"ListItem","position":1,"name":"Accueil","item":"https:\/\/www.ste-marguerite-sur-mer.fr\/"},{"@type":"ListItem","position":2,"name":"Proc\u00e8s Verbal de la R\u00e9union du Conseil Municipal S\u00e9ance du 20 Octobre 2017"}]},{"@type":"WebSite","@id":"https:\/\/www.ste-marguerite-sur-mer.fr\/#website","url":"https:\/\/www.ste-marguerite-sur-mer.fr\/","name":"Mairie de Sainte-Marguerite Sur Mer","description":"commune de normandie","potentialAction":[{"@type":"SearchAction","target":{"@type":"EntryPoint","urlTemplate":"https:\/\/www.ste-marguerite-sur-mer.fr\/?s={search_term_string}"},"query-input":{"@type":"PropertyValueSpecification","valueRequired":true,"valueName":"search_term_string"}}],"inLanguage":"de"},{"@type":"Person","@id":"https:\/\/www.ste-marguerite-sur-mer.fr\/#\/schema\/person\/2064bbc0bd1a6ca7d3243771c0ccdc94","name":"SteMargueriteAdm018","image":{"@type":"ImageObject","inLanguage":"de","@id":"https:\/\/www.ste-marguerite-sur-mer.fr\/#\/schema\/person\/image\/","url":"https:\/\/secure.gravatar.com\/avatar\/6fcc2f15419679d0130cb5d8281d232525e7e46448f5db9b20f0556bc7b61b99?s=96&d=mm&r=g","contentUrl":"https:\/\/secure.gravatar.com\/avatar\/6fcc2f15419679d0130cb5d8281d232525e7e46448f5db9b20f0556bc7b61b99?s=96&d=mm&r=g","caption":"SteMargueriteAdm018"}}]}},"_links":{"self":[{"href":"https:\/\/www.ste-marguerite-sur-mer.fr\/de\/wp-json\/wp\/v2\/posts\/2421","targetHints":{"allow":["GET"]}}],"collection":[{"href":"https:\/\/www.ste-marguerite-sur-mer.fr\/de\/wp-json\/wp\/v2\/posts"}],"about":[{"href":"https:\/\/www.ste-marguerite-sur-mer.fr\/de\/wp-json\/wp\/v2\/types\/post"}],"author":[{"embeddable":true,"href":"https:\/\/www.ste-marguerite-sur-mer.fr\/de\/wp-json\/wp\/v2\/users\/1"}],"replies":[{"embeddable":true,"href":"https:\/\/www.ste-marguerite-sur-mer.fr\/de\/wp-json\/wp\/v2\/comments?post=2421"}],"version-history":[{"count":0,"href":"https:\/\/www.ste-marguerite-sur-mer.fr\/de\/wp-json\/wp\/v2\/posts\/2421\/revisions"}],"wp:attachment":[{"href":"https:\/\/www.ste-marguerite-sur-mer.fr\/de\/wp-json\/wp\/v2\/media?parent=2421"}],"wp:term":[{"taxonomy":"category","embeddable":true,"href":"https:\/\/www.ste-marguerite-sur-mer.fr\/de\/wp-json\/wp\/v2\/categories?post=2421"},{"taxonomy":"post_tag","embeddable":true,"href":"https:\/\/www.ste-marguerite-sur-mer.fr\/de\/wp-json\/wp\/v2\/tags?post=2421"}],"curies":[{"name":"wp","href":"https:\/\/api.w.org\/{rel}","templated":true}]}}