{"id":3128,"date":"2018-11-15T16:01:13","date_gmt":"2018-11-15T15:01:13","guid":{"rendered":"https:\/\/www.ste-marguerite-sur-mer.fr\/?p=3128"},"modified":"2018-11-15T16:01:24","modified_gmt":"2018-11-15T15:01:24","slug":"proces-verbal-de-la-reunion-du-conseil-municipal-du-8-juin-2018","status":"publish","type":"post","link":"https:\/\/www.ste-marguerite-sur-mer.fr\/de\/proces-verbal-de-la-reunion-du-conseil-municipal-du-8-juin-2018\/","title":{"rendered":"Protokoll der Sitzung des Gemeinderats vom 8. Juni 2018"},"content":{"rendered":"<p><em>Im Jahr zweitausendneunzehnhundertachtundachtzig, am achten Juni um neunzehn Uhr, trat der ordnungsgem\u00e4\u00df einberufene Gemeinderat unter dem Vorsitz von Herrn Claude FERCHAL, B\u00fcrgermeister, zu einer \u00f6ffentlichen Sitzung zusammen.<\/em><\/p>\n<p><em><u>Anwesend waren<\/u>\u00a0Die Herren Claude Ferchal, Philippe Lefebvre, Denis Grout, Jean Pierre Boittout, Jean-Pierre Joubert, Michel Lecat und Richard Dupont.<\/em><\/p>\n<p><em>Frau Colette Gouyer<\/em><\/p>\n<p><em><u>Anwesend waren nicht<\/u>\u00a0: Frau Christelle Weber<\/em><\/p>\n<p><em>\u00a0\u00a0\u00a0\u00a0\u00a0\u00a0\u00a0\u00a0\u00a0\u00a0\u00a0\u00a0\u00a0\u00a0\u00a0\u00a0\u00a0\u00a0\u00a0\u00a0\u00a0\u00a0\u00a0 \u00a0\u00a0\u00a0 Frau Fran\u00e7oise Gambs<\/em><\/p>\n<p><em>\u00a0\u00a0\u00a0\u00a0\u00a0\u00a0\u00a0\u00a0\u00a0\u00a0\u00a0\u00a0\u00a0\u00a0\u00a0\u00a0\u00a0\u00a0\u00a0\u00a0\u00a0\u00a0\u00a0 \u00a0\u00a0\u00a0 Herr Eric Lincot <\/em><\/p>\n<p><em>\u00a0\u00a0\u00a0\u00a0\u00a0\u00a0\u00a0\u00a0\u00a0\u00a0\u00a0\u00a0\u00a0\u00a0\u00a0\u00a0\u00a0\u00a0\u00a0\u00a0\u00a0\u00a0\u00a0 \u00a0\u00a0 Herr David Petiton<\/em><\/p>\n<p><em>\u00a0\u00a0\u00a0\u00a0\u00a0\u00a0\u00a0\u00a0\u00a0\u00a0\u00a0\u00a0\u00a0\u00a0\u00a0\u00a0\u00a0\u00a0\u00a0\u00a0\u00a0\u00a0\u00a0 \u00a0\u00a0\u00a0 Herr Vincent Varin (Vollmacht f\u00fcr Herrn Denis Grout)<\/em><\/p>\n<p><em>\u00a0\u00a0\u00a0\u00a0\u00a0\u00a0\u00a0\u00a0\u00a0\u00a0\u00a0\u00a0\u00a0\u00a0\u00a0\u00a0\u00a0\u00a0\u00a0\u00a0\u00a0\u00a0\u00a0 \u00a0\u00a0\u00a0 Herr Ludovic Patin (Vollmacht f\u00fcr Herrn Claude Ferchal)<\/em><em>\u00a0 \u00a0 \u00a0 \u00a0 \u00a0 \u00a0 \u00a0 \u00a0 \u00a0 \u00a0 \u00a0<\/em><\/p>\n<p><em>Frau Colette Gouyer wurde zur Sitzungssekret\u00e4rin gew\u00e4hlt.<\/em><em>\u00a0<\/em><\/p>\n<p><em><u>Datum der Einberufung<\/u>\u00a0: der 1<sup>er<\/sup> Juni 2018\u00a0\u00a0\u00a0 \u00a0\u00a0\u00a0\u00a0\u00a0\u00a0\u00a0\u00a0\u00a0\u00a0\u00a0\u00a0\u00a0\u00a0 \u00a0\u00a0\u00a0\u00a0\u00a0\u00a0\u00a0\u00a0\u00a0\u00a0\u00a0\u00a0\u00a0\u00a0\u00a0\u00a0\u00a0\u00a0\u00a0\u00a0\u00a0<u>Datum der Anzeige<\/u>\u00a0: der 1<sup>er<\/sup> Juni 2018<\/em><em>\u00a0<\/em><\/p>\n<p style=\"text-align: center;\"><strong><em><u>Tagesordnung\u00a0<\/u><\/em><\/strong><\/p>\n<ul>\n<li><em>Genehmigung des Protokolls der vorangegangenen Sitzung<\/em><\/li>\n<li><em>Mitteilungen des B\u00fcrgermeisters<\/em><\/li>\n<li><em>Einrichtung einer Feuerl\u00f6schreserve aus weichen Tanks \"Chemin des Fr\u00eanes\" (Eschenweg)<\/em><\/li>\n<li><em>\u00dcbereinkommen SIVOS<\/em><\/li>\n<li><em>Befristeter Vertrag - Markt<\/em><\/li>\n<li><em>Schaffung einer nicht dauerhaften Stelle aufgrund einer vor\u00fcbergehenden Erh\u00f6hung der Aktivit\u00e4t - Artikel 3, 1\u00b0 des Gesetzes Nr. 84-53 vom 26. Januar 1984<\/em><\/li>\n<li><em>Don<\/em><\/li>\n<li><em>Orange R\u00fcckerstattung - Scheck<\/em><\/li>\n<\/ul>\n<p><strong><em><u>Annahme des Protokolls der vorherigen Sitzung<\/u><\/em><\/strong><\/p>\n<p><em>Das Protokoll der vorangegangenen Sitzung, das jedem Mitglied des Gemeinderats vorab \u00fcbermittelt wurde, wurde einstimmig angenommen, da es keine Anmerkungen gab.<\/em><\/p>\n<p><strong><em><u>Mitteilungen des B\u00fcrgermeisters<\/u><\/em><\/strong><\/p>\n<ul>\n<li><strong><em><u>Operation zur Sandentfernung am Strand von Saint Martin en Campagne und Ausgleichsma\u00dfnahme zur Umsiedlung von Meerkohl<\/u><\/em><\/strong><\/li>\n<\/ul>\n<p><em>Der B\u00fcrgermeister informiert den Gemeinderat dar\u00fcber, dass am 26. April 2018 und am 16. Mai 2016 Treffen mit Frau Maguy Constant, Kommunikationsbeauftragte des Kraftwerks Penly, stattgefunden haben.<\/em><\/p>\n<p><em>Bei diesem Treffen ging es um die Sandentfernung am Strand von Saint Martin en Campagne und die Ausgleichsma\u00dfnahme der Umsiedlung von Meereskohl.<\/em><\/p>\n<p><em>Tats\u00e4chlich hat sich der Sand gegen den Westdeich des Kraftwerks Penly angesammelt und die geplante Umlagerung von 300.000 m\u00b3 ist ab September 2018 geplant.<\/em><\/p>\n<p><em>Der Meereskohl, eine national gesch\u00fctzte Art von patrimonialem Interesse, die am Strand von Saint Martin en Campagne vorkommt und sich in den durch die Bauarbeiten umgestalteten Bereichen befindet, muss an nahegelegenen Standorten wieder angesiedelt werden, wobei die Kriterien f\u00fcr eine erfolgreiche Wiederansiedlung einzuhalten sind. Die Str\u00e4nde von Criel sur Mer und Sainte Marguerite Sur Mer gelten als geeignete Standorte f\u00fcr die Wiederansiedlung von Meereskohl.<\/em><\/p>\n<ul>\n<li><strong><em><u>Danksagung :<\/u><\/em><\/strong><\/li>\n<\/ul>\n<p><em>Die Konsorten BOULLIER danken der Gemeinde f\u00fcr die Blumen und die \u00dcberlassung des Rathaussaals anl\u00e4sslich des Todes von Frau Madeleine BOULLIER.<\/em><\/p>\n<p><strong><em><u>Schaffung einer Feuerl\u00f6schreserve aus flexiblen Zisternen \"Chemin des Fr\u00eanes\u00a0<\/u><\/em><\/strong><em>\u00a0<\/em><\/p>\n<p><em>Der B\u00fcrgermeister erl\u00e4utert den Mitgliedern des Gemeinderats, dass die durch Pr\u00e4fekturerlass genehmigte Brandschutzordnung des Departements Seine-Maritime seit dem 1. Januar 2011 rechtskr\u00e4ftig ist.<sup>er<\/sup> M\u00e4rz 2017 in Kraft treten. Die Genehmigungen f\u00fcr die Bodennutzung m\u00fcssen anhand dieses Dokuments analysiert werden. Mit Beschluss Nr. 2017-054 bef\u00fcrworteten die Mitglieder des Gemeinderats die Installation von zwei unterirdischen Tanks in der \"R\u00e9sidence Bel Air\" und der \"Route de saint Martin\". Der \"Chemin des Fr\u00eanes\" ist von dieser Einrichtung nicht abgedeckt und kann nur durch Netzerweiterungen abgedeckt werden, die sehr kostspielig sind. Die Gemeinde plant die Installation einer flexiblen Zisterne mit einem Fassungsverm\u00f6gen von 120 m\u00b3, die Schaffung eines Parkplatzes f\u00fcr die Feuerwehr sowie die Lieferung und Installation eines Zauns mit Schlupft\u00fcr. Die Firma CREVECOEUR erstellte einen Kostenvoranschlag in H\u00f6he von 15 346,80 \u20ac (ohne MwSt.).<\/em><\/p>\n<p><em>Der Gemeinderat, nach Beratung, einstimmig :<\/em><\/p>\n<ul>\n<li><strong><em>AKZEPTIERT<\/em><\/strong><em> das Vorhaben, seinen Brandschutz zu verst\u00e4rken und zu vervollst\u00e4ndigen<\/em><\/li>\n<li><strong><em>AKZEPTIERT <\/em><\/strong><em>die Installation eines flexiblen Tanks \"Brandschutz\" mit einem Fassungsverm\u00f6gen von 120 m\u00b3<\/em><\/li>\n<li><strong><em>AUTORISIERT<\/em><\/strong><em> Monsieur le Maire \u00e0 demander une subvention aupr\u00e8s du D\u00e9partement et de l'Etat (B\u00fcrgermeister, um eine Subvention beim D\u00e9partement und beim Staat zu beantragen) <\/em><\/li>\n<li><strong><em>DONNE<\/em><\/strong><em> alle Vollmachten an den B\u00fcrgermeister, alle Dokumente zu unterzeichnen, die mit dieser Angelegenheit zusammenh\u00e4ngen.<\/em><\/li>\n<\/ul>\n<p><strong><em><u>SMVOS-\u00dcbereinkommen<\/u><\/em><\/strong><\/p>\n<p><em>Der B\u00fcrgermeister berichtet, dass der Schatzmeister des Finanzamts von Luneray der Gemeinde den Entwurf einer Vereinbarung f\u00fcr die Nutzung des Mehrzweckraums und der Kantine zugesandt hat. <\/em><\/p>\n<p><em>Ziel dieser Vereinbarung ist es, die finanziellen Bedingungen festzulegen, die f\u00fcr die Nutzung und Instandhaltung der R\u00e4umlichkeiten gelten. Der B\u00fcrgermeister schl\u00e4gt eine Vereinbarung f\u00fcr eine Dauer von drei Jahren vor.<\/em><\/p>\n<p><em>Der Gemeinderat, nach Beratung, einstimmig :<\/em><em>\u00a0<\/em><\/p>\n<ul>\n<li><em>AKZEPTIERT das dreij\u00e4hrige Abkommen f\u00fcr einen Betrag von :<\/em>\n<ul>\n<li><em>\u00a03600 \u20ac f\u00fcr das Schuljahr 2018- 2019 <\/em><\/li>\n<li><em>\u00a03750 \u20ac f\u00fcr das Schuljahr 2019 - 2020<\/em><\/li>\n<li><em>3950 \u20ac f\u00fcr das Schuljahr 2020 - 2021<\/em><\/li>\n<\/ul>\n<\/li>\n<li><em>ERTEILT dem B\u00fcrgermeister die Vollmacht, das \u00dcbereinkommen zu unterzeichnen<\/em><em>\u00a0 \u00a0 \u00a0 \u00a0 \u00a0\u00a0<\/em><\/li>\n<\/ul>\n<p><strong><em><u>Befristeter Vertrag<\/u><\/em><\/strong><strong><em><u>e Bestimmt<\/u><\/em><\/strong><strong><em><u>e - Markt<\/u><\/em><\/strong><\/p>\n<p><em>Der B\u00fcrgermeister erinnert den Gemeinderat daran, dass Artikel 3,2\u00b0 des Gesetzes Nr. 84-53 vom 26. Januar 1984 \u00fcber die Satzung des \u00f6ffentlichen Dienstes die Einstellung von Vertragsbediensteten auf unbefristeten Stellen bei einer saisonalen Zunahme der T\u00e4tigkeit f\u00fcr eine Dauer von h\u00f6chstens sechs Monaten innerhalb eines aufeinanderfolgenden Zeitraums von zw\u00f6lf Monaten, einschlie\u00dflich einer Verl\u00e4ngerung, zul\u00e4sst.<\/em><\/p>\n<p><em>Der B\u00fcrgermeister legt dem Gemeinderat au\u00dferdem dar, dass es notwendig ist, einen Mitarbeiter f\u00fcr den Empfang des Marktes f\u00fcr einen saisonalen Bedarf einzustellen, um die \u00d6ffnung des Empfangs des Marktes f\u00fcr die \u00d6ffentlichkeit zu gew\u00e4hrleisten. Diese Aufgaben k\u00f6nnen nicht allein von den st\u00e4ndigen Bediensteten der Gemeinde \u00fcbernommen werden.<\/em><\/p>\n<p><em>Daher schl\u00e4gt er der Versammlung vor, aufgrund der zu erledigenden Aufgaben ab dem 7. Juli 2018 bis zum 25. August 2018 eine nicht dauerhafte Stelle in der Besoldungsgruppe Empfangsmitarbeiter mit einer w\u00f6chentlichen Arbeitszeit von 3 Stunden zu schaffen und ihn zu erm\u00e4chtigen, einen Vertragsbediensteten aufgrund einer saisonalen Erweiterung einzustellen.<\/em><\/p>\n<p><em>Der Gemeinderat, nachdem er sich beraten hat, einstimmig<\/em><\/p>\n<ul>\n<li><em>BESCHLIESST die Schaffung einer unbefristeten Stelle f\u00fcr den Empfang des Marktes aufgrund der saisonalen Zunahme der Aktivit\u00e4t mit einer Wochenarbeitszeit von 3 Stunden ab dem 7. Juli bis zum 25. August 2018.<\/em><\/li>\n<li><em>Die Verg\u00fctung wird auf einer Stundenbasis von 11,50 \u20ac festgelegt, zu der die geltenden Zuschl\u00e4ge und Zulagen hinzukommen<\/em><\/li>\n<li><em>Die entsprechenden Ausgaben werden in Kapitel 012 Artikel 6413 des Prim\u00e4rhaushalts 2018 eingesetzt.<\/em><\/li>\n<\/ul>\n<p><strong><em><u>Schaffung einer nicht dauerhaften Stelle aufgrund einer vor\u00fcbergehenden Steigerung der Aktivit\u00e4t - Artikel 3, 1\u00b0 des Gesetzes Nr. 84-53 vom 26. Januar 1984<\/u><\/em><\/strong><\/p>\n<p><em>Der B\u00fcrgermeister erinnert die Mitglieder des Gemeinderats daran, dass Artikel 3, 1\u00b0 des Gesetzes Nr. 84-53 vom 26. Januar 1984 \u00fcber die Satzung des \u00f6ffentlichen Dienstes die Einstellung von Vertragsbediensteten auf unbefristeten Stellen bei einer vor\u00fcbergehenden Zunahme der T\u00e4tigkeit f\u00fcr eine Dauer von h\u00f6chstens zw\u00f6lf Monaten innerhalb eines aufeinanderfolgenden Zeitraums von achtzehn Monaten, einschlie\u00dflich einer Verl\u00e4ngerung, zul\u00e4sst.<\/em><\/p>\n<p><em>Der B\u00fcrgermeister erkl\u00e4rt dem Gemeinderat au\u00dferdem, dass es notwendig ist, Folgendes vorzusehen<\/em><em> die folgenden Aufgaben: M\u00e4hen, Unkrautj\u00e4ten auf Friedh\u00f6fen, am Strand und auf Gehwegen, Heckenschneiden, Kehren, Reinigung des Strandes und der Mehrzweckhalle. Diese Aufgaben k\u00f6nnen nicht allein von den fest angestellten Mitarbeitern des Gemeinwesens erledigt werden.<\/em><em>\u00a0<\/em><\/p>\n<p><em>Daher schl\u00e4gt er dem Gemeinderat aufgrund der zu erledigenden Aufgaben vor, ab dem 4. Juni 2018 bis zum 28. September 2018 eine nicht dauerhafte Stelle in der Besoldungsgruppe Adjoint Technique Territorial von 2<sup>\u00e8me<\/sup> Klasse f\u00fcr eine w\u00f6chentliche Dienstzeit von 35 Stunden und ihn zu erm\u00e4chtigen, einen Vertragsbediensteten aufgrund eines vor\u00fcbergehenden T\u00e4tigkeitsanstiegs einzustellen.<\/em><\/p>\n<p><em>Der Gemeinderat, der die Ausf\u00fchrungen des B\u00fcrgermeisters geh\u00f6rt hat, hat sich beraten,<\/em><strong><em>\u00a0 \u00a0 \u00a0 \u00a0 \u00a0 \u00a0\u00a0<\/em><\/strong><\/p>\n<ul>\n<li><em>BESCHLIESST die Schaffung einer nicht dauerhaften Stelle in der Besoldungsgruppe Adjoint Technique Territorial mit 2<sup>\u00e8me<\/sup> Klasse, um die <\/em><em>Folgende Aufgaben: M\u00e4hen, Unkrautj\u00e4ten auf Friedh\u00f6fen, am Strand und auf Gehwegen, Heckenschneiden, Kehren, Reinigung des Strandes und der Mehrzweckhalle aufgrund einer vor\u00fcbergehenden Zunahme der T\u00e4tigkeit f\u00fcr eine w\u00f6chentliche Arbeitszeit von 35 Stunden ab dem 4. Juni 2018 bis zum 28. September 2018.<\/em><\/li>\n<li><em>Die Verg\u00fctung wird auf der Grundlage des SMIC-Stundenlohns: 88 \u20ac festgelegt, zuz\u00fcglich der geltenden Zuschl\u00e4ge und Zulagen.<\/em><\/li>\n<li><em>Die entsprechenden Ausgaben werden in Kapitel 012 Artikel 6413 des Prim\u00e4rhaushalts 2018 eingesetzt.<\/em><\/li>\n<\/ul>\n<p><strong><em><u>Don<\/u><\/em><\/strong><\/p>\n<p><em>Der B\u00fcrgermeister teilt den Mitgliedern des Gemeinderats mit, dass die Vereinigung Rotary Club de T\u00f4tes der Gemeinde Sainte Marguerite Sur Mer eine Spende von 50 \u20ac als Dank f\u00fcr einen Besuch des Leuchtturms von Ailly, der am Sonntag, den 22. April 2018 stattgefunden hat, \u00fcberreicht hat.<\/em><\/p>\n<p><em>Der Gemeinderat, nach Beratung, einstimmig : \u00a0\u00a0\u00a0\u00a0\u00a0\u00a0\u00a0\u00a0\u00a0\u00a0\u00a0\u00a0\u00a0\u00a0\u00a0\u00a0\u00a0\u00a0\u00a0\u00a0\u00a0\u00a0\u00a0\u00a0\u00a0\u00a0\u00a0\u00a0\u00a0\u00a0\u00a0\u00a0\u00a0 <\/em><\/p>\n<ul>\n<li><em>VEREINBART die Spende des Rotary Clubs T\u00f4tes an die Gemeinde Sainte Marguerite Sur Mer in H\u00f6he von 50 \u20ac.<\/em><\/li>\n<\/ul>\n<p><strong><em><u>Orange R\u00fcckerstattung - Scheck<\/u><\/em><\/strong><\/p>\n<p><em>Der B\u00fcrgermeister informiert die Versammlung, dass nach dem Wechsel des Telefonanbieters. Orange hat der Gemeinde Sainte Marguerite Sur Mer die Summe von 9 \u20ac per Scheck zur\u00fcckerstattet, ein Guthabenbetrag f\u00fcr Mobiltelefone.<\/em><em>\u00a0<\/em><\/p>\n<p><em>Der Gemeinderat, nach Beratung, einstimmig :<\/em><\/p>\n<ul>\n<li><em>VEREINBART die R\u00fcckerstattung eines Betrags von 9 \u20ac nach der K\u00fcndigung des Handyvertrags<\/em><\/li>\n<\/ul>\n<p><em>Nachdem die Tagesordnung ersch\u00f6pft war, dankte der B\u00fcrgermeister allen anwesenden Mitgliedern und schloss die Sitzung um 20:30 Uhr.<\/em><\/p>","protected":false},"excerpt":{"rendered":"<p>Der ordnungsgem\u00e4\u00df einberufene Gemeinderat kam am 8. Juni um 19 Uhr zu einer \u00f6ffentlichen Sitzung unter dem Vorsitz von Herrn Claude FERCHAL, B\u00fcrgermeister, zusammen Anwesend waren: Herren Claude Ferchal, Philippe Lefebvre, Denis Grout, Jean Pierre Boittout, Jean-Pierre Joubert, Michel Lecat, Richard Dupont Frau Colette Gouyer Abwesend waren: Frau [...].<\/p>","protected":false},"author":5,"featured_media":0,"comment_status":"open","ping_status":"open","sticky":false,"template":"","format":"standard","meta":{"footnotes":""},"categories":[19],"tags":[],"class_list":["post-3128","post","type-post","status-publish","format-standard","hentry","category-affichage_municipal"],"yoast_head":"<!-- This site is optimized with the Yoast SEO plugin v25.3 - https:\/\/yoast.com\/wordpress\/plugins\/seo\/ -->\n<title>Proc\u00e8s-Verbal de la R\u00e9union du Conseil Municipal du 8 Juin 2018 - Mairie de Sainte-Marguerite Sur Mer<\/title>\n<meta name=\"robots\" content=\"index, follow, max-snippet:-1, max-image-preview:large, max-video-preview:-1\" \/>\n<link rel=\"canonical\" href=\"https:\/\/www.ste-marguerite-sur-mer.fr\/de\/proces-verbal-de-la-reunion-du-conseil-municipal-du-8-juin-2018\/\" \/>\n<meta property=\"og:locale\" content=\"de_DE\" \/>\n<meta property=\"og:type\" content=\"article\" \/>\n<meta property=\"og:title\" content=\"Proc\u00e8s-Verbal de la R\u00e9union du Conseil Municipal du 8 Juin 2018 - Mairie de Sainte-Marguerite Sur Mer\" \/>\n<meta property=\"og:description\" content=\"L\u2019an deux mil DIX-HUIT, le huit juin, \u00e0 dix-neuf heures, le Conseil Municipal l\u00e9galement convoqu\u00e9 s\u2019est r\u00e9uni, en s\u00e9ance publique, sous la pr\u00e9sidence de Monsieur Claude FERCHAL, \u00a0Maire Etaient pr\u00e9sents\u00a0: Messieurs Claude Ferchal, Philippe Lefebvre, Denis Grout, Jean Pierre Boittout, Jean-Pierre Joubert,\u00a0 \u00a0Michel Lecat, Richard Dupont Madame Colette Gouyer Etaient absents\u00a0: Madame [&hellip;]\" \/>\n<meta property=\"og:url\" content=\"https:\/\/www.ste-marguerite-sur-mer.fr\/de\/proces-verbal-de-la-reunion-du-conseil-municipal-du-8-juin-2018\/\" \/>\n<meta property=\"og:site_name\" content=\"Mairie de Sainte-Marguerite Sur Mer\" \/>\n<meta property=\"article:author\" content=\"www.facebook.com\/MairieSainteMargueritesurmer\" \/>\n<meta property=\"article:published_time\" content=\"2018-11-15T15:01:13+00:00\" \/>\n<meta property=\"article:modified_time\" content=\"2018-11-15T15:01:24+00:00\" \/>\n<meta name=\"author\" content=\"mairie.stemargueritesurmer@wanadoo.fr\" \/>\n<meta name=\"twitter:card\" content=\"summary_large_image\" \/>\n<meta name=\"twitter:label1\" content=\"Verfasst von\" \/>\n\t<meta name=\"twitter:data1\" content=\"mairie.stemargueritesurmer@wanadoo.fr\" \/>\n\t<meta name=\"twitter:label2\" content=\"Gesch\u00e4tzte Lesezeit\" \/>\n\t<meta name=\"twitter:data2\" content=\"8\u00a0Minuten\" \/>\n<script type=\"application\/ld+json\" class=\"yoast-schema-graph\">{\"@context\":\"https:\/\/schema.org\",\"@graph\":[{\"@type\":\"WebPage\",\"@id\":\"https:\/\/www.ste-marguerite-sur-mer.fr\/proces-verbal-de-la-reunion-du-conseil-municipal-du-8-juin-2018\/\",\"url\":\"https:\/\/www.ste-marguerite-sur-mer.fr\/proces-verbal-de-la-reunion-du-conseil-municipal-du-8-juin-2018\/\",\"name\":\"Proc\u00e8s-Verbal de la R\u00e9union du Conseil Municipal du 8 Juin 2018 - Mairie de Sainte-Marguerite Sur Mer\",\"isPartOf\":{\"@id\":\"https:\/\/www.ste-marguerite-sur-mer.fr\/#website\"},\"datePublished\":\"2018-11-15T15:01:13+00:00\",\"dateModified\":\"2018-11-15T15:01:24+00:00\",\"author\":{\"@id\":\"https:\/\/www.ste-marguerite-sur-mer.fr\/#\/schema\/person\/4875f0d9570fa9643b4953b06cadbd28\"},\"breadcrumb\":{\"@id\":\"https:\/\/www.ste-marguerite-sur-mer.fr\/proces-verbal-de-la-reunion-du-conseil-municipal-du-8-juin-2018\/#breadcrumb\"},\"inLanguage\":\"de\",\"potentialAction\":[{\"@type\":\"ReadAction\",\"target\":[\"https:\/\/www.ste-marguerite-sur-mer.fr\/proces-verbal-de-la-reunion-du-conseil-municipal-du-8-juin-2018\/\"]}]},{\"@type\":\"BreadcrumbList\",\"@id\":\"https:\/\/www.ste-marguerite-sur-mer.fr\/proces-verbal-de-la-reunion-du-conseil-municipal-du-8-juin-2018\/#breadcrumb\",\"itemListElement\":[{\"@type\":\"ListItem\",\"position\":1,\"name\":\"Accueil\",\"item\":\"https:\/\/www.ste-marguerite-sur-mer.fr\/\"},{\"@type\":\"ListItem\",\"position\":2,\"name\":\"Proc\u00e8s-Verbal de la R\u00e9union du Conseil Municipal du 8 Juin 2018\"}]},{\"@type\":\"WebSite\",\"@id\":\"https:\/\/www.ste-marguerite-sur-mer.fr\/#website\",\"url\":\"https:\/\/www.ste-marguerite-sur-mer.fr\/\",\"name\":\"Mairie de Sainte-Marguerite Sur Mer\",\"description\":\"commune de normandie\",\"potentialAction\":[{\"@type\":\"SearchAction\",\"target\":{\"@type\":\"EntryPoint\",\"urlTemplate\":\"https:\/\/www.ste-marguerite-sur-mer.fr\/?s={search_term_string}\"},\"query-input\":{\"@type\":\"PropertyValueSpecification\",\"valueRequired\":true,\"valueName\":\"search_term_string\"}}],\"inLanguage\":\"de\"},{\"@type\":\"Person\",\"@id\":\"https:\/\/www.ste-marguerite-sur-mer.fr\/#\/schema\/person\/4875f0d9570fa9643b4953b06cadbd28\",\"name\":\"mairie.stemargueritesurmer@wanadoo.fr\",\"image\":{\"@type\":\"ImageObject\",\"inLanguage\":\"de\",\"@id\":\"https:\/\/www.ste-marguerite-sur-mer.fr\/#\/schema\/person\/image\/\",\"url\":\"https:\/\/secure.gravatar.com\/avatar\/40ab497ab45615f9e8602bea4f1611c6cec0aa64725a35223b24c4c66a09055d?s=96&d=mm&r=g\",\"contentUrl\":\"https:\/\/secure.gravatar.com\/avatar\/40ab497ab45615f9e8602bea4f1611c6cec0aa64725a35223b24c4c66a09055d?s=96&d=mm&r=g\",\"caption\":\"mairie.stemargueritesurmer@wanadoo.fr\"},\"sameAs\":[\"www.facebook.com\/MairieSainteMargueritesurmer\"]}]}<\/script>\n<!-- \/ Yoast SEO plugin. -->","yoast_head_json":{"title":"Proc\u00e8s-Verbal de la R\u00e9union du Conseil Municipal du 8 Juin 2018 - Mairie de Sainte-Marguerite Sur Mer","robots":{"index":"index","follow":"follow","max-snippet":"max-snippet:-1","max-image-preview":"max-image-preview:large","max-video-preview":"max-video-preview:-1"},"canonical":"https:\/\/www.ste-marguerite-sur-mer.fr\/de\/proces-verbal-de-la-reunion-du-conseil-municipal-du-8-juin-2018\/","og_locale":"de_DE","og_type":"article","og_title":"Proc\u00e8s-Verbal de la R\u00e9union du Conseil Municipal du 8 Juin 2018 - Mairie de Sainte-Marguerite Sur Mer","og_description":"L\u2019an deux mil DIX-HUIT, le huit juin, \u00e0 dix-neuf heures, le Conseil Municipal l\u00e9galement convoqu\u00e9 s\u2019est r\u00e9uni, en s\u00e9ance publique, sous la pr\u00e9sidence de Monsieur Claude FERCHAL, \u00a0Maire Etaient pr\u00e9sents\u00a0: Messieurs Claude Ferchal, Philippe Lefebvre, Denis Grout, Jean Pierre Boittout, Jean-Pierre Joubert,\u00a0 \u00a0Michel Lecat, Richard Dupont Madame Colette Gouyer Etaient absents\u00a0: Madame [&hellip;]","og_url":"https:\/\/www.ste-marguerite-sur-mer.fr\/de\/proces-verbal-de-la-reunion-du-conseil-municipal-du-8-juin-2018\/","og_site_name":"Mairie de Sainte-Marguerite Sur Mer","article_author":"www.facebook.com\/MairieSainteMargueritesurmer","article_published_time":"2018-11-15T15:01:13+00:00","article_modified_time":"2018-11-15T15:01:24+00:00","author":"mairie.stemargueritesurmer@wanadoo.fr","twitter_card":"summary_large_image","twitter_misc":{"Verfasst von":"mairie.stemargueritesurmer@wanadoo.fr","Gesch\u00e4tzte Lesezeit":"8\u00a0Minuten"},"schema":{"@context":"https:\/\/schema.org","@graph":[{"@type":"WebPage","@id":"https:\/\/www.ste-marguerite-sur-mer.fr\/proces-verbal-de-la-reunion-du-conseil-municipal-du-8-juin-2018\/","url":"https:\/\/www.ste-marguerite-sur-mer.fr\/proces-verbal-de-la-reunion-du-conseil-municipal-du-8-juin-2018\/","name":"Proc\u00e8s-Verbal de la R\u00e9union du Conseil Municipal du 8 Juin 2018 - Mairie de Sainte-Marguerite Sur Mer","isPartOf":{"@id":"https:\/\/www.ste-marguerite-sur-mer.fr\/#website"},"datePublished":"2018-11-15T15:01:13+00:00","dateModified":"2018-11-15T15:01:24+00:00","author":{"@id":"https:\/\/www.ste-marguerite-sur-mer.fr\/#\/schema\/person\/4875f0d9570fa9643b4953b06cadbd28"},"breadcrumb":{"@id":"https:\/\/www.ste-marguerite-sur-mer.fr\/proces-verbal-de-la-reunion-du-conseil-municipal-du-8-juin-2018\/#breadcrumb"},"inLanguage":"de","potentialAction":[{"@type":"ReadAction","target":["https:\/\/www.ste-marguerite-sur-mer.fr\/proces-verbal-de-la-reunion-du-conseil-municipal-du-8-juin-2018\/"]}]},{"@type":"BreadcrumbList","@id":"https:\/\/www.ste-marguerite-sur-mer.fr\/proces-verbal-de-la-reunion-du-conseil-municipal-du-8-juin-2018\/#breadcrumb","itemListElement":[{"@type":"ListItem","position":1,"name":"Accueil","item":"https:\/\/www.ste-marguerite-sur-mer.fr\/"},{"@type":"ListItem","position":2,"name":"Proc\u00e8s-Verbal de la R\u00e9union du Conseil Municipal du 8 Juin 2018"}]},{"@type":"WebSite","@id":"https:\/\/www.ste-marguerite-sur-mer.fr\/#website","url":"https:\/\/www.ste-marguerite-sur-mer.fr\/","name":"Mairie de Sainte-Marguerite Sur Mer","description":"commune de normandie","potentialAction":[{"@type":"SearchAction","target":{"@type":"EntryPoint","urlTemplate":"https:\/\/www.ste-marguerite-sur-mer.fr\/?s={search_term_string}"},"query-input":{"@type":"PropertyValueSpecification","valueRequired":true,"valueName":"search_term_string"}}],"inLanguage":"de"},{"@type":"Person","@id":"https:\/\/www.ste-marguerite-sur-mer.fr\/#\/schema\/person\/4875f0d9570fa9643b4953b06cadbd28","name":"mairie.stemargueritesurmer@wanadoo.fr","image":{"@type":"ImageObject","inLanguage":"de","@id":"https:\/\/www.ste-marguerite-sur-mer.fr\/#\/schema\/person\/image\/","url":"https:\/\/secure.gravatar.com\/avatar\/40ab497ab45615f9e8602bea4f1611c6cec0aa64725a35223b24c4c66a09055d?s=96&d=mm&r=g","contentUrl":"https:\/\/secure.gravatar.com\/avatar\/40ab497ab45615f9e8602bea4f1611c6cec0aa64725a35223b24c4c66a09055d?s=96&d=mm&r=g","caption":"mairie.stemargueritesurmer@wanadoo.fr"},"sameAs":["www.facebook.com\/MairieSainteMargueritesurmer"]}]}},"_links":{"self":[{"href":"https:\/\/www.ste-marguerite-sur-mer.fr\/de\/wp-json\/wp\/v2\/posts\/3128","targetHints":{"allow":["GET"]}}],"collection":[{"href":"https:\/\/www.ste-marguerite-sur-mer.fr\/de\/wp-json\/wp\/v2\/posts"}],"about":[{"href":"https:\/\/www.ste-marguerite-sur-mer.fr\/de\/wp-json\/wp\/v2\/types\/post"}],"author":[{"embeddable":true,"href":"https:\/\/www.ste-marguerite-sur-mer.fr\/de\/wp-json\/wp\/v2\/users\/5"}],"replies":[{"embeddable":true,"href":"https:\/\/www.ste-marguerite-sur-mer.fr\/de\/wp-json\/wp\/v2\/comments?post=3128"}],"version-history":[{"count":0,"href":"https:\/\/www.ste-marguerite-sur-mer.fr\/de\/wp-json\/wp\/v2\/posts\/3128\/revisions"}],"wp:attachment":[{"href":"https:\/\/www.ste-marguerite-sur-mer.fr\/de\/wp-json\/wp\/v2\/media?parent=3128"}],"wp:term":[{"taxonomy":"category","embeddable":true,"href":"https:\/\/www.ste-marguerite-sur-mer.fr\/de\/wp-json\/wp\/v2\/categories?post=3128"},{"taxonomy":"post_tag","embeddable":true,"href":"https:\/\/www.ste-marguerite-sur-mer.fr\/de\/wp-json\/wp\/v2\/tags?post=3128"}],"curies":[{"name":"wp","href":"https:\/\/api.w.org\/{rel}","templated":true}]}}