{"id":3142,"date":"2022-03-18T16:04:45","date_gmt":"2022-03-18T15:04:45","guid":{"rendered":"https:\/\/www.ste-marguerite-sur-mer.fr\/?p=3142"},"modified":"2022-06-28T16:46:51","modified_gmt":"2022-06-28T14:46:51","slug":"proces-verbal-de-la-reunion-du-conseil-municipal-seance-du-18-mars-2022","status":"publish","type":"post","link":"https:\/\/www.ste-marguerite-sur-mer.fr\/de\/proces-verbal-de-la-reunion-du-conseil-municipal-seance-du-18-mars-2022\/","title":{"rendered":"Protokoll der Sitzung des Gemeinderats vom 18. M\u00e4rz 2022"},"content":{"rendered":"<div class=\"fusion-fullwidth fullwidth-box fusion-builder-row-1 nonhundred-percent-fullwidth non-hundred-percent-height-scrolling\" style=\"background-color: rgba(255,255,255,0);background-position: center center;background-repeat: no-repeat;padding-top:0px;padding-right:30px;padding-bottom:0px;padding-left:30px;margin-bottom: 0px;margin-top: 0px;border-width: 0px 0px 0px 0px;border-color:#e7e4e2;border-style:solid;\" ><div class=\"fusion-builder-row fusion-row\"><div class=\"fusion-layout-column fusion_builder_column fusion-builder-column-0 fusion_builder_column_1_1 1_1 fusion-one-full fusion-column-first fusion-column-last\" style=\"margin-top:10px;margin-bottom:10px;\"><div class=\"fusion-column-wrapper fusion-flex-column-wrapper-legacy\" style=\"background-position:left top;background-repeat:no-repeat;-webkit-background-size:cover;-moz-background-size:cover;-o-background-size:cover;background-size:cover;padding: 0px 0px 0px 0px;\"><div class=\"fusion-text fusion-text-1\"><p><strong><em><u>Protokoll der Sitzung des Gemeinderats<\/u><\/em><\/strong><\/p>\n<p><strong><em><u>Sitzung vom 18. M\u00e4rz 2022<\/u><\/em><\/strong><\/p>\n<p><em>Im Jahr zweitausendzweiundzwanzig, am achtzehnten M\u00e4rz, um achtundneunzig Uhr dreiunddrei\u00dfig Minuten, trat der ordnungsgem\u00e4\u00df einberufene Gemeinderat unter dem Vorsitz von Herrn Olivier de CONIHOUT, B\u00fcrgermeister, zu einer \u00f6ffentlichen Sitzung zusammen.<\/em><\/p>\n<p><em>\u00a0<\/em><em><u>Anwesend waren <\/u><\/em><em>: <\/em><\/p>\n<ul>\n<li><em>Damen V\u00e9ronique DEPREUX, Brigitte GAUTHIER-DARCET, Christine MOUQUET, Catherine CORNILLOT<\/em><\/li>\n<li><em>Herren Olivier de CONIHOUT, Francis LEGROUT, Jean-Fran\u00e7ois DEROIDE, Philippe BOSQUET, David PETITON, Christophe TIRARD, Philippe HERITIER<\/em><\/li>\n<\/ul>\n<p><em>\u00a0<\/em><em><u>Entschuldigt abwesend <\/u><\/em><em>: <\/em><\/p>\n<p><em>\u00a0<\/em><em><u>Macht <\/u><\/em><em>: <\/em><\/p>\n<p><em>\u00a0<\/em><\/p>\n<p><em>Herr Jean-Fran\u00e7ois DEROIDE wurde zum Sitzungssekret\u00e4r gew\u00e4hlt.<\/em><\/p>\n<p><em>\u00a0<\/em><\/p>\n<p><em>\u00a0<\/em><em><u>Datum der Einberufung<\/u><\/em><em>\u00a0: am 10. M\u00e4rz 2022\u00a0\u00a0\u00a0\u00a0\u00a0\u00a0\u00a0\u00a0\u00a0 \u00a0\u00a0\u00a0\u00a0\u00a0\u00a0\u00a0\u00a0<u>Datum der Anzeige<\/u>\u00a0: am 10. M\u00e4rz 2022<\/em><\/p>\n<p><em>\u00a0<\/em><em>Der B\u00fcrgermeister er\u00f6ffnet die Sitzung.<\/em><\/p>\n<p><em>\u00a0<\/em><\/p>\n<p><em>\u00a0<\/em><strong><em><u>Tagesordnung<\/u><\/em><\/strong><strong><em>\u00a0:<\/em><\/strong><\/p>\n<ul>\n<li><em>Annahme des Protokolls der vorangegangenen Sitzung<\/em><\/li>\n<li><em>Verwaltungsrechnung Kommune 2021<\/em><\/li>\n<li><em>Verwaltungsrechnung Kommune 2021<\/em><\/li>\n<li><em>Zuweisung des Ergebnisses <\/em><\/li>\n<li><em>Kommunale Zusch\u00fcsse 2022<\/em><\/li>\n<li><em>Vorl\u00e4ufiger Haushaltsplan 2022<\/em><\/li>\n<li><em>Mitteilungen des B\u00fcrgermeisters<\/em><\/li>\n<li><em>Abstimmung \u00fcber den Steuersatz f\u00fcr die Grundsteuer auf bebaute Grundst\u00fccke (TFPB)<\/em><\/li>\n<li><em>Anrechenbare Ausgaben<\/em> <em>auf das Konto 6232 \"Feste und Feiern\".<\/em><\/li>\n<li><em>Vereinbarung \u00fcber die Bauleitung des Vasterival-Tals - Syndicat Mixte du Littoral<\/em><\/li>\n<li><em>Antrag auf Finanzierung aus dem Leader-Fonds - Arbeiten am Rathaus<\/em><\/li>\n<li><em>Auswahl der Unternehmen - Arbeiten am Rathaus<\/em><\/li>\n<li><em>Mitteilungen der Kommissionen<\/em><\/li>\n<li><em>Verschiedene Fragen<\/em><\/li>\n<\/ul>\n<p><strong><em><u>Verabschiedung des Protokolls der vorherigen Sitzung<\/u><\/em><\/strong><\/p>\n<p><em>Das Protokoll der vorangegangenen Sitzung, das jedem Mitglied des Gemeinderats vorab \u00fcbermittelt wurde, wurde einstimmig angenommen, da es keine Anmerkungen gab.<\/em><\/p>\n<p><em>\u00a0<\/em><\/p>\n<p><strong><em>Mit Blick auf die Haushaltsfragen \u00fcbergab der B\u00fcrgermeister den Vorsitz an Frau GAUTHIER-DARCET, Vorsitzende des Finanzausschusses.<\/em><\/strong><\/p>\n<p><strong><em><u>Verwaltungsrechnung 2021<\/u><\/em><\/strong><\/p>\n<p><em>Frau GAUTHIER-DARCET erinnerte daran, dass die Haushaltsrechnung die Rechnungslegung des Rechnungsf\u00fchrers an den Anweisungsbefugten darstellt. Sie muss vor der Verwaltungsrechnung abgestimmt werden. <\/em><\/p>\n<p><em>Nach Vorlage des Haushaltsplans f\u00fcr das Haushaltsjahr 2021 und des dazugeh\u00f6rigen \u00c4nderungsbeschlusses, der endg\u00fcltigen Titel der einzuziehenden Forderungen, der detaillierten Aufstellung der get\u00e4tigten Ausgaben und der ausgestellten Mandate, der Borderaux der Einnahmetitel, der Mandate, der vom Empf\u00e4nger erstellten Haushaltsrechnung mit den Entwicklungs\u00fcbersichten der Konten Dritter sowie den Aufstellungen der Aktiva, Passiva, der noch einzuziehenden Betr\u00e4ge und der noch zu zahlenden Betr\u00e4ge.<\/em><\/p>\n<p><em>Nachdem er sich vergewissert hat, dass der Empf\u00e4nger in seinen B\u00fcchern den Betrag jedes einzelnen Saldos aus der Bilanz des Haushaltsjahres 2021, den Betrag aller ausgestellten Titel und aller angeordneten Zahlungsanweisungen erfasst hat und dass er alle Ordnungsma\u00dfnahmen vorgenommen hat, die ihm vorgeschrieben wurden, in seinen B\u00fcchern zu verbuchen.<\/em><\/p>\n<p><em>In Anbetracht der Tatsache, dass die Einnahmen- und Ausgabenvorg\u00e4nge ordnungsgem\u00e4\u00df und ausreichend begr\u00fcndet erscheinen, legt Frau GAUTHIER-DARCET der Versammlung die Haushaltsrechnung 2021 vor, die mit der Verwaltungsrechnung 2021 identisch ist.<\/em><\/p>\n<p><em>Der Gemeinderat (der B\u00fcrgermeister nimmt nicht an der Abstimmung teil) hat sich beraten und stimmt einstimmig zu :<\/em><\/p>\n<ul>\n<li><em>BESCHLIESST die Haushaltsrechnung des Stadtschatzmeisters f\u00fcr das Haushaltsjahr 2021. <\/em><\/li>\n<\/ul>\n<p><em>Diese vom Anweisungsbefugten mit einem Sichtvermerk versehene und als richtig bescheinigte Einnahmen- und Ausgabenrechnung gibt keinen Anlass zu Bemerkungen oder Vorbehalten hinsichtlich der Rechnungsf\u00fchrung.<\/em><\/p>\n<p><em>\u00a0<\/em><\/p>\n<p><strong><em><u>Verwaltungsrechnung 2021<\/u><\/em><\/strong><\/p>\n<p><em>Der von Frau GAUTHIER-DARCET vorgestellte Verwaltungshaushalt der Gemeinde 2021 weist folgende Ergebnisse aus:<\/em><\/p>\n<p><em>\u00a0\u00a0\u00a0\u00a0\u00a0\u00a0\u00a0\u00a0\u00a0\u00a0\u00a0 <u>Abschnitt Funktion <\/u><\/em><\/p>\n<p><em>\u00a0\u00a0\u00a0\u00a0\u00a0\u00a0\u00a0\u00a0\u00a0\u00a0\u00a0 Einnahmen: 464.058,64 \u20ac.<\/em><\/p>\n<p><em>\u00a0\u00a0\u00a0\u00a0\u00a0\u00a0\u00a0\u00a0\u00a0\u00a0\u00a0 Ausgaben: 355.027,77 \u20ac.<\/em><\/p>\n<p><em>\u00a0\u00a0\u00a0\u00a0\u00a0\u00a0\u00a0\u00a0\u00a0\u00a0\u00a0 \u00dcberschuss: 109.030.87 \u20ac.<\/em><\/p>\n<p><em>\u00a0<\/em><\/p>\n<p><em>\u00a0\u00a0\u00a0\u00a0\u00a0\u00a0\u00a0\u00a0\u00a0\u00a0\u00a0 <u>Abschnitt Investitionen<\/u><\/em><\/p>\n<p><em>\u00a0\u00a0\u00a0\u00a0\u00a0\u00a0\u00a0\u00a0\u00a0\u00a0\u00a0 Einnahmen: 296.699,57 \u20ac.<\/em><\/p>\n<p><em>\u00a0\u00a0\u00a0\u00a0\u00a0\u00a0\u00a0\u00a0\u00a0\u00a0\u00a0 Ausgaben: 105.643,75 \u20ac.<\/em><\/p>\n<p><em>\u00a0\u00a0\u00a0\u00a0\u00a0\u00a0\u00a0\u00a0\u00a0\u00a0\u00a0 \u00dcberschuss: 191.055.82 \u20ac.<\/em><\/p>\n<p><em>\u00a0\u00a0\u00a0\u00a0\u00a0\u00a0\u00a0\u00a0\u00a0\u00a0\u00a0 <u>Gesamtabschluss\u00fcberschuss<\/u>\u00a0:<\/em><\/p>\n<p><em>\u00a0\u00a0\u00a0\u00a0\u00a0\u00a0\u00a0\u00a0\u00a0\u00a0\u00a0 Betriebs\u00fcberschuss + Investitions\u00fcberschuss<\/em><\/p>\n<p><em>\u00a0\u00a0\u00a0\u00a0\u00a0\u00a0\u00a0\u00a0\u00a0\u00a0\u00a0 \u00a0\u00a0\u00a0\u00a0\u00a0\u00a0\u00a0 109\u00a0030.87 \u20ac\u00a0\u00a0\u00a0\u00a0\u00a0\u00a0\u00a0\u00a0\u00a0\u00a0\u00a0\u00a0\u00a0\u00a0\u00a0\u00a0\u00a0\u00a0\u00a0\u00a0\u00a0\u00a0\u00a0\u00a0\u00a0\u00a0\u00a0\u00a0\u00a0\u00a0\u00a0 +\u00a0\u00a0\u00a0\u00a0\u00a0\u00a0\u00a0\u00a0 \u00a0\u00a0\u00a0\u00a0\u00a0\u00a0\u00a0 191\u00a0055.82 \u20ac\u00a0\u00a0\u00a0\u00a0\u00a0\u00a0\u00a0 =\u00a0\u00a0\u00a0\u00a0\u00a0\u00a0\u00a0\u00a0 \u00a0 300\u00a0086.69 \u20ac<\/em><\/p>\n<p><em>\u00a0<\/em><\/p>\n<p><em>Kumulierte Ergebnisse, die in den Haushaltsvoranschlag 2022 zu \u00fcbernehmen sind, lauten somit wie folgt :<\/em><\/p>\n<p><em>\u00a0\u00a0\u00a0\u00a0\u00a0\u00a0\u00a0\u00a0\u00a0\u00a0\u00a0 <u>Abschnitt Funktion<\/u><\/em><\/p>\n<p><em>\u00a0\u00a0\u00a0\u00a0\u00a0\u00a0\u00a0\u00a0\u00a0\u00a0\u00a0 \u00a0\u00a0\u00a0\u00a0 Vorjahres\u00fcberschuss + Jahres\u00fcberschuss - F\u00fcr Investitionen verwendeter Anteil<\/em><em>\u00a0 \u00a0 \u00a0 \u00a0 \u00a0 \u00a0 \u00a0 \u00a0 \u00a0 \u00a0 \u00a0 \u00a0 \u00a0 \u00a0 \u00a0 \u00a0 \u00a0 \u00a0 \u00a0 \u00a0 \u00a0 \u00a0 \u00a0 \u00a0 \u00a0 \u00a0 \u00a0 \u00a0 \u00a0<\/em><\/p>\n<p><em>\u00a0\u00a0\u00a0\u00a0\u00a0\u00a0\u00a0\u00a0\u00a0\u00a0\u00a0\u00a0\u00a0\u00a0\u00a0\u00a0\u00a0\u00a0\u00a0\u00a0\u00a0\u00a0\u00a0 213\u00a0961.92 \u20ac\u00a0\u00a0\u00a0\u00a0 +\u00a0\u00a0\u00a0 109\u00a0030.87 \u20ac\u00a0 \u00a0\u00a0\u00a0\u00a0\u00a0\u00a0&#8211;\u00a0\u00a0\u00a0 \u00a0\u00a0\u00a0\u00a0\u00a076\u00a0951 \u20ac\u00a0 \u00a0\u00a0\u00a0\u00a0\u00a0\u00a0\u00a0\u00a0\u00a0\u00a0=\u00a0\u00a0\u00a0\u00a0\u00a0\u00a0\u00a0\u00a0\u00a0 <strong><u>246\u00a0041.79 \u20ac<\/u><\/strong><\/em><\/p>\n<p><em>\u00a0\u00a0\u00a0\u00a0\u00a0\u00a0\u00a0\u00a0\u00a0\u00a0\u00a0 <u>Abschnitt Investitionen<\/u><\/em><\/p>\n<p><em>\u00a0\u00a0\u00a0\u00a0\u00a0\u00a0\u00a0\u00a0\u00a0\u00a0\u00a0 \u00a0\u00a0\u00a0 Vorjahresdefizit + Jahres\u00fcberschuss<\/em><\/p>\n<p><em>\u00a0\u00a0\u00a0\u00a0\u00a0\u00a0\u00a0\u00a0\u00a0\u00a0\u00a0 \u00a0\u00a0\u00a0\u00a0\u00a0\u00a0 &#8211;\u00a0\u00a0 103\u00a0377.93 \u20ac\u00a0\u00a0\u00a0\u00a0\u00a0\u00a0\u00a0\u00a0\u00a0\u00a0\u00a0\u00a0\u00a0\u00a0\u00a0\u00a0 \u00a0\u00a0\u00a0\u00a0\u00a0\u00a0\u00a0\u00a0 +\u00a0\u00a0\u00a0\u00a0\u00a0\u00a0\u00a0\u00a0\u00a0\u00a0\u00a0\u00a0\u00a0\u00a0\u00a0\u00a0\u00a0\u00a0\u00a0\u00a0\u00a0\u00a0\u00a0\u00a0 191\u00a0055.82 \u20ac\u00a0\u00a0\u00a0\u00a0\u00a0 =\u00a0\u00a0\u00a0\u00a0\u00a0\u00a0 <strong><u>87\u00a0677.89 \u20ac<\/u><\/strong><\/em><\/p>\n<p><em>\u00a0<\/em><\/p>\n<p><em><u>Ergebnis des Abschlusses<\/u><\/em><\/p>\n<p><em>\u00a0\u00a0\u00a0\u00a0\u00a0\u00a0\u00a0\u00a0\u00a0\u00a0\u00a0 Betriebs\u00fcberschuss + Investitions\u00fcberschuss<\/em><\/p>\n<p><em>\u00a0\u00a0\u00a0\u00a0\u00a0\u00a0\u00a0\u00a0\u00a0\u00a0\u00a0 \u00a0\u00a0\u00a0\u00a0 246\u00a0041.79 \u20ac\u00a0\u00a0\u00a0\u00a0\u00a0\u00a0\u00a0\u00a0\u00a0\u00a0\u00a0\u00a0\u00a0\u00a0\u00a0\u00a0\u00a0\u00a0\u00a0\u00a0\u00a0\u00a0 \u00a0\u00a0\u00a0\u00a0\u00a0\u00a0\u00a0\u00a0 +\u00a0\u00a0\u00a0\u00a0\u00a0\u00a0\u00a0\u00a0\u00a0\u00a0\u00a0\u00a0 \u00a0\u00a0\u00a0\u00a0 87\u00a0677.89 \u20ac =\u00a0\u00a0\u00a0\u00a0 \u00a0\u00a0\u00a0\u00a0\u00a0\u00a0<strong><u>333\u00a0719.68 \u20ac<\/u><\/strong><\/em><\/p>\n<p><em>Der Gemeinderat, nach Beratung, wobei Herr de CONIHOUT, B\u00fcrgermeister, nicht an der Abstimmung teilnimmt :<\/em><\/p>\n<ul>\n<li><em>BESCHLIESST den Verwaltungshaushalt der Gemeinde 2021.<\/em><\/li>\n<\/ul>\n<p><em>\u00a0<\/em><\/p>\n<p><strong><em><u>Zuweisung des Ergebnisses<\/u><\/em><\/strong><\/p>\n<p><em>\u00a0<\/em><\/p>\n<p><em>Der Gemeinderat versammelte sich unter dem Vorsitz von Herrn Olivier de CONIHOUT B\u00fcrgermeister, nachdem er die Verwaltungsrechnung f\u00fcr das Haushaltsjahr 2021 angenommen hatte, deren Ergebnisse mit der Haushaltsrechnung \u00fcbereinstimmen und sich wie folgt darstellen:<\/em><\/p>\n<ul>\n<li><em>Betriebs\u00fcberschuss von 246.041,79 \u20ac. <\/em><\/li>\n<li><em>Investitions\u00fcberschuss von 87.677,89 \u20ac.<\/em><\/li>\n<\/ul>\n<p><em>Der Gemeinderat, nach Beratung, einstimmig :<\/em><\/p>\n<ul>\n<li><em>BESCHLIESST, die Ergebnisse des Haushaltsjahres 2021 wie folgt in den prim\u00e4ren Haushalt f\u00fcr das Haushaltsjahr 2022 einzustellen:<\/em><\/li>\n<\/ul>\n<ul>\n<li><em>Deckung des Finanzierungsbedarfs des Investitionsabschnitts durch Abstimmung auf das Konto 1068 \"Kapitalisierte Betriebs\u00fcbersch\u00fcsse\" in H\u00f6he von 120.000 \u20ac.<\/em><\/li>\n<li><em>Konto R002 \"\u00dcbertragener Betriebs\u00fcberschuss\" 126.041,79 \u20ac.<\/em><\/li>\n<li><em>Konto D001 \"\u00dcbertragener Investitions\u00fcberschuss\": 87.677,89 \u20ac.<\/em><\/li>\n<\/ul>\n<p><strong><em><u>Vorl\u00e4ufiger Haushaltsplan 2022<\/u><\/em><\/strong><\/p>\n<p><em>Der Finanzausschuss trat am 10. Dezember 2021 und 18. Februar 2022 zusammen. <\/em><\/p>\n<p><em>GEST\u00dcTZT auf die Zustimmung vom 17. Februar 2022 der Schatzmeisterei von Dieppe Municipale,<\/em><\/p>\n<p><em>Der von Frau GAUTHIER-DARCET vorgestellte Haushaltsvoranschlag 2022 ist kapitelweise f\u00fcr den Verwaltungs- und Investitionsbereich in Einnahmen und Ausgaben ausgeglichen, der Haushaltsvoranschlag 2021, der sich wie folgt darstellt:<\/em><\/p>\n<p><em>\u00a0\u00a0\u00a0\u00a0\u00a0\u00a0\u00a0\u00a0\u00a0\u00a0\u00a0 <\/em><strong><em>\u00d8<\/em><\/strong><strong><em> Betriebsausgaben: 614.431,79 \u20acuros<\/em><\/strong><\/p>\n<p><strong><em>\u00a0<\/em><\/strong><\/p>\n<p><strong><em>\u00a0\u00a0\u00a0\u00a0\u00a0\u00a0\u00a0\u00a0\u00a0\u00a0\u00a0 <\/em><\/strong><strong><em>\u00d8<\/em><\/strong><strong><em> Einnahmen aus dem Betrieb: 614.431,79 \u20acuros<\/em><\/strong><\/p>\n<p><strong><em>\u00a0<\/em><\/strong><\/p>\n<p><strong><em>\u00a0\u00a0\u00a0\u00a0\u00a0\u00a0\u00a0\u00a0\u00a0\u00a0\u00a0 <\/em><\/strong><strong><em>\u00d8<\/em><\/strong><strong><em> Investitionsausgaben: 656 567.24 \u20acuros<\/em><\/strong><\/p>\n<p><strong><em>\u00a0<\/em><\/strong><\/p>\n<p><strong><em>\u00a0\u00a0\u00a0\u00a0\u00a0\u00a0\u00a0\u00a0\u00a0\u00a0\u00a0 <\/em><\/strong><strong><em>\u00d8<\/em><\/strong><strong><em> Investitionseinnahmen: 656 567.24 \u20acuros<\/em><\/strong><\/p>\n<p><em>\u00a0<\/em><\/p>\n<p><em>Der Gemeinderat, nach Beratung, einstimmig :<\/em><\/p>\n<ul>\n<li><em>VERABSCHIEDET den Haushaltsvoranschlag 2022.<\/em><\/li>\n<li><em>BESCHLIESST den Haushaltsplan, der in Ausgaben und Einnahmen auf 614.431,79 \u20ac im Verwaltungsbereich und auf 656.567,24 \u20ac im Investitionsbereich ausgeglichen ist.<\/em><\/li>\n<\/ul>\n<p><em>\u00a0<\/em><\/p>\n<p><strong><em>Nachdem die Haushaltsfragen behandelt wurden, \u00fcbernimmt der B\u00fcrgermeister f\u00fcr den Rest der Ratssitzung wieder den Vorsitz.<\/em><\/strong><\/p>\n<p><em>\u00a0<\/em><\/p>\n<p><strong><em><u>Kommunale Zusch\u00fcsse 2022<\/u><\/em><\/strong><\/p>\n<p><em>\u00a0<\/em><\/p>\n<p><em>Der Gemeinderat, nach Beratung :\u00a0\u00a0\u00a0\u00a0\u00a0\u00a0\u00a0\u00a0 \u00a0\u00a0\u00a0\u00a0\u00a0\u00a0\u00a0\u00a0\u00a0\u00a0\u00a0\u00a0\u00a0\u00a0\u00a0\u00a0\u00a0\u00a0\u00a0\u00a0\u00a0\u00a0\u00a0\u00a0\u00a0\u00a0\u00a0\u00a0\u00a0\u00a0\u00a0 <\/em><\/p>\n<ul>\n<li><em>BESCHLIESST, die folgenden Zusch\u00fcsse an Vereine zu vergeben, n\u00e4mlich :<\/em><\/li>\n<\/ul>\n<table>\n<tbody>\n<tr>\n<td width=\"287\"><em>Genossenschaft Grundschule<\/em><\/td>\n<td width=\"176\"><em>700.00 \u20ac<\/em><\/td>\n<\/tr>\n<tr>\n<td width=\"287\"><em>Kooperative Vorschule<\/em><\/td>\n<td width=\"176\"><em>\u00a0\u00a0\u00a0\u00a0\u00a0 700.00 \u20ac<\/em><\/td>\n<\/tr>\n<tr>\n<td width=\"287\"><em>Club Caprimont<\/em><\/td>\n<td width=\"176\"><em>400.00 \u20ac<\/em><\/td>\n<\/tr>\n<tr>\n<td width=\"287\"><em>Interkommunale Bibliothek<\/em><\/td>\n<td width=\"176\"><em>\u00a0\u00a0\u00a0\u00a0 500.00 \u20ac<\/em><\/td>\n<\/tr>\n<tr>\n<td width=\"287\"><em>Veteranen<\/em><\/td>\n<td width=\"176\"><em>\u00a0\u00a0\u00a0 160.00 \u20ac<\/em><\/td>\n<\/tr>\n<tr>\n<td width=\"287\"><em>Estran de Dieppe<\/em><\/td>\n<td width=\"176\"><em>1\u00a0100.00 \u20ac<\/em><\/td>\n<\/tr>\n<tr>\n<td width=\"287\"><em>Verein JUBILEE<\/em><\/td>\n<td width=\"176\"><em>150.00 \u20ac<\/em><\/td>\n<\/tr>\n<tr>\n<td width=\"287\"><em>Verein Marakana <\/em><\/td>\n<td width=\"176\"><em>500.00 \u20ac<\/em><\/td>\n<\/tr>\n<\/tbody>\n<\/table>\n<p><em>Zwei Vereine beantragten Sonderzusch\u00fcsse f\u00fcr das Jahr 2022:<\/em><\/p>\n<ul>\n<li><em>Association des Anciens Combattants: 1.500 \u20ac (Organisation der Gedenkfeiern zum 80.<sup>\u00e8me<\/sup> Jahrestag des Luftangriffs vom 19. August 1942)<\/em><\/li>\n<li><em>Verein Marakana: 2 500 \u20ac (Organisation eines Musikabends und des Festivals \"Sur les Chemins du Phare\".<\/em><\/li>\n<\/ul>\n<p><em>Die Elemente wurden allen Ratsmitgliedern am 24. Februar per E-Mail \u00fcbermittelt. Jeder konnte bis Donnerstag, den 10. M\u00e4rz, Anmerkungen oder Vorschl\u00e4ge machen.<\/em><\/p>\n<p><em>Es wurde vorgeschlagen, den beiden Vereinen die entsprechende Summe von 1.500 \u20ac als au\u00dferordentliche Zusch\u00fcsse zu gew\u00e4hren.<\/em><\/p>\n<p><em>Nach eingehender Beratung<\/em><\/p>\n<p><em>\u00a0<\/em><\/p>\n<p><strong><em><u>Leistung der Strandwache Saison 2022<\/u><\/em><\/strong><\/p>\n<p><em>M<\/em><em>ie B\u00fcrgermeisterin Olivier de CONIHOUT informierte die Mitglieder des Gemeinderats dar\u00fcber, dass der Service D\u00e9partemental d'Incendie et de secours die Strand\u00fcberwachung f\u00fcr die Sommersaison 2022 verl\u00e4ngert. Die Strand\u00fcberwachung f\u00fcr den Zeitraum vom 03. Juli bis 29. August im Jahr 2021 belief sich auf 12.762,93 \u20ac. <\/em><\/p>\n<p><em>Der Vorschlag f\u00fcr den Sommer 2022 wird auf einen Betrag von 13.000 \u20ac f\u00fcr den Zeitraum von Samstag, den 2. Juli bis Sonntag, den 28. August 2022 gesch\u00e4tzt.<\/em><\/p>\n<p><em>Der Gemeinderat, nach Beratung, einstimmig :<\/em><\/p>\n<ul>\n<li><em>BESCHLIESST, die \u00dcberwachung des Strandes f\u00fcr die Saison 2022 durch den Service D\u00e9partemental d'Incendie et de Secours f\u00fcr den Zeitraum von Samstag, den 2. Juli bis Sonntag, den 28. August 2022, also 58 Tage, f\u00fcr einen gesch\u00e4tzten Betrag von 13.000 \u20ac zu verl\u00e4ngern.<\/em><\/li>\n<li><em>BEST\u00c4TIGT den B\u00fcrgermeister, alle Dokumente zu unterzeichnen, die mit der Durchf\u00fchrung dieser Operation zusammenh\u00e4ngen.<\/em><\/li>\n<\/ul>\n<p><em>\u00a0<\/em><\/p>\n<p><strong><em><u>Mitteilungen des B\u00fcrgermeisters<\/u><\/em><\/strong><\/p>\n<p><strong><em>Agenda seit dem letzten Treffen <\/em><\/strong><\/p>\n<p><em>23. Februar: MOBY-Treffen (Schulmobilit\u00e4t) - Dieppe-Maritime<\/em><\/p>\n<p><em>25. Februar: Treffen mit Herrn BOUDET, Architekt, zur Vorbereitung der Ausschreibung f\u00fcr die Arbeiten am Rathaus<\/em><\/p>\n<p><em>03. M\u00e4rz: \u00dcbung Umsetzung der kommunalen Notfallpl\u00e4ne (PCS) in Verbindung mit der Pr\u00e4fektur<\/em><\/p>\n<p><em>07. M\u00e4rz: Unterzeichnung der Vereinbarung mit den zuk\u00fcnftigen Betreibern des Restaurants an der Strandpromenade<\/em><\/p>\n<p><em>8. M\u00e4rz: Training f\u00fcr den Umgang mit Unzivilisiertheit (Veules-les-Roses)<\/em><\/p>\n<p><em>08. M\u00e4rz: Gemeinschaftsb\u00fcro<\/em><\/p>\n<p><em>10. M\u00e4rz: Rat der Schulen des RPI - Quiberville-sur-Mer<\/em><\/p>\n<p><em>14. M\u00e4rz: PLU \/ Treffen zur Analyse der R\u00fcckmeldungen der assoziierten \u00f6ffentlichen Personen mit dem Planungsb\u00fcro<\/em><\/p>\n<p><em>14. M\u00e4rz: Treffen des Ausschusses f\u00fcr Gemeindeleben<\/em><\/p>\n<p><em>14. M\u00e4rz: Syndikatsrat des SMVOS<\/em><\/p>\n<p><em>15. M\u00e4rz: PLU \/ Arbeitstreffen mit dem Planungsb\u00fcro und der DDTM<\/em><\/p>\n<p><em>15. M\u00e4rz: Gemeinschaftsrat<\/em><\/p>\n<p><em>15. M\u00e4rz: Syndikat der Wassereinzugsgebiete<\/em><\/p>\n<p><em>18. M\u00e4rz: Gemeindeausschuss f\u00fcr direkte Steuern<\/em><\/p>\n<p><strong><em>Kommende Agenda <\/em><\/strong><\/p>\n<p><em>19. M\u00e4rz: Syndikatsrat der ASA de Vasterival<\/em><\/p>\n<p><em>22. M\u00e4rz: Gemeinschaftsb\u00fcro<\/em><\/p>\n<p><em>24. M\u00e4rz: Austauschtreffen Psychiatrie \/ innerfamili\u00e4re Gewalt<\/em><\/p>\n<p><em>29. M\u00e4rz: Erweiterter Gemeinschaftsvorstand<\/em><\/p>\n<p><em>02. April: Generalversammlung des Vereins Cap d'Ailly<\/em><\/p>\n<p><em>05. April: Gemeinschaftsrat<\/em><\/p>\n<p><em>10. April: 1<sup>er<\/sup> Runde der Pr\u00e4sidentschaftswahlen<\/em><\/p>\n<p><em>24. April: 2<sup>\u00e8me<\/sup> Runde der Pr\u00e4sidentschaftswahlen<\/em><\/p>\n<p><em>N\u00e4chste Sitzung des Gemeinderats am Freitag, den 29. April um 18:30 Uhr.<\/em><\/p>\n<p><em>\u00a0<\/em><\/p>\n<p><strong><em><u>Abstimmung \u00fcber den Steuersatz f\u00fcr die Grundsteuer auf bebaute Grundst\u00fccke<\/u><\/em><\/strong><\/p>\n<p><em>GEST\u00dcTZT auf die Abgabenordnung (Code G\u00e9n\u00e9ral des Imp\u00f4ts) und insbesondere die Artikel 1379, 1407 ff. sowie Artikel 1636B sexies \u00fcber lokale Steuern und die Abstimmung der Steuers\u00e4tze ;<\/em><\/p>\n<p><em>Gemeinder\u00e4tin Brigitte GAUTHIER-DARCET erinnerte an die Steuers\u00e4tze der drei Steuern f\u00fcr das Jahr 2021:<\/em><\/p>\n<p><em>Wohnsteuer: 14.15 %<\/em><\/p>\n<p><em>Grundsteuer f\u00fcr Geb\u00e4ude: 48.78 %<\/em><\/p>\n<p><em>Steuer auf unbebaute Grundst\u00fccke: 42.68 %<\/em><\/p>\n<p><em>Der Gemeinderat, auf Vorschlag, nach Beratung, einstimmig :<\/em><\/p>\n<ul>\n<li><strong><em>BESCHLIESST<\/em><\/strong><em> die Steuers\u00e4tze der lokalen Steuern f\u00fcr das Jahr 2022 gem\u00e4\u00df der folgenden Tabelle festzulegen :<\/em><\/li>\n<\/ul>\n<table>\n<tbody>\n<tr>\n<td width=\"267\"><em>\u00a0<\/em><\/td>\n<td width=\"126\"><em>Satz 2021<\/em><\/td>\n<td width=\"299\"><strong><em>Rate 2022<\/em><\/strong><\/td>\n<\/tr>\n<tr>\n<td width=\"267\"><em>Wohnsteuer <\/em><\/p>\n<p><em>(Zweitwohnsitze und leerstehende R\u00e4ume)<\/em><\/td>\n<td width=\"126\"><em>14.15 %<\/em><\/td>\n<td width=\"299\"><strong><em>14.15 %<\/em><\/strong><\/td>\n<\/tr>\n<tr>\n<td width=\"267\"><em>Steuer auf bebaute Grundst\u00fccke<\/em><\/td>\n<td width=\"126\"><em>23.42 %<\/em><\/td>\n<td width=\"299\"><em>Anwendung des Referenzsatzes im Jahr 2021 (Integration der GFG 2020 des Departements <\/em><\/p>\n<p><em>Entweder = 23.42 % + 25.36 % = <\/em><\/p>\n<p><strong><em>48.78 %<\/em><\/strong><\/td>\n<\/tr>\n<tr>\n<td width=\"267\"><em>Steuer auf unbebaute Grundst\u00fccke<\/em><\/td>\n<td width=\"126\"><em>42.68 %<\/em><\/td>\n<td width=\"299\"><strong><em>42.68 %<\/em><\/strong><\/td>\n<\/tr>\n<\/tbody>\n<\/table>\n<p><em>\u00a0<\/em><\/p>\n<p><strong><em><u>Ausgaben, die dem Konto 6232 zuzurechnen sind<\/u><\/em><\/strong><\/p>\n<p><em>Der B\u00fcrgermeister erkl\u00e4rt den Mitgliedern des Gemeinderats, dass der Hauptrechnungsf\u00fchrer alle K\u00f6rperschaften aufgefordert hat, im Rahmen eines Beschlusses die Bereiche der Ausgaben, die auf das Konto 6232 f\u00fcr das Jahr 2022 angerechnet werden, detailliert darzulegen.<\/em><\/p>\n<p><em>Der Gemeinderat, nach den Ausf\u00fchrungen des B\u00fcrgermeisters und nach Beratung,<\/em><\/p>\n<p><strong><em>BESCHLIESST mit zehn Stimmen bei einer Enthaltung <\/em><\/strong><em>dass unter dem Konto 6232 Feste und Feiern die folgenden Ausgaben verbucht werden:<\/em><\/p>\n<ul>\n<li><em>Ausgaben f\u00fcr verschiedene \u00f6ffentliche Gemeindezeremonien (Blumen, Aperitifs, Hochzeiten, Geburten, Beerdigungen, Gl\u00fcckw\u00fcnsche, Gemeindefeste, Zeremonien mit offiziellem Charakter oder Gedenkfeiern...),<\/em><\/li>\n<li><em>Ausgaben f\u00fcr Feiern zum Jahresende (Seniorenessen, Kinderweihnachten...),<\/em><\/li>\n<li><em>Ausgaben f\u00fcr Zeremonien\/Veranstaltungen mit \u00f6ffentlichem und allgemeinem Charakter.<\/em><\/li>\n<\/ul>\n<p><em>\u00a0<\/em><\/p>\n<p><strong><em><u>Vereinbarung \u00fcber die Bauherrenschaft f\u00fcr die Instandsetzung der Treppe im Tal von vasterival<\/u><\/em><\/strong><\/p>\n<p><em>Per Vereinbarung kann die Bauherrschaft f\u00fcr die Instandsetzung der Treppe vom Syndicat Mixte du Littoral 76 im Auftrag der Gemeinde \u00fcbernommen werden, im Rahmen des Auftrags f\u00fcr Reparatur- und Sanierungsarbeiten, \u00fcber den das SML76 f\u00fcr die Instandhaltung des Parks der unter seiner Verwaltung stehenden K\u00fcstenanlagen verf\u00fcgt.<\/em><\/p>\n<p><em>Diese Vereinbarung wird vom SML76 unentgeltlich gew\u00e4hrt.<\/em><\/p>\n<p><em>Die Arbeiten werden gem\u00e4\u00df den Regeln der Kunst und den vom SML76 festgelegten technischen Vorschriften, die das Arbeitsprogramm bilden, ausgef\u00fchrt.<\/em><\/p>\n<p><em>Die Gemeinde beh\u00e4lt sich das Recht vor, jederzeit Bemerkungen zum Ablauf der Arbeiten zu machen. Der SML76 verpflichtet sich, der Gemeinde und ihren Vertretern freien Zugang zu allen die Ma\u00dfnahme betreffenden Elementen sowie zur Baustelle (unter Einhaltung der Sicherheitsvorschriften) zu gew\u00e4hren.<\/em><\/p>\n<p><em>Die Bauleitung des Vorhabens (Planung, \u00dcberwachung und Abnahme der Arbeiten) wird von den Dienststellen des SML76 \u00fcbernommen.<\/em><\/p>\n<p><em>Das SML76 wird sich um die Antr\u00e4ge f\u00fcr das Befahren der Domaine Public Maritime sowie um die Einreichung des vereinfachten Formulars f\u00fcr die NATURA-2000-Vertr\u00e4glichkeitspr\u00fcfung k\u00fcmmern.<\/em><\/p>\n<p><em>Nach Abschluss der Operation legt das SML76 der Gemeinde eine Zusammenfassung der von ihm im Rahmen der Operation festgestellten Ausgaben vor, die von ihm abgezeichnet und von seinem zahlungspflichtigen Buchhalter best\u00e4tigt wird (Betrag von 25 488,05 \u20ac inkl. MwSt.).<\/em><\/p>\n<p><em>Die Gemeinde verpflichtet sich, dem SML76 alle im Rahmen der Operation festgestellten Ausgaben zu erstatten.<\/em><\/p>\n<p><em>Mit der Gemeinde Varengeville-sur-Mer wird ebenfalls eine Vereinbarung ausgearbeitet, in der sich jede Gemeinde fest und unwiderruflich verpflichtet, die H\u00e4lfte des Gesamtbetrags der im Rahmen des Projekts get\u00e4tigten Ausgaben (einschlie\u00dflich Steuern und Abgaben, abz\u00fcglich eventueller Zusch\u00fcsse) zu begleichen.<\/em><\/p>\n<p><em>Nach eingehender Beratung beschlie\u00dfen die Mitglieder des Gemeinderats einstimmig :<\/em><\/p>\n<ul>\n<li><em>Der Unterzeichnung der Vereinbarung zur Bauherrenschaft durch das Syndicat Mixte du Littoral 76 im Rahmen der Instandsetzung der Treppe im Vasterival-Tal zuzustimmen;<\/em><\/li>\n<li><em>Der Unterzeichnung der Vereinbarung mit der Gemeinde Varengeville-sur-Mer \u00fcber die Zahlung der H\u00e4lfte des Gesamtbetrags der angefallenen Kosten (inkl. MwSt.) zuzustimmen.<\/em><\/li>\n<\/ul>\n<p><em>\u00a0<\/em><\/p>\n<p><strong><em><u>Antrag auf Zuschuss aus dem Europ\u00e4ischen Leader-Fonds - Einrichtung einer Arztpraxis<\/u><\/em><\/strong><\/p>\n<p><em>Im Anschluss an die Pr\u00e4sentation von Herrn VENIANT k\u00f6nnten die f\u00fcr die Einrichtung der medizinischen Anlaufstelle vorgesehenen Arbeiten im Rahmen des Leader-Fonds f\u00f6rderf\u00e4hig sein.<\/em><\/p>\n<p><em>Der B\u00fcrgermeister ersucht den Gemeinderat um Zustimmung, um die Akte zusammenzustellen.<\/em><\/p>\n<p><em>Nach eingehender Beratung geben die Mitglieder des Gemeinderats einstimmig ihre Zustimmung zur Einreichung des Antrags auf Zusch\u00fcsse aus dem Leader-Fonds.<\/em><\/p>\n<p><em>\u00a0<\/em><\/p>\n<p><strong><em><u>Mitteilungen der Aussch\u00fcsse<\/u><\/em><\/strong><\/p>\n<ul>\n<li><strong><em>Arbeiten am Rathaus<\/em><\/strong><\/li>\n<\/ul>\n<p><em>Im Anschluss an den von Herrn BOUDET, einem Architekten, erstellten Kostenvoranschlag wurden die Unternehmen um Kostenvoranschl\u00e4ge gebeten (Startdatum der Ausschreibung: Montag, 28. Februar 2022, Enddatum: Dienstag, 15. M\u00e4rz 2022 um 12 Uhr).<\/em><\/p>\n<p><em>F\u00fcr Donnerstag, den 24. M\u00e4rz, ist ein Treffen mit dem Architekten geplant, um die Auswahl der Unternehmen festzulegen.<\/em><\/p>\n<ul>\n<li><strong><em><u>Ausschuss Gemeindeleben<\/u><\/em><\/strong><\/li>\n<\/ul>\n<p><em>Der Ausschuss trat am Montag, den 14. M\u00e4rz, unter dem Vorsitz von Frau DEPREUX zusammen.<\/em><\/p>\n<p><strong><em><u>Ausschuss f\u00fcr Kommunikation<\/u><\/em><\/strong><\/p>\n<ul>\n<li><strong><em><u>Newsletter Marguerite \u00e0 la P(l)age<\/u><\/em><\/strong><\/li>\n<\/ul>\n<p><em>Der Kommunikationsausschuss informiert die Ratsmitglieder, dass der n\u00e4chste Newsletter in Woche 12 erscheinen wird. Aufgrund von Informationen \u00fcber Veranstaltungen Anfang April muss die Verteilung bis Freitag, den 1. April erfolgen.<sup>er<\/sup> April 2022.<\/em><\/p>\n<p><strong><em><u>Gemeindeausschuss f\u00fcr direkte Steuern<\/u><\/em><\/strong><\/p>\n<p><em>Auf Antrag der Steuerbeh\u00f6rde trat der Ausschuss am Freitag, den 18. M\u00e4rz 2022, zusammen.<\/em><\/p>\n<p><em>Anwesend waren :<\/em><\/p>\n<ul>\n<li><em>Brigitte GAUTHIER-DARCET - Catherine CORNILLOT<\/em><\/li>\n<li><em>Christophe TIRARD - Philippe LEFEBVRE<\/em><\/li>\n<li><em>Francis LEGROUT - Jean-Fran\u00e7ois DEROIDE<\/em><\/li>\n<\/ul>\n<p><em>Der Ausschuss wurde aufgefordert, seine Stellungnahme zu den aktualisierten Bewertungen f\u00fcr bebaute und unbebaute Grundst\u00fccke abzugeben. 8 Anmerkungen wurden vom Ausschuss festgehalten und an die Abteilung f\u00fcr Grundsteuer (Service D\u00e9partemental des Imp\u00f4ts Fonciers) weitergeleitet.<\/em><\/p>\n<p><strong><em><u>Verschiedene Fragen<\/u><\/em><\/strong><\/p>\n<p><strong><em><u>Zustimmung zur Fiskalisierung des SMVOS<\/u><\/em><\/strong><\/p>\n<p><em>Wie jedes Jahr und nach der letzten Sitzung des SMVOS am 14. M\u00e4rz werden die Gemeinden des Syndikats aufgefordert, sich zu beraten, um die Fiskalisierung f\u00fcr die Beteiligung an den Betriebskosten zu akzeptieren.<\/em><\/p>\n<p><em>Nachdem der SMVOS den Gesamtbetrag dieser Beteiligung (50.123 \u20ac) und die Zahlungsmodalit\u00e4ten (Beteiligungssteuer an den Schulverband \u00fcber die Grundsteuer) pr\u00e4zisiert hat, best\u00e4tigt der Gemeinderat die Fiskalisierung und die Unterzeichnung der diesbez\u00fcglichen Dokumente durch den B\u00fcrgermeister.<\/em><\/p>\n<p><strong><em><u>Bezeichnung des Restaurants an der Strandpromenade<\/u><\/em><\/strong><\/p>\n<p><em>Nach der Unterzeichnung der prek\u00e4ren Nutzungsvereinbarung vom 7. M\u00e4rz 2022 schlagen Herr BOULANGER und Frau BO\u00c9 den Namen \"Les Voiles\" f\u00fcr das Restaurant an der Strandpromenade vor.<\/em><\/p>\n<p><em>Nach eingehender Beratung best\u00e4tigt der Gemeinderat den Vorschlag einstimmig.<\/em><\/p>\n<p><strong><em><u>Wahlen<\/u><\/em><\/strong><\/p>\n<p><em>Im Hinblick auf die bevorstehenden Wahlen informiert die Sekret\u00e4rin des B\u00fcrgermeisteramts, Frau LAFOREST, die Ratsmitglieder, dass sie ihnen demn\u00e4chst den Zeitplan f\u00fcr die Besetzung der B\u00fcros mitteilen wird.<\/em><\/p>\n<p><em>\u00a0<\/em><\/p>\n<p><em>\u00a0\u00a0\u00a0\u00a0\u00a0\u00a0\u00a0\u00a0\u00a0\u00a0\u00a0\u00a0\u00a0\u00a0\u00a0\u00a0\u00a0\u00a0\u00a0\u00a0\u00a0\u00a0\u00a0\u00a0\u00a0\u00a0\u00a0\u00a0\u00a0\u00a0\u00a0\u00a0\u00a0\u00a0\u00a0\u00a0\u00a0\u00a0\u00a0\u00a0\u00a0\u00a0\u00a0\u00a0\u00a0\u00a0\u00a0\u00a0\u00a0\u00a0\u00a0\u00a0\u00a0\u00a0\u00a0\u00a0\u00a0\u00a0\u00a0\u00a0\u00a0\u00a0\u00a0\u00a0\u00a0\u00a0\u00a0\u00a0\u00a0\u00a0 Der B\u00fcrgermeister schlie\u00dft die Sitzung um 20:45 Uhr.<\/em><\/p>\n<p><em>\u00a0<\/em><\/p>\n<p><em>\u00a0<\/em><\/p>\n<\/div><div class=\"fusion-clearfix\"><\/div><\/div><\/div><\/div><\/div>","protected":false},"excerpt":{"rendered":"","protected":false},"author":1,"featured_media":0,"comment_status":"open","ping_status":"open","sticky":false,"template":"","format":"standard","meta":{"footnotes":""},"categories":[19,56],"tags":[],"class_list":["post-3142","post","type-post","status-publish","format-standard","hentry","category-affichage_municipal","category-compte-rendus-du-cm"],"yoast_head":"<!-- This site is optimized with the Yoast SEO plugin v25.3 - https:\/\/yoast.com\/wordpress\/plugins\/seo\/ -->\n<title>Compte rendu de la r\u00e9union du Conseil Municipal du 18 mars 2022 - Mairie de Sainte-Marguerite Sur Mer<\/title>\n<meta name=\"robots\" content=\"index, follow, max-snippet:-1, max-image-preview:large, max-video-preview:-1\" \/>\n<link rel=\"canonical\" href=\"https:\/\/www.ste-marguerite-sur-mer.fr\/de\/proces-verbal-de-la-reunion-du-conseil-municipal-seance-du-18-mars-2022\/\" \/>\n<meta property=\"og:locale\" content=\"de_DE\" \/>\n<meta property=\"og:type\" content=\"article\" \/>\n<meta property=\"og:title\" content=\"Compte rendu de la r\u00e9union du Conseil Municipal du 18 mars 2022 - Mairie de Sainte-Marguerite Sur Mer\" \/>\n<meta property=\"og:url\" content=\"https:\/\/www.ste-marguerite-sur-mer.fr\/de\/proces-verbal-de-la-reunion-du-conseil-municipal-seance-du-18-mars-2022\/\" \/>\n<meta property=\"og:site_name\" content=\"Mairie de Sainte-Marguerite Sur Mer\" \/>\n<meta property=\"article:published_time\" content=\"2022-03-18T15:04:45+00:00\" \/>\n<meta property=\"article:modified_time\" content=\"2022-06-28T14:46:51+00:00\" \/>\n<meta name=\"author\" content=\"SteMargueriteAdm018\" \/>\n<meta name=\"twitter:card\" content=\"summary_large_image\" \/>\n<meta name=\"twitter:label1\" content=\"Verfasst von\" \/>\n\t<meta name=\"twitter:data1\" content=\"SteMargueriteAdm018\" \/>\n\t<meta name=\"twitter:label2\" content=\"Gesch\u00e4tzte Lesezeit\" \/>\n\t<meta name=\"twitter:data2\" content=\"9\u00a0Minuten\" \/>\n<script type=\"application\/ld+json\" class=\"yoast-schema-graph\">{\"@context\":\"https:\/\/schema.org\",\"@graph\":[{\"@type\":\"WebPage\",\"@id\":\"https:\/\/www.ste-marguerite-sur-mer.fr\/proces-verbal-de-la-reunion-du-conseil-municipal-seance-du-18-mars-2022\/\",\"url\":\"https:\/\/www.ste-marguerite-sur-mer.fr\/proces-verbal-de-la-reunion-du-conseil-municipal-seance-du-18-mars-2022\/\",\"name\":\"Compte rendu de la r\u00e9union du Conseil Municipal du 18 mars 2022 - Mairie de Sainte-Marguerite Sur Mer\",\"isPartOf\":{\"@id\":\"https:\/\/www.ste-marguerite-sur-mer.fr\/#website\"},\"datePublished\":\"2022-03-18T15:04:45+00:00\",\"dateModified\":\"2022-06-28T14:46:51+00:00\",\"author\":{\"@id\":\"https:\/\/www.ste-marguerite-sur-mer.fr\/#\/schema\/person\/2064bbc0bd1a6ca7d3243771c0ccdc94\"},\"breadcrumb\":{\"@id\":\"https:\/\/www.ste-marguerite-sur-mer.fr\/proces-verbal-de-la-reunion-du-conseil-municipal-seance-du-18-mars-2022\/#breadcrumb\"},\"inLanguage\":\"de\",\"potentialAction\":[{\"@type\":\"ReadAction\",\"target\":[\"https:\/\/www.ste-marguerite-sur-mer.fr\/proces-verbal-de-la-reunion-du-conseil-municipal-seance-du-18-mars-2022\/\"]}]},{\"@type\":\"BreadcrumbList\",\"@id\":\"https:\/\/www.ste-marguerite-sur-mer.fr\/proces-verbal-de-la-reunion-du-conseil-municipal-seance-du-18-mars-2022\/#breadcrumb\",\"itemListElement\":[{\"@type\":\"ListItem\",\"position\":1,\"name\":\"Accueil\",\"item\":\"https:\/\/www.ste-marguerite-sur-mer.fr\/\"},{\"@type\":\"ListItem\",\"position\":2,\"name\":\"Compte rendu de la r\u00e9union du Conseil Municipal du 18 mars 2022\"}]},{\"@type\":\"WebSite\",\"@id\":\"https:\/\/www.ste-marguerite-sur-mer.fr\/#website\",\"url\":\"https:\/\/www.ste-marguerite-sur-mer.fr\/\",\"name\":\"Mairie de Sainte-Marguerite Sur Mer\",\"description\":\"commune de normandie\",\"potentialAction\":[{\"@type\":\"SearchAction\",\"target\":{\"@type\":\"EntryPoint\",\"urlTemplate\":\"https:\/\/www.ste-marguerite-sur-mer.fr\/?s={search_term_string}\"},\"query-input\":{\"@type\":\"PropertyValueSpecification\",\"valueRequired\":true,\"valueName\":\"search_term_string\"}}],\"inLanguage\":\"de\"},{\"@type\":\"Person\",\"@id\":\"https:\/\/www.ste-marguerite-sur-mer.fr\/#\/schema\/person\/2064bbc0bd1a6ca7d3243771c0ccdc94\",\"name\":\"SteMargueriteAdm018\",\"image\":{\"@type\":\"ImageObject\",\"inLanguage\":\"de\",\"@id\":\"https:\/\/www.ste-marguerite-sur-mer.fr\/#\/schema\/person\/image\/\",\"url\":\"https:\/\/secure.gravatar.com\/avatar\/6fcc2f15419679d0130cb5d8281d232525e7e46448f5db9b20f0556bc7b61b99?s=96&d=mm&r=g\",\"contentUrl\":\"https:\/\/secure.gravatar.com\/avatar\/6fcc2f15419679d0130cb5d8281d232525e7e46448f5db9b20f0556bc7b61b99?s=96&d=mm&r=g\",\"caption\":\"SteMargueriteAdm018\"}}]}<\/script>\n<!-- \/ Yoast SEO plugin. -->","yoast_head_json":{"title":"Compte rendu de la r\u00e9union du Conseil Municipal du 18 mars 2022 - Mairie de Sainte-Marguerite Sur Mer","robots":{"index":"index","follow":"follow","max-snippet":"max-snippet:-1","max-image-preview":"max-image-preview:large","max-video-preview":"max-video-preview:-1"},"canonical":"https:\/\/www.ste-marguerite-sur-mer.fr\/de\/proces-verbal-de-la-reunion-du-conseil-municipal-seance-du-18-mars-2022\/","og_locale":"de_DE","og_type":"article","og_title":"Compte rendu de la r\u00e9union du Conseil Municipal du 18 mars 2022 - Mairie de Sainte-Marguerite Sur Mer","og_url":"https:\/\/www.ste-marguerite-sur-mer.fr\/de\/proces-verbal-de-la-reunion-du-conseil-municipal-seance-du-18-mars-2022\/","og_site_name":"Mairie de Sainte-Marguerite Sur Mer","article_published_time":"2022-03-18T15:04:45+00:00","article_modified_time":"2022-06-28T14:46:51+00:00","author":"SteMargueriteAdm018","twitter_card":"summary_large_image","twitter_misc":{"Verfasst von":"SteMargueriteAdm018","Gesch\u00e4tzte Lesezeit":"9\u00a0Minuten"},"schema":{"@context":"https:\/\/schema.org","@graph":[{"@type":"WebPage","@id":"https:\/\/www.ste-marguerite-sur-mer.fr\/proces-verbal-de-la-reunion-du-conseil-municipal-seance-du-18-mars-2022\/","url":"https:\/\/www.ste-marguerite-sur-mer.fr\/proces-verbal-de-la-reunion-du-conseil-municipal-seance-du-18-mars-2022\/","name":"Compte rendu de la r\u00e9union du Conseil Municipal du 18 mars 2022 - Mairie de Sainte-Marguerite Sur Mer","isPartOf":{"@id":"https:\/\/www.ste-marguerite-sur-mer.fr\/#website"},"datePublished":"2022-03-18T15:04:45+00:00","dateModified":"2022-06-28T14:46:51+00:00","author":{"@id":"https:\/\/www.ste-marguerite-sur-mer.fr\/#\/schema\/person\/2064bbc0bd1a6ca7d3243771c0ccdc94"},"breadcrumb":{"@id":"https:\/\/www.ste-marguerite-sur-mer.fr\/proces-verbal-de-la-reunion-du-conseil-municipal-seance-du-18-mars-2022\/#breadcrumb"},"inLanguage":"de","potentialAction":[{"@type":"ReadAction","target":["https:\/\/www.ste-marguerite-sur-mer.fr\/proces-verbal-de-la-reunion-du-conseil-municipal-seance-du-18-mars-2022\/"]}]},{"@type":"BreadcrumbList","@id":"https:\/\/www.ste-marguerite-sur-mer.fr\/proces-verbal-de-la-reunion-du-conseil-municipal-seance-du-18-mars-2022\/#breadcrumb","itemListElement":[{"@type":"ListItem","position":1,"name":"Accueil","item":"https:\/\/www.ste-marguerite-sur-mer.fr\/"},{"@type":"ListItem","position":2,"name":"Compte rendu de la r\u00e9union du Conseil Municipal du 18 mars 2022"}]},{"@type":"WebSite","@id":"https:\/\/www.ste-marguerite-sur-mer.fr\/#website","url":"https:\/\/www.ste-marguerite-sur-mer.fr\/","name":"Mairie de Sainte-Marguerite Sur Mer","description":"commune de normandie","potentialAction":[{"@type":"SearchAction","target":{"@type":"EntryPoint","urlTemplate":"https:\/\/www.ste-marguerite-sur-mer.fr\/?s={search_term_string}"},"query-input":{"@type":"PropertyValueSpecification","valueRequired":true,"valueName":"search_term_string"}}],"inLanguage":"de"},{"@type":"Person","@id":"https:\/\/www.ste-marguerite-sur-mer.fr\/#\/schema\/person\/2064bbc0bd1a6ca7d3243771c0ccdc94","name":"SteMargueriteAdm018","image":{"@type":"ImageObject","inLanguage":"de","@id":"https:\/\/www.ste-marguerite-sur-mer.fr\/#\/schema\/person\/image\/","url":"https:\/\/secure.gravatar.com\/avatar\/6fcc2f15419679d0130cb5d8281d232525e7e46448f5db9b20f0556bc7b61b99?s=96&d=mm&r=g","contentUrl":"https:\/\/secure.gravatar.com\/avatar\/6fcc2f15419679d0130cb5d8281d232525e7e46448f5db9b20f0556bc7b61b99?s=96&d=mm&r=g","caption":"SteMargueriteAdm018"}}]}},"_links":{"self":[{"href":"https:\/\/www.ste-marguerite-sur-mer.fr\/de\/wp-json\/wp\/v2\/posts\/3142","targetHints":{"allow":["GET"]}}],"collection":[{"href":"https:\/\/www.ste-marguerite-sur-mer.fr\/de\/wp-json\/wp\/v2\/posts"}],"about":[{"href":"https:\/\/www.ste-marguerite-sur-mer.fr\/de\/wp-json\/wp\/v2\/types\/post"}],"author":[{"embeddable":true,"href":"https:\/\/www.ste-marguerite-sur-mer.fr\/de\/wp-json\/wp\/v2\/users\/1"}],"replies":[{"embeddable":true,"href":"https:\/\/www.ste-marguerite-sur-mer.fr\/de\/wp-json\/wp\/v2\/comments?post=3142"}],"version-history":[{"count":2,"href":"https:\/\/www.ste-marguerite-sur-mer.fr\/de\/wp-json\/wp\/v2\/posts\/3142\/revisions"}],"predecessor-version":[{"id":3684,"href":"https:\/\/www.ste-marguerite-sur-mer.fr\/de\/wp-json\/wp\/v2\/posts\/3142\/revisions\/3684"}],"wp:attachment":[{"href":"https:\/\/www.ste-marguerite-sur-mer.fr\/de\/wp-json\/wp\/v2\/media?parent=3142"}],"wp:term":[{"taxonomy":"category","embeddable":true,"href":"https:\/\/www.ste-marguerite-sur-mer.fr\/de\/wp-json\/wp\/v2\/categories?post=3142"},{"taxonomy":"post_tag","embeddable":true,"href":"https:\/\/www.ste-marguerite-sur-mer.fr\/de\/wp-json\/wp\/v2\/tags?post=3142"}],"curies":[{"name":"wp","href":"https:\/\/api.w.org\/{rel}","templated":true}]}}