{"id":3158,"date":"2019-02-26T09:14:17","date_gmt":"2019-02-26T08:14:17","guid":{"rendered":"https:\/\/www.ste-marguerite-sur-mer.fr\/?p=3158"},"modified":"2019-02-26T09:14:17","modified_gmt":"2019-02-26T08:14:17","slug":"proces-verbal-de-la-reunion-du-conseil-municipal-seance-du-7-fevrier-2019","status":"publish","type":"post","link":"https:\/\/www.ste-marguerite-sur-mer.fr\/de\/proces-verbal-de-la-reunion-du-conseil-municipal-seance-du-7-fevrier-2019\/","title":{"rendered":"PROTOKOLL DER SITZUNG DES GEMEINDERATS SITZUNG VOM 7. FEBRUAR 2019"},"content":{"rendered":"<div class=\"fusion-fullwidth fullwidth-box fusion-builder-row-1 nonhundred-percent-fullwidth non-hundred-percent-height-scrolling\" style=\"background-color: rgba(255,255,255,0);background-position: center center;background-repeat: no-repeat;padding-top:0px;padding-right:30px;padding-bottom:0px;padding-left:30px;margin-bottom: 0px;margin-top: 0px;border-width: 0px 0px 0px 0px;border-color:#e7e4e2;border-style:solid;\" ><div class=\"fusion-builder-row fusion-row\"><div class=\"fusion-layout-column fusion_builder_column fusion-builder-column-0 fusion_builder_column_1_1 1_1 fusion-one-full fusion-column-first fusion-column-last\" style=\"margin-top:10px;margin-bottom:10px;\"><div class=\"fusion-column-wrapper fusion-flex-column-wrapper-legacy\" style=\"background-position:left top;background-repeat:no-repeat;-webkit-background-size:cover;-moz-background-size:cover;-o-background-size:cover;background-size:cover;padding: 0px 0px 0px 0px;\"><div class=\"fusion-text fusion-text-1\"><p><a href=\"https:\/\/www.ste-marguerite-sur-mer.fr\/wp-content\/uploads\/2019\/02\/Proce\u0300s-Verbal-du-7-FEVRIER-2019.doc\">Herunterladen des Protokolls<\/a><\/p>\n<p><strong><em><u>Protokoll der Sitzung des Gemeinderats<\/u><\/em><\/strong><\/p>\n<p><strong><em><u>Sitzung vom 7. Februar 2019<\/u><\/em><\/strong><\/p>\n<p><em>Im Jahr zweitausendneunzehn, am siebten Februar, um neunzehn Uhr drei\u00dfig Minuten, trat der ordnungsgem\u00e4\u00df einberufene Gemeinderat unter dem Vorsitz von Herrn Claude FERCHAL, B\u00fcrgermeister, zu einer \u00f6ffentlichen Sitzung zusammen.<\/em><\/p>\n<p><em>\u00a0<\/em><\/p>\n<p><em><u>Anwesend waren<\/u>\u00a0Die Herren Claude Ferchal, Philippe Lefebvre, Denis Grout, Jean Pierre Boittout, Jean-Pierre Joubert und Richard Dupont.<\/em><\/p>\n<p><em>Damen Colette Gouyer, Fran\u00e7oise Gambs<\/em><\/p>\n<p><em>\u00a0<\/em><\/p>\n<p><em><u>Anwesend waren nicht<\/u>\u00a0: Frau Christelle Weber<\/em><\/p>\n<p><em>\u00a0\u00a0\u00a0\u00a0\u00a0\u00a0\u00a0\u00a0\u00a0\u00a0\u00a0\u00a0\u00a0\u00a0\u00a0\u00a0\u00a0\u00a0\u00a0\u00a0\u00a0\u00a0\u00a0 \u00a0\u00a0\u00a0 Herr David Petiton<\/em><\/p>\n<p><em>\u00a0\u00a0\u00a0\u00a0\u00a0\u00a0\u00a0\u00a0\u00a0\u00a0\u00a0\u00a0\u00a0\u00a0\u00a0\u00a0\u00a0\u00a0\u00a0\u00a0\u00a0\u00a0\u00a0 \u00a0\u00a0\u00a0 Herr Eric Lincot <\/em><\/p>\n<p><em>\u00a0\u00a0\u00a0\u00a0\u00a0\u00a0\u00a0\u00a0\u00a0\u00a0\u00a0\u00a0\u00a0\u00a0\u00a0\u00a0\u00a0\u00a0\u00a0\u00a0\u00a0\u00a0\u00a0 \u00a0\u00a0 \u00a0Herr Vincent Varin<\/em><\/p>\n<p><em>\u00a0\u00a0\u00a0\u00a0\u00a0\u00a0\u00a0\u00a0\u00a0\u00a0\u00a0\u00a0\u00a0\u00a0\u00a0\u00a0\u00a0\u00a0\u00a0\u00a0\u00a0\u00a0\u00a0 \u00a0\u00a0 Herr Ludovic Patin<\/em><\/p>\n<p><em>\u00a0\u00a0\u00a0\u00a0\u00a0\u00a0\u00a0\u00a0\u00a0\u00a0\u00a0\u00a0\u00a0\u00a0\u00a0\u00a0\u00a0\u00a0\u00a0\u00a0\u00a0\u00a0\u00a0 \u00a0\u00a0\u00a0 <\/em><\/p>\n<p><em>\u00a0<\/em><\/p>\n<p><em>Herr Richard Dupont wurde zum Sitzungssekret\u00e4r gew\u00e4hlt.<\/em><\/p>\n<p><em>\u00a0<\/em><\/p>\n<p><em>\u00a0<\/em><\/p>\n<p><em><u>Datum der Einberufung<\/u>\u00a0: am 25. Januar 2019\u00a0\u00a0\u00a0 \u00a0\u00a0\u00a0\u00a0\u00a0\u00a0\u00a0\u00a0\u00a0\u00a0\u00a0\u00a0\u00a0\u00a0\u00a0\u00a0\u00a0\u00a0<u>Datum der Anzeige<\/u>\u00a0: am 25. Januar 2019<\/em><\/p>\n<p><em>\u00a0<\/em><\/p>\n<p><em>\u00a0<\/em><\/p>\n<p><em>\u00a0<\/em><\/p>\n<p><em>\u00a0<\/em><\/p>\n<p><strong><em><u>Tagesordnung :<\/u><\/em><\/strong><\/p>\n<p><em>\u00a0<\/em><\/p>\n<p><em>\u00a0<\/em><\/p>\n<p><em>\u00a0<\/em><\/p>\n<p><em>\u00a0<\/em><\/p>\n<p><em>\u00a0<\/em><\/p>\n<ul>\n<li><em>Genehmigung des Protokolls der vorangegangenen Sitzung<\/em><\/li>\n<li><em>Mitteilungen des B\u00fcrgermeisters<\/em><\/li>\n<li><em>Aktueller Stand des lokalen Stadtentwicklungsplans (PLU)<\/em><\/li>\n<li><em>Urbanes Vorkaufsrecht<\/em><\/li>\n<li><em>Erstattung der Kosten von Herrn JOUBERT<\/em><\/li>\n<li><em>Erstattung der Kosten von Herrn DUPONT<\/em><\/li>\n<li><em>Erstattung der Kosten f\u00fcr die Erneuerung der F\u00fchrerscheine C und EC von Herrn Stephan JOUAN<\/em><\/li>\n<li><em>Geb\u00fchren f\u00fcr den Garten der Erinnerung<\/em><\/li>\n<\/ul>\n<p><em>\u00a0<\/em><\/p>\n<p><em>\u00a0<\/em><\/p>\n<p><em>\u00a0<\/em><\/p>\n<p><em>\u00a0<\/em><\/p>\n<p><em>\u00a0<\/em><\/p>\n<p><em>\u00a0<\/em><\/p>\n<p><strong><em><u>Annahme des Protokolls der vorherigen Sitzung<\/u><\/em><\/strong><\/p>\n<p><em>\u00a0<\/em><\/p>\n<p><em>Das Protokoll der vorangegangenen Sitzung, das jedem Mitglied des Gemeinderats vorab \u00fcbermittelt wurde, wurde einstimmig angenommen, da es keine Anmerkungen gab.<\/em><\/p>\n<p><em>\u00a0<\/em><\/p>\n<p><strong><em><u>\u00a0<\/u><\/em><\/strong><\/p>\n<p><strong><em><u>Mitteilungen des B\u00fcrgermeisters<\/u><\/em><\/strong><\/p>\n<p><strong><em><u>\u00a0<\/u><\/em><\/strong><\/p>\n<ul>\n<li><strong><em><u>Danksagungen <\/u><\/em><\/strong><\/li>\n<\/ul>\n<p><em>\u00a0<\/em><\/p>\n<p><em>Der B\u00fcrgermeister teilt den Mitgliedern des Gemeinderats die Danksagungen von :<\/em><\/p>\n<ul>\n<li><em>Frau BOSSE f\u00fcr das Weihnachtspaket und das Weihnachtskonzert <\/em><\/li>\n<\/ul>\n<p><em>\u00a0<\/em><\/p>\n<p><em>\u00a0<\/em><\/p>\n<ul>\n<li><strong><em><u>Aktueller Stand des lokalen Stadtentwicklungsplans (PLU) :<\/u><\/em><\/strong><\/li>\n<\/ul>\n<p><em>\u00a0<\/em><\/p>\n<p><em>Der B\u00fcrgermeister erl\u00e4utert der Versammlung, dass im Rathaus ein RAR-Brief von der Unterpr\u00e4fektur vom 16. November 2018 eingegangen ist, der den Beschluss vom 28. September zur Genehmigung des lokalen Bebauungsplans betrifft. Dieses Schreiben, dessen einzelne Punkte im Folgenden n\u00e4her erl\u00e4utert werden, stellt eine freiwillige Beschwerde dar, die die Frist f\u00fcr eine streitige Beschwerde gem\u00e4\u00df den Bestimmungen von Artikel L 2131-6 des Code G\u00e9n\u00e9ral des Collectivit\u00e9s Territoriales hemmt. <\/em><\/p>\n<p><em>Die Gemeinde hatte bis zum 16. Januar 2019 Zeit, das Schreiben beim Herrn Unterpr\u00e4fekten zur Kenntnis zu nehmen. Die Sous-Pr\u00e9fecture best\u00e4tigte den Eingang am 7. Januar 2019. Wir haben ab dem Empfangsdatum, also dem 7. M\u00e4rz, zwei Monate Zeit, um den Beschluss zur\u00fcckzuziehen und erneut \u00fcber die \u00c4nderungen des PLU zu beraten.<\/em><\/p>\n<p><em>Die Zusammenfassung der zu berichtigenden Punkte lautet wie folgt:<\/em><\/p>\n<ul>\n<li><strong><em><u>Der UC-Sektor von Sainte Marguerite Plage<\/u><\/em><\/strong><em>:<\/em><\/li>\n<li><em>Im Pr\u00e4sentationsbericht sollte die Einstufung dieses Sektors als \"Weiler\" (Seite 197) gekl\u00e4rt und bekr\u00e4ftigt werden, eine festgestellte Inkoh\u00e4renz, da dieser Weiler als \"Dorf\" bezeichnet wird.<\/em><\/li>\n<li><em>Der Ort Sainte Marguerite Sur Mer wurde als Weiler eingestuft. Daher kann er gem\u00e4\u00df Artikel L121-8 des Code de l'Urbanisme keine Erweiterung der Urbanisierung erhalten.<\/em><\/li>\n<li><strong><em><u>Die UB-Sektoren der diffusen Weiler<\/u><\/em><\/strong><em>:<\/em><\/li>\n<li><em>Bas de Blancmesnil wurde in den Sektor UB eingeteilt, der Neubauten erlaubt und eine diffuse Urbanisierung fernab des Dorfes darstellt. In diesem Sinne k\u00f6nnen Neubauten selbst bei einer Verdichtung der bestehenden Bebauung gem\u00e4\u00df dem K\u00fcstengesetz nicht genehmigt werden und muss diesen Sektor wieder in die NA-Zone eingliedern<\/em><\/li>\n<li><em>Le Haut de Blancmesnil: Beibehaltung der UB-Zonierung unter Ausschluss eines Teils der Parzellen im Norden (383, 384, 385 und 386), die wieder in die NA-Zone aufgenommen werden sollen.<\/em><\/li>\n<li><strong><em><u>Das Grundst\u00fcck ZA Nr. 40<\/u><\/em><\/strong><\/li>\n<li><em>Diese Parzelle mit einer Fl\u00e4che von 4.200 m\u00b2, auf der der reservierte Platz Nr. 3 eingerichtet wurde, muss entfernt werden, da dieser in Bezug auf das K\u00fcstengesetz v\u00f6llig irregul\u00e4r ist.<\/em><\/li>\n<li><em>Die st\u00e4dtische Klassifizierung UC, die die Parzelle ZA Nr. 40 integriert, kann beibehalten werden. Die schriftliche Regelung dieser Zone muss \u00fcberarbeitet werden, indem die Typologie Wohnen mit einer Unterkategorie Wohnen zugelassen wird, die Baum\u00f6glichkeiten jedoch eingeschr\u00e4nkt werden (auf 30\/40 m\u00b2 begrenzte Grundfl\u00e4che, maximale H\u00f6he von 3 m\/3,50 m bis zur Dachtraufe) und die wenigen festen Bauten verwaltet werden (ma\u00dfvolle Erweiterung in der Gr\u00f6\u00dfenordnung von 10\/15 % maximal).<\/em><\/li>\n<\/ul>\n<p><em>\u00a0<\/em><\/p>\n<p><em>Nach diesen \u00c4nderungsantr\u00e4gen wurde der B\u00fcrgermeister am Freitag, den 1. Januar 2011, von Herrn Le Sous-Pr\u00e9fet empfangen.<sup>er<\/sup> Februar 2019.<\/em><\/p>\n<p><em>\u00a0<\/em><\/p>\n<p><em>\u00a0Die staatlichen Stellen haben unseren Vorschlag, die Bebaubarkeit eines Teils der Parzelle C240 zu \u00fcberpr\u00fcfen, positiv aufgenommen. Hingegen werden sie die neue Einstufung des Sektors Bas de Blancmesnil als Naturzone nicht r\u00fcckg\u00e4ngig machen.<\/em><\/p>\n<p><em>\u00a0<\/em><\/p>\n<p><em>Der B\u00fcrgermeister empfing im Rathaus Herrn und Frau BERTRAND und ihren Rechtsbeistand, Ma\u00eetre Axelle VIANNAY, die die Einstufung von zwei Parzellen (C436 und C240) als Naturgebiet anfechten. Der Brief von Rechtsanw\u00e4ltin VIANNAY, in dem sie diese Anfechtung begr\u00fcndet, wurde an den Unterpr\u00e4fekten gesandt. Die Gemeinde erwartet seine Antwort im Laufe der Woche 8.<\/em><\/p>\n<p><em>\u00a0<\/em><\/p>\n<p><em>Der Gemeinderat wird \u00fcber die Zukunft des PLU auf einer der n\u00e4chsten Gemeinderatssitzungen am 1. Januar 2009 abstimmen.<sup>er<\/sup> M\u00e4rz 2019.<\/em><\/p>\n<p><strong><em><u>\u00a0<\/u><\/em><\/strong><\/p>\n<p><strong><em><u>Urbanes Vorkaufsrecht<\/u><\/em><\/strong><\/p>\n<p><em>\u00a0<\/em><\/p>\n<p><em>GEST\u00dcTZT auf das St\u00e4dtebaugesetzbuch<\/em><\/p>\n<p><em>\u00a0<\/em><\/p>\n<p><em>GEST\u00dcTZT auf den Code G\u00e9n\u00e9ral des Collectivit\u00e9s Territoriales (Allgemeines Gesetzbuch der Gebietsk\u00f6rperschaften)<\/em><\/p>\n<p><em>\u00a0<\/em><\/p>\n<p><em>IN DER ERW\u00c4GUNG, dass Artikel L211-1 des St\u00e4dtebaugesetzes den Gemeinden mit einem genehmigten lokalen St\u00e4dtebauplan (PLU) die M\u00f6glichkeit bietet, ein st\u00e4dtisches Vorkaufsrecht (DPU) f\u00fcr alle oder einen Teil der st\u00e4dtischen Gebiete (Zones U) und der Gebiete f\u00fcr zuk\u00fcnftige Urbanisierung (Zones AU), wie sie in diesem Plan abgegrenzt sind, einzuf\u00fchren,<\/em><\/p>\n<p><em>\u00a0<\/em><\/p>\n<p><em>IN DER ERW\u00c4GUNG, dass dieses Vorkaufsrecht es der Gemeinde erm\u00f6glicht, eine Grundst\u00fcckspolitik zu betreiben, um im allgemeinen Interesse Ma\u00dfnahmen oder Planungsvorg\u00e4nge durchzuf\u00fchren, die den in Artikel L210-1 des St\u00e4dtebaugesetzes definierten Zielen entsprechen,<\/em><\/p>\n<p><em>\u00a0<\/em><\/p>\n<p><em>Der Gemeinderat, nach Beratung, einstimmig :<\/em><\/p>\n<p><em>\u00a0<\/em><\/p>\n<ul>\n<li><em>BESCHLIESST<\/em><\/li>\n<\/ul>\n<p><em>\u00a0<\/em><\/p>\n<ol>\n<li><em>das st\u00e4dtische Vorkaufsrecht auf die Gesamtheit der st\u00e4dtischen Gebiete (Zonen U) und der Gebiete f\u00fcr zuk\u00fcnftige Urbanisierung (Zonen AU) einzuf\u00fchren, wie sie auf dem Plan im Anhang des am 28. September 2018 genehmigten lokalen Urbanisierungsplans verzeichnet sind. <\/em><\/li>\n<li><em>Dem B\u00fcrgermeister die Befugnis zu erteilen, das st\u00e4dtische Vorkaufsrecht gem\u00e4\u00df Artikel L2122-2 des Code G\u00e9n\u00e9ral des Collectivit\u00e9s Territoriales auszu\u00fcben, soweit dies erforderlich ist, und weist darauf hin, dass Artikel L2122-17 in dieser Angelegenheit Anwendung findet.<\/em><\/li>\n<li><em>Das st\u00e4dtische Vorkaufsrecht tritt an dem Tag in Kraft, an dem dieser Beschluss vollstreckbar ist, d. h. wenn er im Rathaus ausgeh\u00e4ngt und in zwei im Departement verbreiteten Zeitungen erw\u00e4hnt wurde.<\/em><\/li>\n<li><em>Der Anwendungsbereich des st\u00e4dtischen Vorkaufsrechts wird gem\u00e4\u00df Artikel R151-52 7\u00b0 des St\u00e4dtebaugesetzes der PLU-Akte beigef\u00fcgt.<\/em><\/li>\n<li><em>Ein Register, in das alle durch Vorkaufsrecht get\u00e4tigten Erwerbe sowie die endg\u00fcltige Zuordnung dieser G\u00fcter eingetragen werden, wird gem\u00e4\u00df Artikel L213-13 des St\u00e4dtebaugesetzes im Rathaus er\u00f6ffnet und der \u00d6ffentlichkeit zug\u00e4nglich gemacht.<\/em><\/li>\n<li><em>Eine Kopie des Beschlusses wird \u00fcbermittelt an :<\/em><\/li>\n<\/ol>\n<ul>\n<li><em>an Frau Pr\u00e4fektin<\/em><\/li>\n<li><em>an den Herrn Unterpr\u00e4fekten<\/em><\/li>\n<li><em>an Frau Direktorin des Departements f\u00fcr \u00f6ffentliche Finanzen<\/em><\/li>\n<li><em>an den Herrn Pr\u00e4sidenten des Obersten Rates des Notariats<\/em><\/li>\n<li><em>bei der Chambre D\u00e9partementale des notaires <\/em><\/li>\n<\/ul>\n<p><em>\u00a0<\/em><\/p>\n<p><strong><em><u>Erstattung der Kosten von Herrn JOUBERT<\/u><\/em><\/strong><\/p>\n<p><strong><em><u>\u00a0<\/u><\/em><\/strong><\/p>\n<p><em>Der B\u00fcrgermeister erkl\u00e4rt den Mitgliedern des Gemeinderats, dass Herr Jean-Pierre JOUBERT bei der Organisation der Ausstellung zum 100. Jahrestag des Waffenstillstands von 1945 die Bezahlung einiger Rechnungen vorgezogen hat: <\/em><\/p>\n<ul>\n<li><em>La Foir'Fouille \"Verschiedene Rahmen\" in H\u00f6he von 97.83 \u20ac.<\/em><\/li>\n<li><em>Carrefour Market \"Druckertinte\" in H\u00f6he von 60.80 \u20ac.<\/em><\/li>\n<\/ul>\n<p><em>\u00a0<\/em><\/p>\n<p><em>Dies entspricht einem Gesamtbetrag von 158.63 \u20ac.<\/em><\/p>\n<p><em>\u00a0<\/em><\/p>\n<p><em>Aus diesem Grund ist es angebracht, Herrn Joubert zu erstatten<\/em><\/p>\n<p><em>\u00a0<\/em><\/p>\n<p><em>Der Gemeinderat, nach Beratung, einstimmig :<\/em><\/p>\n<p><em>\u00a0<\/em><\/p>\n<ul>\n<li><strong><em>AKZEPTIERT<\/em><\/strong><em> Herrn Joubert einen Betrag von 158.63 \u20ac zu erstatten <\/em><\/li>\n<\/ul>\n<p><em>\u00a0<\/em><\/p>\n<p><strong><em><u>Erstattung der Kosten von Herrn DUPONT<\/u><\/em><\/strong><\/p>\n<p><strong><em><u>\u00a0<\/u><\/em><\/strong><\/p>\n<p><em>Der B\u00fcrgermeister erkl\u00e4rt den Mitgliedern des Gemeinderats, dass Herr Richard DUPONT bei der Organisation der Kinderweihnachtsfeier die Bezahlung einiger Rechnungen vorgezogen hat: <\/em><\/p>\n<ul>\n<li><em>Auchan \"Getr\u00e4nke\" in H\u00f6he von 37.38 \u20ac.<\/em><\/li>\n<\/ul>\n<p><em>\u00a0<\/em><\/p>\n<p><em>Dies entspricht einem Gesamtbetrag von 37.38 \u20ac.<\/em><\/p>\n<p><em>\u00a0<\/em><\/p>\n<p><em>Aus diesem Grund ist es angebracht, Herrn Dupont zu erstatten<\/em><\/p>\n<p><em>\u00a0<\/em><\/p>\n<p><em>Der Gemeinderat, nach Beratung, einstimmig :<\/em><\/p>\n<p><em>\u00a0<\/em><\/p>\n<ul>\n<li><strong><em>AKZEPTIERT<\/em><\/strong><em> Herrn Dupont einen Betrag von 37.38 \u20ac zu erstatten <\/em><\/li>\n<\/ul>\n<p><em>\u00a0<\/em><\/p>\n<p><em>\u00a0<\/em><\/p>\n<p><strong><em><u>Erstattung der Kosten f\u00fcr die Erneuerung der F\u00fchrerscheine C und EC von Herrn JOUAN<\/u><\/em><\/strong><\/p>\n<p><strong><em><u>\u00a0<\/u><\/em><\/strong><\/p>\n<p><em>Der B\u00fcrgermeister erkl\u00e4rt den Mitgliedern des Gemeinderats, dass Herr Stephan JOUAN die Begleichung einiger Rechnungen, den Besuch bei einem zugelassenen Arzt und die Urinanalyse vorverlegt hat, um seinen F\u00fchrerschein f\u00fcr die Fahrzeuge C und EC zu erneuern: <\/em><\/p>\n<ul>\n<li><em>Dr. Blin in H\u00f6he von 36 \u20ac<\/em><\/li>\n<li><em>Laboratoire Saint-Pierre in H\u00f6he von 6.48 \u20ac.<\/em><\/li>\n<\/ul>\n<p><em>\u00a0<\/em><\/p>\n<p><em>Dies entspricht einem Gesamtbetrag von 42.48 \u20ac.<\/em><\/p>\n<p><em>\u00a0<\/em><\/p>\n<p><em>Aus diesem Grund ist es angebracht, Herrn Jouan zu erstatten<\/em><\/p>\n<p><em>\u00a0<\/em><\/p>\n<p><em>Der Gemeinderat, nach Beratung, einstimmig :<\/em><\/p>\n<p><em>\u00a0<\/em><\/p>\n<ul>\n<li><strong><em>AKZEPTIERT<\/em><\/strong><em> Herrn Jouan einen Betrag von 42.48 \u20ac zu erstatten <\/em><\/li>\n<\/ul>\n<p><strong><em><u>\u00a0<\/u><\/em><\/strong><\/p>\n<p><strong><em><u>Geb\u00fchren f\u00fcr den Garten der Erinnerung<\/u><\/em><\/strong><\/p>\n<p><em>\u00a0<\/em><\/p>\n<p><em>GEST\u00dcTZT auf den Code G\u00e9n\u00e9ral des Collectivit\u00e9s Territoriales, insbesondere die Artikel L.2213-7 ff. und L.2223-1 ff;<\/em><\/p>\n<p><em>GEST\u00dcTZT auf das B\u00fcrgerliche Gesetzbuch, insbesondere auf Artikel 78 ff;<\/em><\/p>\n<p><em>GEST\u00dcTZT auf das Strafgesetzbuch, insbesondere die Artikel 225-17, 225-+18 und R.610-5 ;<\/em><\/p>\n<p><em>Auf Vorschlag des B\u00fcrgermeisters<\/em><\/p>\n<p><em>\u00a0<\/em><\/p>\n<p><em>Der Gemeinderat, nach Beratung, einstimmig :<\/em><\/p>\n<p><em>\u00a0<\/em><\/p>\n<ul>\n<li><em>BESCHLIESST, einen Tarif f\u00fcr die Verstreuung der Asche im Garten der Erinnerung ab dem 1. Januar 2010 festzulegen.<sup>er<\/sup> M\u00e4rz 2019 :<\/em><\/li>\n<\/ul>\n<p><em>\u00a0<\/em><\/p>\n<ul>\n<li><em>Verstreuen der Asche im Garten der Erinnerung: 100 \u20ac.<\/em><\/li>\n<\/ul>\n<p><em>\u00a0<\/em><\/p>\n<p><em>Der B\u00fcrgermeister erinnert daran, dass :<\/em><\/p>\n<p><em>\u00a0<\/em><\/p>\n<ul>\n<li><em>Die Verstreuung der Asche wird in einem speziellen Register im Rathaus festgehalten.<\/em><\/li>\n<li><em>Die Kennzeichnung der Verstreuung der Asche erfolgt durch die Anbringung einer gravierten Tafel an der Gedenks\u00e4ule, die von der Gemeinde bereitgestellt und gestiftet wird.<\/em><\/li>\n<li><em>Der Garten der Erinnerung wird von den st\u00e4dtischen Diensten gepflegt.<\/em><\/li>\n<li><em>Die Angeh\u00f6rigen der Verstorbenen d\u00fcrfen nur nat\u00fcrliche Schnittblumen niederlegen. Diese werden in regelm\u00e4\u00dfigen Abst\u00e4nden von den st\u00e4dtischen Diensten entfernt.<\/em><\/li>\n<li><em>Das Anpflanzen von Str\u00e4uchern, das Aufstellen von Gegenst\u00e4nden aller Art (Kunstblumen, Vasen, Platten) und alle Projekte, die sich diesen Platz aneignen, sind strengstens untersagt. Sie werden ohne vorherige Ank\u00fcndigung entfernt.<\/em><\/li>\n<\/ul>\n<p><em>\u00a0<\/em><\/p>\n<p><strong><em><u>\u00a0<\/u><\/em><\/strong><\/p>\n<p><em><u>\u00a0<\/u><\/em><\/p>\n<p><em>\u00a0<\/em><\/p>\n<p><em>\u00a0<\/em><\/p>\n<p><em>Nachdem die Tagesordnung ersch\u00f6pft war, dankte der B\u00fcrgermeister allen anwesenden Mitgliedern und schloss die Sitzung um 20:40 Uhr.<\/em><\/p>\n<p><em>\u00a0<\/em><\/p>\n<p><em>F\u00fcr einen beglaubigten Auszug<\/em><\/p>\n<p><em>\u00a0<\/em><\/p>\n<p><em>Der B\u00fcrgermeister,<\/em><\/p>\n<p><em>Claude FERCHAL<\/em><\/p>\n<p><em>\u00a0<\/em><\/p>\n<\/div><div class=\"fusion-clearfix\"><\/div><\/div><\/div><\/div><\/div>","protected":false},"excerpt":{"rendered":"","protected":false},"author":1,"featured_media":0,"comment_status":"open","ping_status":"open","sticky":false,"template":"","format":"standard","meta":{"footnotes":""},"categories":[19],"tags":[],"class_list":["post-3158","post","type-post","status-publish","format-standard","hentry","category-affichage_municipal"],"yoast_head":"<!-- This site is optimized with the Yoast SEO plugin v25.3 - https:\/\/yoast.com\/wordpress\/plugins\/seo\/ -->\n<title>PROCES VERBAL DE LA REUNION DU CONSEIL MUNICIPAL SEANCE DU 7 FEVRIER 2019 - Mairie de Sainte-Marguerite Sur Mer<\/title>\n<meta name=\"robots\" content=\"index, follow, max-snippet:-1, max-image-preview:large, max-video-preview:-1\" \/>\n<link rel=\"canonical\" href=\"https:\/\/www.ste-marguerite-sur-mer.fr\/de\/proces-verbal-de-la-reunion-du-conseil-municipal-seance-du-7-fevrier-2019\/\" \/>\n<meta property=\"og:locale\" content=\"de_DE\" \/>\n<meta property=\"og:type\" content=\"article\" \/>\n<meta property=\"og:title\" content=\"PROCES VERBAL DE LA REUNION DU CONSEIL MUNICIPAL SEANCE DU 7 FEVRIER 2019 - Mairie de Sainte-Marguerite Sur Mer\" \/>\n<meta property=\"og:url\" content=\"https:\/\/www.ste-marguerite-sur-mer.fr\/de\/proces-verbal-de-la-reunion-du-conseil-municipal-seance-du-7-fevrier-2019\/\" \/>\n<meta property=\"og:site_name\" content=\"Mairie de Sainte-Marguerite Sur Mer\" \/>\n<meta property=\"article:published_time\" content=\"2019-02-26T08:14:17+00:00\" \/>\n<meta name=\"author\" content=\"SteMargueriteAdm018\" \/>\n<meta name=\"twitter:card\" content=\"summary_large_image\" \/>\n<meta name=\"twitter:label1\" content=\"Verfasst von\" \/>\n\t<meta name=\"twitter:data1\" content=\"SteMargueriteAdm018\" \/>\n\t<meta name=\"twitter:label2\" content=\"Gesch\u00e4tzte Lesezeit\" \/>\n\t<meta name=\"twitter:data2\" content=\"10\u00a0Minuten\" \/>\n<script type=\"application\/ld+json\" class=\"yoast-schema-graph\">{\"@context\":\"https:\/\/schema.org\",\"@graph\":[{\"@type\":\"WebPage\",\"@id\":\"https:\/\/www.ste-marguerite-sur-mer.fr\/proces-verbal-de-la-reunion-du-conseil-municipal-seance-du-7-fevrier-2019\/\",\"url\":\"https:\/\/www.ste-marguerite-sur-mer.fr\/proces-verbal-de-la-reunion-du-conseil-municipal-seance-du-7-fevrier-2019\/\",\"name\":\"PROCES VERBAL DE LA REUNION DU CONSEIL MUNICIPAL SEANCE DU 7 FEVRIER 2019 - Mairie de Sainte-Marguerite Sur Mer\",\"isPartOf\":{\"@id\":\"https:\/\/www.ste-marguerite-sur-mer.fr\/#website\"},\"datePublished\":\"2019-02-26T08:14:17+00:00\",\"author\":{\"@id\":\"https:\/\/www.ste-marguerite-sur-mer.fr\/#\/schema\/person\/2064bbc0bd1a6ca7d3243771c0ccdc94\"},\"breadcrumb\":{\"@id\":\"https:\/\/www.ste-marguerite-sur-mer.fr\/proces-verbal-de-la-reunion-du-conseil-municipal-seance-du-7-fevrier-2019\/#breadcrumb\"},\"inLanguage\":\"de\",\"potentialAction\":[{\"@type\":\"ReadAction\",\"target\":[\"https:\/\/www.ste-marguerite-sur-mer.fr\/proces-verbal-de-la-reunion-du-conseil-municipal-seance-du-7-fevrier-2019\/\"]}]},{\"@type\":\"BreadcrumbList\",\"@id\":\"https:\/\/www.ste-marguerite-sur-mer.fr\/proces-verbal-de-la-reunion-du-conseil-municipal-seance-du-7-fevrier-2019\/#breadcrumb\",\"itemListElement\":[{\"@type\":\"ListItem\",\"position\":1,\"name\":\"Accueil\",\"item\":\"https:\/\/www.ste-marguerite-sur-mer.fr\/\"},{\"@type\":\"ListItem\",\"position\":2,\"name\":\"PROCES VERBAL DE LA REUNION DU CONSEIL MUNICIPAL SEANCE DU 7 FEVRIER 2019\"}]},{\"@type\":\"WebSite\",\"@id\":\"https:\/\/www.ste-marguerite-sur-mer.fr\/#website\",\"url\":\"https:\/\/www.ste-marguerite-sur-mer.fr\/\",\"name\":\"Mairie de Sainte-Marguerite Sur Mer\",\"description\":\"commune de normandie\",\"potentialAction\":[{\"@type\":\"SearchAction\",\"target\":{\"@type\":\"EntryPoint\",\"urlTemplate\":\"https:\/\/www.ste-marguerite-sur-mer.fr\/?s={search_term_string}\"},\"query-input\":{\"@type\":\"PropertyValueSpecification\",\"valueRequired\":true,\"valueName\":\"search_term_string\"}}],\"inLanguage\":\"de\"},{\"@type\":\"Person\",\"@id\":\"https:\/\/www.ste-marguerite-sur-mer.fr\/#\/schema\/person\/2064bbc0bd1a6ca7d3243771c0ccdc94\",\"name\":\"SteMargueriteAdm018\",\"image\":{\"@type\":\"ImageObject\",\"inLanguage\":\"de\",\"@id\":\"https:\/\/www.ste-marguerite-sur-mer.fr\/#\/schema\/person\/image\/\",\"url\":\"https:\/\/secure.gravatar.com\/avatar\/6fcc2f15419679d0130cb5d8281d232525e7e46448f5db9b20f0556bc7b61b99?s=96&d=mm&r=g\",\"contentUrl\":\"https:\/\/secure.gravatar.com\/avatar\/6fcc2f15419679d0130cb5d8281d232525e7e46448f5db9b20f0556bc7b61b99?s=96&d=mm&r=g\",\"caption\":\"SteMargueriteAdm018\"}}]}<\/script>\n<!-- \/ Yoast SEO plugin. -->","yoast_head_json":{"title":"PROCES VERBAL DE LA REUNION DU CONSEIL MUNICIPAL SEANCE DU 7 FEVRIER 2019 - Mairie de Sainte-Marguerite Sur Mer","robots":{"index":"index","follow":"follow","max-snippet":"max-snippet:-1","max-image-preview":"max-image-preview:large","max-video-preview":"max-video-preview:-1"},"canonical":"https:\/\/www.ste-marguerite-sur-mer.fr\/de\/proces-verbal-de-la-reunion-du-conseil-municipal-seance-du-7-fevrier-2019\/","og_locale":"de_DE","og_type":"article","og_title":"PROCES VERBAL DE LA REUNION DU CONSEIL MUNICIPAL SEANCE DU 7 FEVRIER 2019 - Mairie de Sainte-Marguerite Sur Mer","og_url":"https:\/\/www.ste-marguerite-sur-mer.fr\/de\/proces-verbal-de-la-reunion-du-conseil-municipal-seance-du-7-fevrier-2019\/","og_site_name":"Mairie de Sainte-Marguerite Sur Mer","article_published_time":"2019-02-26T08:14:17+00:00","author":"SteMargueriteAdm018","twitter_card":"summary_large_image","twitter_misc":{"Verfasst von":"SteMargueriteAdm018","Gesch\u00e4tzte Lesezeit":"10\u00a0Minuten"},"schema":{"@context":"https:\/\/schema.org","@graph":[{"@type":"WebPage","@id":"https:\/\/www.ste-marguerite-sur-mer.fr\/proces-verbal-de-la-reunion-du-conseil-municipal-seance-du-7-fevrier-2019\/","url":"https:\/\/www.ste-marguerite-sur-mer.fr\/proces-verbal-de-la-reunion-du-conseil-municipal-seance-du-7-fevrier-2019\/","name":"PROCES VERBAL DE LA REUNION DU CONSEIL MUNICIPAL SEANCE DU 7 FEVRIER 2019 - Mairie de Sainte-Marguerite Sur Mer","isPartOf":{"@id":"https:\/\/www.ste-marguerite-sur-mer.fr\/#website"},"datePublished":"2019-02-26T08:14:17+00:00","author":{"@id":"https:\/\/www.ste-marguerite-sur-mer.fr\/#\/schema\/person\/2064bbc0bd1a6ca7d3243771c0ccdc94"},"breadcrumb":{"@id":"https:\/\/www.ste-marguerite-sur-mer.fr\/proces-verbal-de-la-reunion-du-conseil-municipal-seance-du-7-fevrier-2019\/#breadcrumb"},"inLanguage":"de","potentialAction":[{"@type":"ReadAction","target":["https:\/\/www.ste-marguerite-sur-mer.fr\/proces-verbal-de-la-reunion-du-conseil-municipal-seance-du-7-fevrier-2019\/"]}]},{"@type":"BreadcrumbList","@id":"https:\/\/www.ste-marguerite-sur-mer.fr\/proces-verbal-de-la-reunion-du-conseil-municipal-seance-du-7-fevrier-2019\/#breadcrumb","itemListElement":[{"@type":"ListItem","position":1,"name":"Accueil","item":"https:\/\/www.ste-marguerite-sur-mer.fr\/"},{"@type":"ListItem","position":2,"name":"PROCES VERBAL DE LA REUNION DU CONSEIL MUNICIPAL SEANCE DU 7 FEVRIER 2019"}]},{"@type":"WebSite","@id":"https:\/\/www.ste-marguerite-sur-mer.fr\/#website","url":"https:\/\/www.ste-marguerite-sur-mer.fr\/","name":"Mairie de Sainte-Marguerite Sur Mer","description":"commune de normandie","potentialAction":[{"@type":"SearchAction","target":{"@type":"EntryPoint","urlTemplate":"https:\/\/www.ste-marguerite-sur-mer.fr\/?s={search_term_string}"},"query-input":{"@type":"PropertyValueSpecification","valueRequired":true,"valueName":"search_term_string"}}],"inLanguage":"de"},{"@type":"Person","@id":"https:\/\/www.ste-marguerite-sur-mer.fr\/#\/schema\/person\/2064bbc0bd1a6ca7d3243771c0ccdc94","name":"SteMargueriteAdm018","image":{"@type":"ImageObject","inLanguage":"de","@id":"https:\/\/www.ste-marguerite-sur-mer.fr\/#\/schema\/person\/image\/","url":"https:\/\/secure.gravatar.com\/avatar\/6fcc2f15419679d0130cb5d8281d232525e7e46448f5db9b20f0556bc7b61b99?s=96&d=mm&r=g","contentUrl":"https:\/\/secure.gravatar.com\/avatar\/6fcc2f15419679d0130cb5d8281d232525e7e46448f5db9b20f0556bc7b61b99?s=96&d=mm&r=g","caption":"SteMargueriteAdm018"}}]}},"_links":{"self":[{"href":"https:\/\/www.ste-marguerite-sur-mer.fr\/de\/wp-json\/wp\/v2\/posts\/3158","targetHints":{"allow":["GET"]}}],"collection":[{"href":"https:\/\/www.ste-marguerite-sur-mer.fr\/de\/wp-json\/wp\/v2\/posts"}],"about":[{"href":"https:\/\/www.ste-marguerite-sur-mer.fr\/de\/wp-json\/wp\/v2\/types\/post"}],"author":[{"embeddable":true,"href":"https:\/\/www.ste-marguerite-sur-mer.fr\/de\/wp-json\/wp\/v2\/users\/1"}],"replies":[{"embeddable":true,"href":"https:\/\/www.ste-marguerite-sur-mer.fr\/de\/wp-json\/wp\/v2\/comments?post=3158"}],"version-history":[{"count":0,"href":"https:\/\/www.ste-marguerite-sur-mer.fr\/de\/wp-json\/wp\/v2\/posts\/3158\/revisions"}],"wp:attachment":[{"href":"https:\/\/www.ste-marguerite-sur-mer.fr\/de\/wp-json\/wp\/v2\/media?parent=3158"}],"wp:term":[{"taxonomy":"category","embeddable":true,"href":"https:\/\/www.ste-marguerite-sur-mer.fr\/de\/wp-json\/wp\/v2\/categories?post=3158"},{"taxonomy":"post_tag","embeddable":true,"href":"https:\/\/www.ste-marguerite-sur-mer.fr\/de\/wp-json\/wp\/v2\/tags?post=3158"}],"curies":[{"name":"wp","href":"https:\/\/api.w.org\/{rel}","templated":true}]}}