{"id":3175,"date":"2022-02-18T09:55:14","date_gmt":"2022-02-18T08:55:14","guid":{"rendered":"https:\/\/www.ste-marguerite-sur-mer.fr\/?p=3175"},"modified":"2022-06-28T16:46:56","modified_gmt":"2022-06-28T14:46:56","slug":"proces-verbal-de-la-reunion-du-conseil-municipalseance-du-18-fevrier-2022","status":"publish","type":"post","link":"https:\/\/www.ste-marguerite-sur-mer.fr\/de\/proces-verbal-de-la-reunion-du-conseil-municipalseance-du-18-fevrier-2022\/","title":{"rendered":"Protokoll der Sitzung des Gemeinderats vom 18. Februar 2022"},"content":{"rendered":"<p><strong><em><u>Protokoll der Sitzung des Gemeinderats<\/u><\/em><\/strong><\/p>\n<p><strong><em><u>Sitzung vom 18. Februar 2022<\/u><\/em><\/strong><\/p>\n<p><em>Im Jahr zweitausendzweiundzwanzig, am NEUNZEHNTAG DES MONATS FEBRUAR, um ACHTZEHN STUNDEN DREIZIG MINUTEN, kam der ordnungsgem\u00e4\u00df einberufene Gemeinderat unter dem Vorsitz von Herrn Olivier de CONIHOUT, B\u00fcrgermeister, zu einer \u00f6ffentlichen Sitzung zusammen.<\/em><\/p>\n<p><em>\u00a0<\/em><em><u>Anwesend waren <\/u>: <\/em><\/p>\n<ul>\n<li><em>Herren Olivier de CONIHOUT, Philippe BOSQUET (Ankunft um 19.00 Uhr), Herr Jean-Fran\u00e7ois DEROIDE, Francis LEGROUT<\/em><\/li>\n<li><em>Damen V\u00e9ronique DEPREUX, Christine MOUQUET, Brigitte GAUTHIER-DARCET, Catherine CORNILLOT<\/em><\/li>\n<\/ul>\n<p><em>\u00a0<\/em><em><u>Entschuldigt abwesend <\/u>: <\/em><\/p>\n<ul>\n<li><em>Herren Philippe HERITIER, David PETITON und Christophe TIRARD<\/em><\/li>\n<\/ul>\n<p><em>\u00a0<\/em><em><u>Macht <\/u>: <\/em><\/p>\n<ul>\n<li><em>Herr Philippe HERITIER an Herrn Jean-Fran\u00e7ois DEROIDE<\/em><\/li>\n<li><em>Herr David PETITON an Herrn Olivier de CONIHOUT<\/em><\/li>\n<li><em>Herr Christophe TIRARD an Herrn Francis LEGROUT<\/em><\/li>\n<li><em>Herr Philippe BOSQUET an Frau GAUTHIER-DARCET (bis 19.00 Uhr)<\/em><\/li>\n<\/ul>\n<p><em>\u00a0<\/em><\/p>\n<p><em>\u00a0<\/em><em>Herr Jean-Fran\u00e7ois DEROIDE wurde zum Sitzungssekret\u00e4r gew\u00e4hlt.<\/em><\/p>\n<p><em>\u00a0<\/em><em>\u00a0<\/em><\/p>\n<p><em><u>Datum der Einberufung<\/u>\u00a0: am 10. Februar 2022\u00a0\u00a0\u00a0\u00a0\u00a0\u00a0\u00a0\u00a0 <u>Datum der Anzeige<\/u>\u00a0: am 10. Februar 2022<\/em><\/p>\n<p><em>\u00a0<\/em><em>\u00a0<\/em><\/p>\n<p><em>Nach der Feststellung, dass die Gesundheitsma\u00dfnahmen eingehalten wurden, er\u00f6ffnet der B\u00fcrgermeister die Sitzung.<\/em><\/p>\n<p><em>\u00a0<\/em><em>\u00a0<\/em><\/p>\n<p><strong><em><u>Tagesordnung<\/u><\/em><\/strong><strong><em>\u00a0:<\/em><\/strong><\/p>\n<p><strong><em>\u00a0<\/em><\/strong><em>Annahme des Protokolls der vorangegangenen Sitzung<\/em><\/p>\n<ul>\n<li><em>Mitteilungen des B\u00fcrgermeisters<\/em><\/li>\n<li><em>Mitteilungen der Kommissionen<\/em><\/li>\n<li><em>Klimagesetz und Resilienz - R\u00fcckgang der K\u00fcstenlinie<\/em><\/li>\n<li><em>Kauf eines Holzchalets<\/em><\/li>\n<li><em>Vasterival-Tal - Beantragung von Zusch\u00fcssen<\/em><\/li>\n<li><em>Verschiedene Fragen <\/em><\/li>\n<\/ul>\n<p><em>\u00a0<\/em><strong><em>\u00a0<\/em><\/strong><\/p>\n<p><strong><em><u>Verabschiedung des Protokolls der vorherigen Sitzung<\/u><\/em><\/strong><\/p>\n<p><em>\u00a0<\/em><em>Das Protokoll der vorangegangenen Sitzung, das jedem Mitglied des Gemeinderats vorab \u00fcbermittelt wurde, wurde einstimmig angenommen, da es keine Anmerkungen gab.<\/em><\/p>\n<p><em>\u00a0<\/em><strong><em><u>Mitteilungen des B\u00fcrgermeisters<\/u><\/em><\/strong><\/p>\n<p><strong><em>Agenda seit dem letzten Treffen <\/em><\/strong><\/p>\n<p><strong><em>\u00a0<\/em><\/strong><em>25. Januar: CRTE-Treffen (Contrat de Relance et de Transition Ecologique) - Dieppe-Maritime<\/em><\/p>\n<p><em>28. Januar: Vorstellung des Leader-Fonds<\/em><\/p>\n<p><em>31. Januar: Demonstration Kindergarten<\/em><\/p>\n<p><em>1. Februar: Agglo-Treffen - Finanz- und Steuerpakt<\/em><\/p>\n<p><em>03. Februar: Treffen mit Herrn BUQUOI, Digitaler Berater von Dieppe-Maritime <\/em><\/p>\n<p><em>07. Februar: Auslosung f\u00fcr die Vergabe der Strandh\u00fctten<\/em><\/p>\n<p><em>11. Februar: Termin f\u00fcr die Strandkonvention - Seine-Maritime Attractivit\u00e9 (Frau Corruble)<\/em><\/p>\n<p><em>11. Februar: Sicherheitstermin Festival \"Sur les chemins du Phare\" (Auf den Wegen des Leuchtturms)<\/em><\/p>\n<p><em>14. Februar: Ausschuss f\u00fcr Gemeindeleben<\/em><\/p>\n<p><em>14. Februar: Rat des SMVOS<\/em><\/p>\n<p><em>15. Februar: Syndikat der Wassereinzugsgebiete<\/em><\/p>\n<p><em>17. Februar: Transfer vom kleinen Caf\u00e9 zum Strand<\/em><\/p>\n<p><em>18. Februar: Finanzausschuss<\/em><\/p>\n<p><em>19. Februar: Ende der PPA-Konsultationsphase f\u00fcr den PLU<\/em><\/p>\n<p><em>\u00a0<\/em><strong><em>Kommende Agenda <\/em><\/strong><\/p>\n<p><strong><em>\u00a0<\/em><\/strong><em>23. Februar: MOBY-Treffen (Schulmobilit\u00e4t) - Dieppe-Maritime<\/em><\/p>\n<p><em>01. M\u00e4rz: Gemeinschaftsb\u00fcro<\/em><\/p>\n<p><em>02. M\u00e4rz: PETR-B\u00fcro<\/em><\/p>\n<p><em>08. M\u00e4rz: Verwaltungsrat Seine-Maritime Num\u00e9rique<\/em><\/p>\n<p><em>08. M\u00e4rz: Gemeinderat<\/em><\/p>\n<p><em>15. M\u00e4rz: Syndikat der Wassereinzugsgebiete<\/em><\/p>\n<p><em>18. M\u00e4rz: Organisation der Gemeindekommission f\u00fcr direkte Steuern (Commission Communale des Imp\u00f4ts Directs)<\/em><\/p>\n<p><em>\u00a0<\/em><em>\u00a0<\/em><\/p>\n<p><em>N\u00e4chster Stadtrat: Freitag, den 18. M\u00e4rz 2022 um 18:30 Uhr<\/em><\/p>\n<p><em>\u00a0<\/em><em>\u00a0<\/em><\/p>\n<p><strong><em><u>Mitteilungen der Aussch\u00fcsse<\/u><\/em><\/strong><\/p>\n<ul>\n<li><strong><em><u>Klimagesetz und Resilienz - R\u00fcckzug der K\u00fcstenlinie<\/u><\/em><\/strong><\/li>\n<\/ul>\n<p><em>\u00a0<\/em><em>Der B\u00fcrgermeister legt dar :<\/em><\/p>\n<p><em>Einer der wichtigsten Punkte des Klima- und Widerstandsf\u00e4higkeitsgesetzes ist eine Reform des St\u00e4dtebaugesetzes und der Modalit\u00e4ten zur Ber\u00fccksichtigung des Erosionsrisikos in Planungsdokumenten (Artikel 239 bis 243), um das Management von Neubauten in Gebieten, in denen der R\u00fcckgang der K\u00fcstenlinie bekannt ist und antizipiert werden muss, zu verbessern und so eine Erh\u00f6hung der Anf\u00e4lligkeit von Personen und G\u00fctern zu verhindern.<\/em><\/p>\n<p><em>Eine Liste von 250 K\u00fcstengemeinden, die als am st\u00e4rksten durch den R\u00fcckgang der K\u00fcstenlinie gef\u00e4hrdet gelten, wird in K\u00fcrze per Dekret festgelegt.<\/em><\/p>\n<p><em>Ein Entwurf der Liste, der Mitte November 2021 vom Ministerium f\u00fcr den \u00f6kologischen \u00dcbergang erstellt wurde, f\u00fchrte dazu, dass vier Gemeinden, die am st\u00e4rksten betroffen sind, auf dem Gebiet Seino-Marin ausgew\u00e4hlt wurden: Dieppe, Sainte-Marguerite-sur Mer, Quiberville und Criel sur Mer.<\/em><\/p>\n<p><em>Diese Liste wurde auf Grundlage der Studie des CEREMA erstellt, die 2018 und 2019 im Auftrag der D.D.T.M. Seine-Maritime und nach einer Kreuzanalyse \"Al\u00e9as-Enjeux\" durchgef\u00fchrt wurde.<\/em><\/p>\n<p><em>Weitere Gemeinden k\u00f6nnen auf freiwilliger Basis in diese Liste aufgenommen werden.<\/em><\/p>\n<p><em>\u00a0<\/em><strong><em>Neue Bestimmungen aus dem Klima- und Widerstandsf\u00e4higkeitsgesetz<\/em><\/strong><\/p>\n<p><em><u>Im Bereich des Bodenrechts<\/u><\/em><em> :<\/em><\/p>\n<p><em>Die Regeln des PPRN gelten nicht mehr f\u00fcr das Risiko \"Klippeneinsturz\", stattdessen treten die Regeln des St\u00e4dtebaugesetzes an ihre Stelle.<\/em><\/p>\n<p><em>Es wird nur noch zwei Zonierungen geben: R\u00fcckgang von 0 bis 30 Jahren und von 30 bis 100 Jahren. Die Regeln f\u00fcr die Nichtbebaubarkeit werden progressiver sein als die derzeitigen: Fast vollst\u00e4ndige Nichtbebaubarkeit in der Zone, die 0-30 Jahren ausgesetzt ist, aber m\u00f6gliche Bebaubarkeit in der Zone, die 30-100 Jahren ausgesetzt ist, unter bestimmten Bedingungen.<\/em><\/p>\n<p><em><u>Der Barnier-Fonds<\/u><\/em><\/p>\n<p><em>Das Entsch\u00e4digungssystem wird nicht mehr \u00fcber den Barnier-Fonds abgewickelt, sondern \u00fcber eine vorgelagerte Kaution f\u00fcr Neubauten, Erweiterungen oder Immobilien, die unter dem neuen System erworben wurden.<\/em><\/p>\n<p><em>Aufrechterhaltung f\u00fcr andere G\u00fcter, die von einer ernsten und unmittelbaren Gefahr bedroht sind.<\/em><\/p>\n<p><em>\u00a0<\/em><em><u>Wichtigste Auswirkungen des Dekrets<\/u><\/em><em> :<\/em><\/p>\n<p><em>- Verpflichtung zur \u00dcberarbeitung der gesetzlichen Risikoeinteilung, die vom Staat mit 80% bezuschusst werden kann;<\/em><\/p>\n<p><em>- Pflicht zur \u00dcberarbeitung des PLU \/PLUI: Einleitung des Verfahrens innerhalb eines Jahres, das innerhalb von drei Jahren abgeschlossen sein muss ;<\/em><\/p>\n<p><em>- Erweitertes Vorkaufsrecht ;<\/em><\/p>\n<p><em>- M\u00f6glichkeit, mit dem Staat eine Vereinbarung zu schlie\u00dfen, um die technischen und finanziellen Mittel zu pr\u00e4zisieren, die f\u00fcr eine integrierte lokale Strategie f\u00fcr die K\u00fcstenlinie mobilisiert werden ;<\/em><\/p>\n<p><em>- Verpflichtung zur Hinterlegung eines Betrags in H\u00f6he der Zerst\u00f6rung plus Wiederherstellung des Grundst\u00fccks durch den Eigent\u00fcmer f\u00fcr jeden Neubau\/Ausbau, ebenso wie f\u00fcr den Kauf einer bestehenden Immobilie in einer 30er-Zone.<\/em><\/p>\n<p><em>- M\u00f6glichkeit, eine Gro\u00dfe St\u00e4dtebauliche Operation (GOU) durchzuf\u00fchren, der ein Partnerschaftsplan (Projet Partenarial d'Am\u00e9nagement, PPA) vorausgehen w\u00fcrde und die es erm\u00f6glichen w\u00fcrde, einen strategischen R\u00fcckzug der von den beiden Perimetern betroffenen Herausforderungen in Betracht zu ziehen, wobei eventuell vom K\u00fcstengesetz abgewichen werden k\u00f6nnte.<\/em><\/p>\n<p><em>\u00a0<\/em><em><u>Die folgenden Punkte werden sp\u00e4ter durch Verordnungen pr\u00e4zisiert werden<\/u><\/em><em> :<\/em><\/p>\n<p><em>- M\u00f6gliche Einf\u00fchrung eines Realpachtvertrags zur Anpassung an den Klimawandel ;<\/em><\/p>\n<p><em>- M\u00f6glichkeit, eine au\u00dfergew\u00f6hnliche Ausnahme vom K\u00fcstengesetz im Rahmen einer gro\u00dfen st\u00e4dtebaulichen Operation (GOU) zu erhalten ;<\/em><\/p>\n<p><em>- Definition einer Methode zur Bewertung von G\u00fctern \"administrativer Abschlag\". Das angesprochene Prinzip ist die Tatsache, dass das Gut an Wert verliert, wenn es sich dem Risiko n\u00e4hert. Es verliert an Wert, woraus sich der zuk\u00fcnftige Abschlag ergibt.<\/em><\/p>\n<p><em>\u00a0<\/em><em>In Anbetracht all dieser Elemente stellen sich die betroffenen Gemeinden Fragen, auch wenn das Ph\u00e4nomen des R\u00fcckzugs der K\u00fcstenlinie unausweichlich ist:<\/em><\/p>\n<p><em>- Welcher Fonds wird f\u00fcr die Entsch\u00e4digungen mobilisiert?<\/em><\/p>\n<p><em>- Wer tr\u00e4gt letztendlich die vom Etablissement Public Foncier de Normandie vorgekauften Grundst\u00fccke? Die Gemeinden oder der Staat? Wer zahlt am Ende f\u00fcr diese \u00dcbernahmen?<\/em><\/p>\n<p><em>- Wie wird der Staat die Gemeinden bei der \u00dcberarbeitung von PLUs begleiten?<\/em><\/p>\n<p><em>- Wie wird der Mechanismus aussehen, der die Gemeinden dabei unterst\u00fctzt, die Kartierung der 0-30-Jahres- und 30-100-Jahres-Perimeter festzulegen?<\/em><\/p>\n<p><em>- Der Betrag f\u00fcr den R\u00fcckbau und die Wiederherstellung des Gel\u00e4ndes wird in der Stadtplanungsgenehmigung festgelegt. Wie steht es mit der Kompetenz der zust\u00e4ndigen Beh\u00f6rden in diesem Bereich? Diese st\u00e4dtebauliche Dienstbarkeit wird von den B\u00fcrgermeistern kontrolliert: Dieser Punkt kann zu Rechtsstreitigkeiten f\u00fchren.<\/em><\/p>\n<p><em>- Wie werden die Informationen an die von diesen Umkreisen betroffenen Anwohner weitergegeben?<\/em><\/p>\n<p><em>- Wird die Wiederherstellung der \u00f6ffentlichen Infrastruktur, die durch den R\u00fcckgang der K\u00fcstenlinie beeintr\u00e4chtigt wird (Stra\u00dfen, Netzwerke, ...), vom Staat finanziert?<\/em><\/p>\n<p><em>- F\u00fcr die Gemeinde Sainte-Marguerite sind etwa 20 private G\u00fcter von der Zone 30 bis 100 Jahre betroffen, aber auch die Infrastruktur der Strandpromenade. Das Entsch\u00e4digungssystem muss noch verfeinert werden.<\/em><\/p>\n<p><em>- Wird es m\u00f6glich sein, die Grande Op\u00e9ration d'Urabanisme umzusetzen, obwohl die vier Gemeinden nicht Teil derselben Interkommunalen Gemeinschaft sind? Wer wird die Kosten f\u00fcr die Studien im Zusammenhang mit diesem PPA und dieser GOU tragen, wenn sie umgesetzt werden kann?<\/em><\/p>\n<p><em>- Wie werden die Gebietsk\u00f6rperschaften, die f\u00fcr die GEMAPI-Kompetenz und Herausforderungen verantwortlich sind, in den Prozess und seine Finanzierung eingebunden?<\/em><\/p>\n<p><em>- Welche Anpassungen oder Ausnahmen vom K\u00fcstengesetz k\u00f6nnen in der Gemeinde Sainte-Marguerite-sur-Mer gew\u00e4hrt werden (insbesondere in Bezug auf die Errichtung von Infrastrukturen f\u00fcr die Abdeckung mit Mobiltelefonen)?<\/em><\/p>\n<p><em>\u00a0<\/em><strong><em>Deshalb<\/em><\/strong><em> :<\/em><\/p>\n<p><em>In Anbetracht dieser Anfragen nach Pr\u00e4zisierungen und Klarstellungen und in Erwartung der staatlichen Durchf\u00fchrungsbestimmungen wird vorgeschlagen, die Einstufung als eine der 250 vorrangigen Gemeinden zur Kenntnis zu nehmen, ohne dabei die Zukunft in Bezug auf die k\u00fcnftigen staatlichen Beihilfen, die in erster Linie den vorrangigen Gemeinden gew\u00e4hrt werden, zu belasten.<\/em><\/p>\n<p><em>Herr B\u00fcrgermeister schl\u00e4gt dem Gemeinderat vor :<\/em><\/p>\n<ul>\n<li><em> Zur Kenntnis zu nehmen, dass die Gemeinde Sainte-Marguerite-sur-Mer in dem n\u00e4chsten zu ver\u00f6ffentlichenden Dekret als eine von 250 vorrangigen Gemeinden eingestuft wird.<\/em><\/li>\n<li><em> die staatlichen Stellen zu bitten, uns so schnell wie m\u00f6glich Klarheit \u00fcber die oben genannten Fragen zu verschaffen.<\/em><\/li>\n<li><em> Beim Staat die k\u00fcnftigen Finanzhilfen zum H\u00f6chstsatz zu beantragen.<\/em><\/li>\n<\/ul>\n<p><em>\u00a0<\/em><em>Ohne weitere Fragen wird die Abstimmung durchgef\u00fchrt.<\/em><\/p>\n<p><em>Nach eingehender Beratung beschlie\u00dft der Gemeinderat mit Einstimmigkeit der anwesenden und vertretenen Mitglieder :<\/em><\/p>\n<ul>\n<li><em> Zur Kenntnis zu nehmen, dass die Stadt Sainte-Marguerite-sur-Mer in dem n\u00e4chsten zu ver\u00f6ffentlichenden Dekret als eine der 250 vorrangigen Gemeinden eingestuft wird.<\/em><\/li>\n<li><em> die staatlichen Stellen zu bitten, uns so schnell wie m\u00f6glich Klarheit \u00fcber die oben genannten Fragen zu verschaffen.<\/em><\/li>\n<li><em> beim Staat die k\u00fcnftigen Finanzhilfen zum H\u00f6chstsatz zu beantragen<\/em><\/li>\n<\/ul>\n<p><em>\u00a0<\/em><\/p>\n<ul>\n<li><strong><em><u>Kauf eines Holzchalets <\/u><\/em><\/strong><\/li>\n<\/ul>\n<p><em>\u00a0<\/em><em>Herr LEGROUT informiert die Ratsmitglieder, dass die H\u00fctte des kleinen Caf\u00e9s an die Strandpromenade verlegt wurde.<\/em><\/p>\n<p><em>Um diesen Service w\u00e4hrend des Marktes weiterhin anbieten zu k\u00f6nnen, schl\u00e4gt er vor, eine H\u00fctte vom Typ Gartenhaus aus Holz zu erwerben.<\/em><\/p>\n<p><em>Ein Angebot von Leroy Merlin in H\u00f6he von 1890 \u20ac inkl. MwSt. wurde eingeholt.<\/em><\/p>\n<p><em>\u00a0<\/em><em>Nach einer Beratung geben die Mitglieder des Gemeinderats einstimmig ihre Zustimmung zu diesem Kauf.<\/em><\/p>\n<p>&nbsp;<\/p>\n<p><strong><em>19.00 Uhr: Ankunft von Herrn Philippe BOSQUET<\/em><\/strong><\/p>\n<ul>\n<li><strong><em><u>Projekt Strandanimation<\/u><\/em><\/strong><\/li>\n<\/ul>\n<p><em>\u00a0<\/em><em>Die Ankunft der neuen Betreiber im Restaurant an der Strandpromenade erfordert einige Anpassungen. Insbesondere muss der Stromz\u00e4hler verlegt und das Abonnement auf einen \"gelben\" Tarif umgestellt werden.<\/em><\/p>\n<p><em>Herr LEGROUT bittet den Rat um seine Meinung, ob diese Einrichtungen in Rechnung gestellt werden sollen.<\/em><\/p>\n<p><em>Es wird vorgeschlagen, dass die Verlegung des Z\u00e4hlers (ca. 4000 \u20ac) von der Stadtverwaltung finanziert wird und dass die Kosten f\u00fcr das Abonnement zusammen mit den Kosten f\u00fcr den Stromverbrauch den Betreibern in Rechnung gestellt werden.<\/em><\/p>\n<p><em>Die Ratsmitglieder best\u00e4tigen den Vorschlag einstimmig.<\/em><\/p>\n<p><em>\u00a0<\/em><em>\u00a0<\/em><\/p>\n<ul>\n<li><strong><em><u>Vasterival-Tal<\/u><\/em><\/strong><\/li>\n<\/ul>\n<p><em>\u00a0<\/em><em>Das Syndicat Mixte du Littoral bot die Mitarbeit des Unternehmens Val\u00e9rian, mit dem es einen \u00f6ffentlichen Auftrag hat, an, um die Arbeiten an der Treppe des Tals durchzuf\u00fchren.<\/em><\/p>\n<p><em>Auf der n\u00e4chsten Ratssitzung wird eine Vereinbarung vorgeschlagen, damit ihnen die Bauleitung \u00fcbertragen werden kann. Die Endkosten des Vorhabens werden zu gleichen Teilen mit der Gemeinde Varengeville-sur-Mer geteilt.<\/em><\/p>\n<p><em>Es wurde ein Kostenvoranschlag in H\u00f6he von 25.488,05 \u20ac (inkl. MwSt.) vorgelegt. Die Zustimmung zu diesem Kostenvoranschlag wird nach Erhalt des Beschlusses und der Vereinbarung der Gemeinde Varengeville-sur-Mer erteilt.<\/em><\/p>\n<p><em>\u00a0<\/em><em>Da die Gemeinde Sainte-Marguerite als Tr\u00e4ger des Projekts bestimmt wurde, liegt es an uns, die Antr\u00e4ge auf Zusch\u00fcsse zu stellen.<\/em><\/p>\n<p><em>\u00a0<\/em><em>Nach eingehender Beratung geben die Mitglieder des Gemeinderats einstimmig ihre Zustimmung zur Einreichung der Subventionsantr\u00e4ge im Rahmen der DETR und beim D\u00e9partement.<\/em><\/p>\n<p><em>\u00a0<\/em><\/p>\n<ul>\n<li><strong><em><u>Ausschuss f\u00fcr kommunales Leben<\/u><\/em><\/strong><\/li>\n<\/ul>\n<p><em>\u00a0<\/em><em>Der Ausschuss trat am Montag, den 14. Februar 2022, zusammen.<\/em><\/p>\n<p><em>\u00a0<\/em><em>Es wurde die M\u00f6glichkeit angesprochen, den Strand mit einem Defibrillator auszustatten. Derzeit gibt es in der Gemeinde nur einen Defibrillator im Saal des Point de Rencontre. Der Strand ist nur w\u00e4hrend der Wachzeiten mit diesem Ger\u00e4t abgedeckt, dank der Ausr\u00fcstung der Feuerwehr, wenn diese anwesend ist. Da die Idee positiv aufgenommen wurde, sollte ein Kostenvoranschlag erstellt werden, um den Kauf auf einer der n\u00e4chsten Ratssitzungen zu beschlie\u00dfen.<\/em><\/p>\n<p><em>\u00a0<\/em><em>Nach ihren Recherchen \u00fcbermittelte Frau CORNILLOT jedem eine Zusammenfassung der Vorschriften f\u00fcr die Einrichtung von Ferienh\u00e4usern. Viele Air-Bnb-Vermietungen werden angeboten und wirken sich auf das Immobilienangebot in der Gemeinde aus.<\/em><\/p>\n<p><em>Es w\u00e4re angebracht, die Eigent\u00fcmer der Unterk\u00fcnfte zun\u00e4chst im Newsletter an die Vorschriften zu erinnern. Die M\u00f6glichkeit einer Ann\u00e4herung an die Communaut\u00e9 d'Agglom\u00e9ration, die die Kurtaxen eintreibt, um die Anzahl der aufgelisteten Unterk\u00fcnfte zu erfahren, wurde ebenfalls angesprochen.<\/em><\/p>\n<p><em>\u00a0<\/em><em>Frau DEPREUX informiert auch \u00fcber ihr Treffen mit Herrn BUQUOI, dem Digitalen Berater f\u00fcr die Agglomeration.<\/em><\/p>\n<p><em>Dieser bietet Treffen und Termine an, um den Einwohnern bei der Erledigung von Online-Angelegenheiten oder im weiteren Sinne bei der Nutzung digitaler Werkzeuge zu helfen.<\/em><\/p>\n<p><em>Der w\u00f6chentliche Zeitrahmen am Freitagmorgen, ab dem 1.<sup>er<\/sup> April, wurde beschlossen.<\/em><\/p>\n<p><em>Die Informationen werden im n\u00e4chsten Newsletter (Mitte M\u00e4rz) bekannt gegeben.<\/em><\/p>\n<p><em>\u00a0<\/em><em>Frau MOUQUET nahm an einem Treffen der CLIN in Paluel teil, bei dem es um das Protokoll im Falle eines nuklearen Zwischenfalls ging. Sie schlug vor, im n\u00e4chsten Newsletter an die M\u00f6glichkeit zu erinnern, dass Einwohner, die ihre Jodtabletten nicht erhalten haben, diese gegen Vorlage eines Wohnsitznachweises in einer Apotheke abholen k\u00f6nnen.<\/em><\/p>\n<p><em>\u00a0<\/em><em>Die n\u00e4chste Sitzung des Ausschusses ist f\u00fcr Montag, den 14. M\u00e4rz um 16.30 Uhr angesetzt.<\/em><\/p>\n<p><em>\u00a0<\/em><\/p>\n<p><em>\u00a0<\/em><strong><em><u>Verschiedene Fragen<\/u><\/em><\/strong><\/p>\n<p><em>\u00a0<\/em><strong><em><u>Kauf eines CO2-Melders<\/u><\/em><\/strong><\/p>\n<p><em>\u00a0<\/em><em>Die Einf\u00fchrung von CO2-Messger\u00e4ten in Schulen wird derzeit vom Staat mit 8 \u20ac pro Sch\u00fcler bezuschusst. Die Antr\u00e4ge m\u00fcssen bis zum 30. April 2022 gestellt werden.<\/em><\/p>\n<p><em>Es ist sehr wahrscheinlich, dass diese Detektoren zum n\u00e4chsten Schuljahr verpflichtend werden.<\/em><\/p>\n<p><em>Die Firma SEDI Equipement bietet diese Detektoren zum St\u00fcckpreis von 65.50 \u20ac an.<\/em><\/p>\n<p><em>Nach eingehender Beratung geben die Ratsmitglieder einstimmig ihre Zustimmung und erm\u00e4chtigen den B\u00fcrgermeister, die entsprechende Subvention beim Staat zu beantragen.<\/em><\/p>\n<p><em>\u00a0<\/em><em>\u00a0<\/em><\/p>\n<ul>\n<li><strong><em><u>Dematerialisierung der \u00dcbermittlung von Rechtsakten<\/u><\/em><\/strong><\/li>\n<\/ul>\n<p><em>\u00a0<\/em><em>Auf der letzten Ratssitzung des SMVOS wurde die Nutzung der @ctes-Software angesprochen.<\/em><\/p>\n<p><em>Dieses Tool erh\u00f6ht die Sicherheit und Zuverl\u00e4ssigkeit bei der \u00dcbermittlung von Akten der Gebietsk\u00f6rperschaften an die Pr\u00e4fektur (Erlasse, Beschl\u00fcsse...). Es spart au\u00dferdem Zeit und Geld (keine Kosten mehr f\u00fcr Papiersendungen).<\/em><\/p>\n<p><em>Der B\u00fcrgermeister bittet den Rat um Zustimmung, eine der vom Innenministerium zugelassenen Drittparteien f\u00fcr die \u00dcbermittlung zu kontaktieren und die Vereinbarung mit der Pr\u00e4fektur zu unterzeichnen.<\/em><\/p>\n<p><em>\u00a0<\/em><em>Der Vorschlag wurde von den Ratsmitgliedern einstimmig angenommen.<\/em><\/p>\n<p><em>\u00a0<\/em><em>\u00a0<\/em><\/p>\n<ul>\n<li><strong><em><u>\u00dcbernahme eines Teils der Kosten f\u00fcr die Krankenversicherung der Bediensteten<\/u><\/em><\/strong><\/li>\n<\/ul>\n<p><em>\u00a0<\/em><em>Im Anschluss an das Dekret Nr. 2021-1164 vom 8. September 2021 \u00fcber die Erstattung eines Teils der Beitr\u00e4ge f\u00fcr den erg\u00e4nzenden Sozialschutz zur Deckung der Gesundheitskosten von Bediensteten, das ab dem 1. Januar 2015 gilt, wurde die Kommission aufgefordert, die Beitr\u00e4ge f\u00fcr den erg\u00e4nzenden Sozialschutz zu erstatten.<sup>er<\/sup> Januar 2022 wird vom Staat eine pauschale Erstattung vorgeschlagen, die auf 15 Euro pro Kalendermonat festgelegt ist, unabh\u00e4ngig von der H\u00f6he der monatlich vom Bediensteten gezahlten Beitr\u00e4ge.<\/em><\/p>\n<p><em>\u00a0<\/em><em>Alle unsere Bediensteten sind anspruchsberechtigt und m\u00fcssen dies \u00fcber das Formular beantragen, das sie mit der n\u00e4chsten Gehaltsabrechnung erhalten.<\/em><\/p>\n<p><em>\u00a0<\/em><em>Nach einer Beratung stimmen die Ratsmitglieder einstimmig der Anwendung des Dekrets ab M\u00e4rz 2022 zu.<\/em><\/p>\n<p><em>\u00a0<\/em><\/p>\n<p><em>\u00a0<\/em><strong><em><u>Sitzung des Syndicat des Bassins Versants Sa\u00e2ne, Vienne et Scie (Flussgebietsverband Sa\u00e2ne, Vienne und S\u00e4ge)<\/u><\/em><\/strong><\/p>\n<p><em>\u00a0<\/em><em>Frau MOUQUET berichtet, dass das Syndikat seine Projekte und Mittel mit dem Arques-Syndikat in einer gemeinsamen Einheit zusammengefasst hat: PAPI (Vereinbarung unterzeichnet im Dezember 2021), die mit der Vermeidung von Hochwasser und \u00dcberschwemmungen, der Planung von Ad-hoc-Einrichtungen, Studien und Kommunikation beauftragt ist. <\/em><\/p>\n<p><em>Die GEMAPI-Kompetenz (Management der Hochwasserverh\u00fctung, die auch die Verteidigung gegen das Meer umfasst) entspricht einer Steuer von etwa 20 Euro auf die Steuern der Steuerzahler.<\/em><\/p>\n<p><em>Die GEMAPI-Zweigkompetenz \"Seeverteidigung\" darf keine strukturierenden Arbeiten im Wert von mehr als 50K Euro umfassen, sondern entspricht laufenden Instandhaltungsarbeiten oder Ma\u00dfnahmen zur \u00dcberwachung und Nachverfolgung von Akten. <\/em><\/p>\n<p><em>In Bezug auf die Arbeiten zur Wiederanbindung sind im Laufe des Jahres die Abtragung von Erdw\u00e4llen, Umweltbewertungsstudien, hydrographische, hydrologische und arch\u00e4ologische Studien geplant.<\/em><\/p>\n<p><em>\u00a0<\/em><em>Die Kommunikationsabteilung steht Schulen oder einer Gruppe von Einwohnern, die einen Vortrag oder einen Besuch vor Ort w\u00fcnschen, zur Verf\u00fcgung.<\/em><\/p>\n<p><em>\u00a0<\/em><em>\u00a0<\/em><\/p>\n<ul>\n<li><strong><em><u>Organisation des Festivals \"Sur les chemins du Phare\" (Auf den Wegen des Leuchtturms)<\/u><\/em><\/strong><\/li>\n<\/ul>\n<p><em>\u00a0<\/em><em>Herr DEROIDE informierte den Rat dar\u00fcber, dass am Freitag, den 11. Februar 2022, ein Treffen zur Abstimmung \u00fcber den Sicherheitsaspekt der Veranstaltung stattgefunden hatte. Eingeladen waren die Pr\u00e4fektur, die Gendarmerie und der SDIS 76. Nur Hauptmann GRILLON, ein Feuerwehrmann, war anwesend. <\/em><\/p>\n<p><em>Bei dem Treffen wurden die notwendigen Elemente f\u00fcr die sichere Organisation von Veranstaltungen mit weniger als 1500 Personen (gleichzeitig) \u00fcberpr\u00fcft: Durchfahrt und Parken von Rettungsfahrzeugen, Identifizierung der Organisatoren (Armbinden, Westen...), Aufstellen von Barrieren f\u00fcr den Weg auf den Gehwegen, Vorhandensein von Feuerl\u00f6schern...).<\/em><\/p>\n<p><em>\u00a0<\/em><em>Der Sicherheitsausschuss schl\u00e4gt den Kauf von 5 reflektierenden Westen vor, die im Rathaus f\u00fcr Veranstaltungen erh\u00e4ltlich sind.<\/em><\/p>\n<p><em>Der Gemeinderat stimmt einstimmig zu.<\/em><\/p>\n<p><em>\u00a0<\/em><strong><em><u>Erstattung von Kosten<\/u><\/em><\/strong><\/p>\n<p><em>\u00a0<\/em><em>Frau MOUQUET legt eine Kostenrechnung \u00fcber 24,96 \u20ac f\u00fcr ihre Fahrten im Januar und Februar vor (Sitzungen der Agglomeration und des Wassereinzugsgebietsverbands).<\/em><\/p>\n<p><em>\u00a0<\/em><em>Der Gemeinderat stimmt der Kostenerstattung einstimmig zu.<\/em><\/p>\n<p><em>\u00a0<\/em><em>\u00a0<\/em><\/p>\n<ul>\n<li><strong><em><u>Eulen Schleiereulen<\/u><\/em><\/strong><\/li>\n<\/ul>\n<p><em>\u00a0<\/em><\/p>\n<p><em>Frau MOUQUET stellte das Projekt von Dieppe-Maritime vor, das die Groupe Ornithologique Normand unterst\u00fctzt und darin besteht, in \u00f6ffentlichen Geb\u00e4uden Orte ausfindig zu machen, an denen ein Versteck angebracht werden kann, um die Fortpflanzung der Schleiereule zu unterst\u00fctzen, deren Best\u00e4nde r\u00fcckl\u00e4ufig sind. <\/em><\/p>\n<p><em>Eine Entscheidung wird getroffen, wenn die Ergebnisse der GON vorliegen.<\/em><\/p>\n<p><em>\u00a0<\/em><em>\u00a0<\/em><\/p>\n<p><em>\u00a0\u00a0\u00a0\u00a0\u00a0\u00a0\u00a0\u00a0\u00a0\u00a0\u00a0\u00a0\u00a0\u00a0\u00a0\u00a0\u00a0\u00a0\u00a0\u00a0\u00a0\u00a0\u00a0\u00a0\u00a0\u00a0\u00a0\u00a0\u00a0\u00a0\u00a0\u00a0\u00a0\u00a0\u00a0\u00a0\u00a0\u00a0\u00a0\u00a0\u00a0\u00a0\u00a0\u00a0\u00a0\u00a0\u00a0\u00a0\u00a0\u00a0\u00a0\u00a0\u00a0\u00a0\u00a0\u00a0\u00a0\u00a0\u00a0\u00a0\u00a0\u00a0\u00a0\u00a0\u00a0\u00a0\u00a0\u00a0\u00a0\u00a0 Der B\u00fcrgermeister schlie\u00dft die Sitzung um 20:30 Uhr.<\/em><\/p>\n<p><em>\u00a0<\/em><\/p>\n<p>&nbsp;<\/p>\n<p><em>\u00a0<\/em><\/p>","protected":false},"excerpt":{"rendered":"<p>Protokoll der Sitzung des Gemeinderats Sitzung vom 18. Februar 2022 Im Jahr Zweitausendzweiundzwanzig, am ACHTEN FEBRUAR, um ACHTHUNDERT DREISSIG MINUTEN trat der ordnungsgem\u00e4\u00df einberufene Gemeinderat unter dem Vorsitz von Herrn Olivier de CONIHOUT, B\u00fcrgermeister, zu einer \u00f6ffentlichen Sitzung zusammen Anwesend waren : Herren [...].<\/p>","protected":false},"author":1,"featured_media":0,"comment_status":"open","ping_status":"open","sticky":false,"template":"","format":"standard","meta":{"footnotes":""},"categories":[19,56],"tags":[],"class_list":["post-3175","post","type-post","status-publish","format-standard","hentry","category-affichage_municipal","category-compte-rendus-du-cm"],"yoast_head":"<!-- This site is optimized with the Yoast SEO plugin v25.3 - https:\/\/yoast.com\/wordpress\/plugins\/seo\/ -->\n<title>Compte-rendu de la r\u00e9union du Conseil Municipal du 18 f\u00e9vrier 2022 - Mairie de Sainte-Marguerite Sur Mer<\/title>\n<meta name=\"robots\" content=\"index, follow, max-snippet:-1, max-image-preview:large, max-video-preview:-1\" \/>\n<link rel=\"canonical\" href=\"https:\/\/www.ste-marguerite-sur-mer.fr\/de\/proces-verbal-de-la-reunion-du-conseil-municipalseance-du-18-fevrier-2022\/\" \/>\n<meta property=\"og:locale\" content=\"de_DE\" \/>\n<meta property=\"og:type\" content=\"article\" \/>\n<meta property=\"og:title\" content=\"Compte-rendu de la r\u00e9union du Conseil Municipal du 18 f\u00e9vrier 2022 - Mairie de Sainte-Marguerite Sur Mer\" \/>\n<meta property=\"og:description\" content=\"Proc\u00e8s-verbal de la R\u00e9union du Conseil Municipal S\u00e9ance du 18 F\u00e9vrier 2022 L\u2019an deux mil VINGT-DEUX, le DIX HUIT du mois de FEVRIER, \u00e0 DIX HUIT heures TRENTE minutes, le Conseil Municipal l\u00e9galement convoqu\u00e9 s\u2019est r\u00e9uni, en s\u00e9ance publique, sous la pr\u00e9sidence de Monsieur Olivier de CONIHOUT, Maire \u00a0Etaient pr\u00e9sents : Messieurs [&hellip;]\" \/>\n<meta property=\"og:url\" content=\"https:\/\/www.ste-marguerite-sur-mer.fr\/de\/proces-verbal-de-la-reunion-du-conseil-municipalseance-du-18-fevrier-2022\/\" \/>\n<meta property=\"og:site_name\" content=\"Mairie de Sainte-Marguerite Sur Mer\" \/>\n<meta property=\"article:published_time\" content=\"2022-02-18T08:55:14+00:00\" \/>\n<meta property=\"article:modified_time\" content=\"2022-06-28T14:46:56+00:00\" \/>\n<meta name=\"author\" content=\"SteMargueriteAdm018\" \/>\n<meta name=\"twitter:card\" content=\"summary_large_image\" \/>\n<meta name=\"twitter:label1\" content=\"Verfasst von\" \/>\n\t<meta name=\"twitter:data1\" content=\"SteMargueriteAdm018\" \/>\n\t<meta name=\"twitter:label2\" content=\"Gesch\u00e4tzte Lesezeit\" \/>\n\t<meta name=\"twitter:data2\" content=\"12\u00a0Minuten\" \/>\n<script type=\"application\/ld+json\" class=\"yoast-schema-graph\">{\"@context\":\"https:\/\/schema.org\",\"@graph\":[{\"@type\":\"WebPage\",\"@id\":\"https:\/\/www.ste-marguerite-sur-mer.fr\/proces-verbal-de-la-reunion-du-conseil-municipalseance-du-18-fevrier-2022\/\",\"url\":\"https:\/\/www.ste-marguerite-sur-mer.fr\/proces-verbal-de-la-reunion-du-conseil-municipalseance-du-18-fevrier-2022\/\",\"name\":\"Compte-rendu de la r\u00e9union du Conseil Municipal du 18 f\u00e9vrier 2022 - Mairie de Sainte-Marguerite Sur Mer\",\"isPartOf\":{\"@id\":\"https:\/\/www.ste-marguerite-sur-mer.fr\/#website\"},\"datePublished\":\"2022-02-18T08:55:14+00:00\",\"dateModified\":\"2022-06-28T14:46:56+00:00\",\"author\":{\"@id\":\"https:\/\/www.ste-marguerite-sur-mer.fr\/#\/schema\/person\/2064bbc0bd1a6ca7d3243771c0ccdc94\"},\"breadcrumb\":{\"@id\":\"https:\/\/www.ste-marguerite-sur-mer.fr\/proces-verbal-de-la-reunion-du-conseil-municipalseance-du-18-fevrier-2022\/#breadcrumb\"},\"inLanguage\":\"de\",\"potentialAction\":[{\"@type\":\"ReadAction\",\"target\":[\"https:\/\/www.ste-marguerite-sur-mer.fr\/proces-verbal-de-la-reunion-du-conseil-municipalseance-du-18-fevrier-2022\/\"]}]},{\"@type\":\"BreadcrumbList\",\"@id\":\"https:\/\/www.ste-marguerite-sur-mer.fr\/proces-verbal-de-la-reunion-du-conseil-municipalseance-du-18-fevrier-2022\/#breadcrumb\",\"itemListElement\":[{\"@type\":\"ListItem\",\"position\":1,\"name\":\"Accueil\",\"item\":\"https:\/\/www.ste-marguerite-sur-mer.fr\/\"},{\"@type\":\"ListItem\",\"position\":2,\"name\":\"Compte-rendu de la r\u00e9union du Conseil Municipal du 18 f\u00e9vrier 2022\"}]},{\"@type\":\"WebSite\",\"@id\":\"https:\/\/www.ste-marguerite-sur-mer.fr\/#website\",\"url\":\"https:\/\/www.ste-marguerite-sur-mer.fr\/\",\"name\":\"Mairie de Sainte-Marguerite Sur Mer\",\"description\":\"commune de normandie\",\"potentialAction\":[{\"@type\":\"SearchAction\",\"target\":{\"@type\":\"EntryPoint\",\"urlTemplate\":\"https:\/\/www.ste-marguerite-sur-mer.fr\/?s={search_term_string}\"},\"query-input\":{\"@type\":\"PropertyValueSpecification\",\"valueRequired\":true,\"valueName\":\"search_term_string\"}}],\"inLanguage\":\"de\"},{\"@type\":\"Person\",\"@id\":\"https:\/\/www.ste-marguerite-sur-mer.fr\/#\/schema\/person\/2064bbc0bd1a6ca7d3243771c0ccdc94\",\"name\":\"SteMargueriteAdm018\",\"image\":{\"@type\":\"ImageObject\",\"inLanguage\":\"de\",\"@id\":\"https:\/\/www.ste-marguerite-sur-mer.fr\/#\/schema\/person\/image\/\",\"url\":\"https:\/\/secure.gravatar.com\/avatar\/6fcc2f15419679d0130cb5d8281d232525e7e46448f5db9b20f0556bc7b61b99?s=96&d=mm&r=g\",\"contentUrl\":\"https:\/\/secure.gravatar.com\/avatar\/6fcc2f15419679d0130cb5d8281d232525e7e46448f5db9b20f0556bc7b61b99?s=96&d=mm&r=g\",\"caption\":\"SteMargueriteAdm018\"}}]}<\/script>\n<!-- \/ Yoast SEO plugin. -->","yoast_head_json":{"title":"Compte-rendu de la r\u00e9union du Conseil Municipal du 18 f\u00e9vrier 2022 - Mairie de Sainte-Marguerite Sur Mer","robots":{"index":"index","follow":"follow","max-snippet":"max-snippet:-1","max-image-preview":"max-image-preview:large","max-video-preview":"max-video-preview:-1"},"canonical":"https:\/\/www.ste-marguerite-sur-mer.fr\/de\/proces-verbal-de-la-reunion-du-conseil-municipalseance-du-18-fevrier-2022\/","og_locale":"de_DE","og_type":"article","og_title":"Compte-rendu de la r\u00e9union du Conseil Municipal du 18 f\u00e9vrier 2022 - Mairie de Sainte-Marguerite Sur Mer","og_description":"Proc\u00e8s-verbal de la R\u00e9union du Conseil Municipal S\u00e9ance du 18 F\u00e9vrier 2022 L\u2019an deux mil VINGT-DEUX, le DIX HUIT du mois de FEVRIER, \u00e0 DIX HUIT heures TRENTE minutes, le Conseil Municipal l\u00e9galement convoqu\u00e9 s\u2019est r\u00e9uni, en s\u00e9ance publique, sous la pr\u00e9sidence de Monsieur Olivier de CONIHOUT, Maire \u00a0Etaient pr\u00e9sents : Messieurs [&hellip;]","og_url":"https:\/\/www.ste-marguerite-sur-mer.fr\/de\/proces-verbal-de-la-reunion-du-conseil-municipalseance-du-18-fevrier-2022\/","og_site_name":"Mairie de Sainte-Marguerite Sur Mer","article_published_time":"2022-02-18T08:55:14+00:00","article_modified_time":"2022-06-28T14:46:56+00:00","author":"SteMargueriteAdm018","twitter_card":"summary_large_image","twitter_misc":{"Verfasst von":"SteMargueriteAdm018","Gesch\u00e4tzte Lesezeit":"12\u00a0Minuten"},"schema":{"@context":"https:\/\/schema.org","@graph":[{"@type":"WebPage","@id":"https:\/\/www.ste-marguerite-sur-mer.fr\/proces-verbal-de-la-reunion-du-conseil-municipalseance-du-18-fevrier-2022\/","url":"https:\/\/www.ste-marguerite-sur-mer.fr\/proces-verbal-de-la-reunion-du-conseil-municipalseance-du-18-fevrier-2022\/","name":"Compte-rendu de la r\u00e9union du Conseil Municipal du 18 f\u00e9vrier 2022 - Mairie de Sainte-Marguerite Sur Mer","isPartOf":{"@id":"https:\/\/www.ste-marguerite-sur-mer.fr\/#website"},"datePublished":"2022-02-18T08:55:14+00:00","dateModified":"2022-06-28T14:46:56+00:00","author":{"@id":"https:\/\/www.ste-marguerite-sur-mer.fr\/#\/schema\/person\/2064bbc0bd1a6ca7d3243771c0ccdc94"},"breadcrumb":{"@id":"https:\/\/www.ste-marguerite-sur-mer.fr\/proces-verbal-de-la-reunion-du-conseil-municipalseance-du-18-fevrier-2022\/#breadcrumb"},"inLanguage":"de","potentialAction":[{"@type":"ReadAction","target":["https:\/\/www.ste-marguerite-sur-mer.fr\/proces-verbal-de-la-reunion-du-conseil-municipalseance-du-18-fevrier-2022\/"]}]},{"@type":"BreadcrumbList","@id":"https:\/\/www.ste-marguerite-sur-mer.fr\/proces-verbal-de-la-reunion-du-conseil-municipalseance-du-18-fevrier-2022\/#breadcrumb","itemListElement":[{"@type":"ListItem","position":1,"name":"Accueil","item":"https:\/\/www.ste-marguerite-sur-mer.fr\/"},{"@type":"ListItem","position":2,"name":"Compte-rendu de la r\u00e9union du Conseil Municipal du 18 f\u00e9vrier 2022"}]},{"@type":"WebSite","@id":"https:\/\/www.ste-marguerite-sur-mer.fr\/#website","url":"https:\/\/www.ste-marguerite-sur-mer.fr\/","name":"Mairie de Sainte-Marguerite Sur Mer","description":"commune de normandie","potentialAction":[{"@type":"SearchAction","target":{"@type":"EntryPoint","urlTemplate":"https:\/\/www.ste-marguerite-sur-mer.fr\/?s={search_term_string}"},"query-input":{"@type":"PropertyValueSpecification","valueRequired":true,"valueName":"search_term_string"}}],"inLanguage":"de"},{"@type":"Person","@id":"https:\/\/www.ste-marguerite-sur-mer.fr\/#\/schema\/person\/2064bbc0bd1a6ca7d3243771c0ccdc94","name":"SteMargueriteAdm018","image":{"@type":"ImageObject","inLanguage":"de","@id":"https:\/\/www.ste-marguerite-sur-mer.fr\/#\/schema\/person\/image\/","url":"https:\/\/secure.gravatar.com\/avatar\/6fcc2f15419679d0130cb5d8281d232525e7e46448f5db9b20f0556bc7b61b99?s=96&d=mm&r=g","contentUrl":"https:\/\/secure.gravatar.com\/avatar\/6fcc2f15419679d0130cb5d8281d232525e7e46448f5db9b20f0556bc7b61b99?s=96&d=mm&r=g","caption":"SteMargueriteAdm018"}}]}},"_links":{"self":[{"href":"https:\/\/www.ste-marguerite-sur-mer.fr\/de\/wp-json\/wp\/v2\/posts\/3175","targetHints":{"allow":["GET"]}}],"collection":[{"href":"https:\/\/www.ste-marguerite-sur-mer.fr\/de\/wp-json\/wp\/v2\/posts"}],"about":[{"href":"https:\/\/www.ste-marguerite-sur-mer.fr\/de\/wp-json\/wp\/v2\/types\/post"}],"author":[{"embeddable":true,"href":"https:\/\/www.ste-marguerite-sur-mer.fr\/de\/wp-json\/wp\/v2\/users\/1"}],"replies":[{"embeddable":true,"href":"https:\/\/www.ste-marguerite-sur-mer.fr\/de\/wp-json\/wp\/v2\/comments?post=3175"}],"version-history":[{"count":4,"href":"https:\/\/www.ste-marguerite-sur-mer.fr\/de\/wp-json\/wp\/v2\/posts\/3175\/revisions"}],"predecessor-version":[{"id":3682,"href":"https:\/\/www.ste-marguerite-sur-mer.fr\/de\/wp-json\/wp\/v2\/posts\/3175\/revisions\/3682"}],"wp:attachment":[{"href":"https:\/\/www.ste-marguerite-sur-mer.fr\/de\/wp-json\/wp\/v2\/media?parent=3175"}],"wp:term":[{"taxonomy":"category","embeddable":true,"href":"https:\/\/www.ste-marguerite-sur-mer.fr\/de\/wp-json\/wp\/v2\/categories?post=3175"},{"taxonomy":"post_tag","embeddable":true,"href":"https:\/\/www.ste-marguerite-sur-mer.fr\/de\/wp-json\/wp\/v2\/tags?post=3175"}],"curies":[{"name":"wp","href":"https:\/\/api.w.org\/{rel}","templated":true}]}}