{"id":3335,"date":"2019-09-26T13:24:57","date_gmt":"2019-09-26T11:24:57","guid":{"rendered":"https:\/\/www.ste-marguerite-sur-mer.fr\/?p=3335"},"modified":"2019-09-26T13:24:57","modified_gmt":"2019-09-26T11:24:57","slug":"cr-du-conseil-municipal-du-25-juillet-2019","status":"publish","type":"post","link":"https:\/\/www.ste-marguerite-sur-mer.fr\/de\/cr-du-conseil-municipal-du-25-juillet-2019\/","title":{"rendered":"CR des Gemeinderats vom 25. Juli 2019"},"content":{"rendered":"<p><strong><em><u>Protokoll der Sitzung des Gemeinderats<\/u><\/em><\/strong><\/p>\n<p><strong><em><u>Sitzung am 25. Juli 2019<\/u><\/em><\/strong><\/p>\n<p>&nbsp;<\/p>\n<p>&nbsp;<\/p>\n<p>&nbsp;<\/p>\n<p><em>Im Jahr zweitausendneunzehn, am f\u00fcnfundzwanzigsten Juli um neunzehn Uhr trat der ordnungsgem\u00e4\u00df einberufene Gemeinderat unter dem Vorsitz von Herrn Claude FERCHAL, B\u00fcrgermeister, zu einer \u00f6ffentlichen Sitzung zusammen.<\/em><\/p>\n<p><em>\u00a0<\/em><\/p>\n<p><em><u>Anwesend waren<\/u>\u00a0Die Herren Claude Ferchal, Philippe Lefebvre, Denis Grout, David Petiton, Jean Pierre Boittout, Jean-Pierre Joubert, Richard Dupont<\/em><\/p>\n<p><em>\u00a0Damen Colette Gouyer, Fran\u00e7oise Gambs<\/em><\/p>\n<p><em>\u00a0<\/em><\/p>\n<p><em><u>Anwesend waren nicht<\/u>\u00a0: Frau Christelle Weber<\/em><\/p>\n<p><em>\u00a0\u00a0\u00a0\u00a0\u00a0\u00a0\u00a0\u00a0\u00a0\u00a0\u00a0 \u00a0\u00a0\u00a0\u00a0\u00a0\u00a0\u00a0\u00a0\u00a0\u00a0\u00a0 \u00a0\u00a0\u00a0 Herr Ludovic Patin <\/em><\/p>\n<p><em>\u00a0\u00a0\u00a0\u00a0\u00a0\u00a0\u00a0\u00a0\u00a0\u00a0\u00a0\u00a0\u00a0\u00a0\u00a0\u00a0\u00a0\u00a0\u00a0\u00a0\u00a0\u00a0 \u00a0\u00a0\u00a0 Herr Eric Lincot \u00a0\u00a0<\/em><\/p>\n<p><em>\u00a0 \u00a0\u00a0Herr Vincent Varin<\/em><\/p>\n<p><em>\u00a0\u00a0\u00a0\u00a0\u00a0\u00a0\u00a0\u00a0\u00a0\u00a0\u00a0\u00a0\u00a0\u00a0\u00a0\u00a0\u00a0\u00a0\u00a0\u00a0\u00a0\u00a0 \u00a0\u00a0\u00a0\u00a0\u00a0\u00a0\u00a0\u00a0\u00a0\u00a0\u00a0\u00a0\u00a0\u00a0\u00a0\u00a0\u00a0\u00a0\u00a0\u00a0\u00a0\u00a0 \u00a0\u00a0\u00a0 <\/em><\/p>\n<p><em>\u00a0\u00a0\u00a0\u00a0\u00a0\u00a0\u00a0\u00a0\u00a0\u00a0\u00a0 \u00a0\u00a0\u00a0\u00a0\u00a0\u00a0\u00a0\u00a0\u00a0\u00a0\u00a0 \u00a0<\/em><\/p>\n<p><em>\u00a0<\/em><\/p>\n<p><em>Herr David Petiton wurde zum Sitzungssekret\u00e4r gew\u00e4hlt.<\/em><\/p>\n<p><em>\u00a0<\/em><\/p>\n<p><em>\u00a0<\/em><\/p>\n<p><em><u>Datum der Einberufung<\/u>\u00a0: der 12. Juli 2019\u00a0\u00a0 \u00a0\u00a0\u00a0\u00a0\u00a0\u00a0\u00a0\u00a0\u00a0\u00a0\u00a0 \u00a0\u00a0\u00a0\u00a0\u00a0\u00a0\u00a0\u00a0\u00a0\u00a0\u00a0\u00a0\u00a0\u00a0\u00a0\u00a0\u00a0\u00a0\u00a0<u>Datum der Anzeige<\/u>\u00a0: der 12. Juli 2019<\/em><\/p>\n<p><em>\u00a0<\/em><\/p>\n<p><em>\u00a0<\/em><\/p>\n<p><em>\u00a0<\/em><\/p>\n<p><strong><em><u>Tagesordnung :<\/u><\/em><\/strong><\/p>\n<p><em>\u00a0<\/em><\/p>\n<p><em>\u00a0<\/em><\/p>\n<ul>\n<li><em>Genehmigung des Protokolls der vorangegangenen Sitzung<\/em><\/li>\n<li><em>Mitteilungen des B\u00fcrgermeisters<\/em><\/li>\n<li><em>Mitteilungen der Delegierten<\/em><\/li>\n<li><em>Debatte \u00fcber die Wiederaufnahme der PLU<\/em><\/li>\n<li><em>Befristeter Arbeitsvertrag - Ersetzung eines Beamten - Artikel 3,1\u00b0 des Gesetzes Nr. 84-53 vom 26. Januar 1984<\/em><\/li>\n<li><em>Zuschuss \" Association MARAKANA \" (Verein MARAKANA)<\/em><\/li>\n<li><em>R\u00fcckerstattung der Kosten f\u00fcr CIGOGE - Frau LEMOINE<\/em><\/li>\n<li><em>Antrag gegen die Aussichten auf einen R\u00fcckgang der B\u00fcrgern\u00e4he der Finanz\u00e4mter und die Zerschlagung des Netzes der st\u00e4dtischen Finanz\u00e4mter<\/em><\/li>\n<li><em>Vorschlag zum Kauf von Katasterarchivdokumenten<\/em><\/li>\n<li><em>Don<\/em><\/li>\n<li><em>Communaut\u00e9 d'Agglom\u00e9ration \"Dieppe-Maritime\": \u00dcbertragung der Kompetenz \"Soziale Aktion\".<\/em><\/li>\n<li><em>Communaut\u00e9 d'Agglom\u00e9ration \" Dieppe-Maritime \" Definition des gemeinschaftlichen Interesses an Gewerbegebieten<\/em><\/li>\n<li><em>\u00c4nderungsbeschluss Nr. 2<\/em><\/li>\n<\/ul>\n<p><strong><em><u>Verabschiedung des Protokolls der vorherigen Sitzung<\/u><\/em><\/strong><\/p>\n<p><em>\u00a0<\/em><\/p>\n<p><em>Das Protokoll der vorangegangenen Sitzung, das jedem Mitglied des Gemeinderats vorab \u00fcbermittelt wurde, wurde einstimmig angenommen, da es keine Anmerkungen gab.<\/em><\/p>\n<p><em>\u00a0<\/em><\/p>\n<p><strong><em><u>Mitteilungen des B\u00fcrgermeisters<\/u><\/em><\/strong><\/p>\n<p><em>\u00a0<\/em><\/p>\n<ul>\n<li><strong><em><u>Danksagungen:<\/u><\/em><\/strong><\/li>\n<\/ul>\n<p><strong><em><u>\u00a0<\/u><\/em><\/strong><\/p>\n<p><em>Der B\u00fcrgermeister berichtet dem Gemeinderat \u00fcber die Danksagungen von :<\/em><\/p>\n<ul>\n<li><em>Die Vereinigung \"CAPRIMONT\" und die Vereinigung \"JUBILEE\" f\u00fcr die Auszahlung der Gemeindesubvention<\/em><\/li>\n<\/ul>\n<p><em>\u00a0<\/em><\/p>\n<ul>\n<li><strong><em><u>Antrag \"Food Truck\" :<\/u><\/em><\/strong><\/li>\n<\/ul>\n<p><em>\u00a0<\/em><\/p>\n<p><em>Der B\u00fcrgermeister teilt den Mitgliedern des Gemeinderats mit, dass im Rathaus ein Antrag auf Einrichtung eines mobilen Gewerbes \"Food Truck\" eingegangen ist.<\/em><\/p>\n<p><em>Der B\u00fcrgermeister erkl\u00e4rte, dass dies nur ein Projekt f\u00fcr das Jahr 2020 sei. Die Mitglieder des Gemeinderats beschlie\u00dfen nach einem Gespr\u00e4ch, dass die Entscheidung dem n\u00e4chsten Gemeinderat \u00fcberlassen wird.<\/em><\/p>\n<p><strong><em><u>\u00a0<\/u><\/em><\/strong><\/p>\n<p><strong><em><u>Mitteilungen der Delegierten<\/u><\/em><\/strong><\/p>\n<p><em>\u00a0<\/em><\/p>\n<p><em>\u00a0<\/em><\/p>\n<ul>\n<li><strong><em><u>Plan zur Ausbringung von Kl\u00e4rschlamm aus der Kl\u00e4ranlage Dieppe :<\/u><\/em><\/strong><\/li>\n<\/ul>\n<p><strong><em><u>\u00a0<\/u><\/em><\/strong><\/p>\n<p><em>Herr Jean-Pierre BOITTOUT, berichtet, dass am Donnerstag, den 27. Juni 2019, eine Sitzung stattgefunden hat. Auf der Tagesordnung dieser Sitzung stand die Pr\u00e4sentation der Bilanz der Kampagnen zur Ausbringung des Kl\u00e4rschlamms aus der Kl\u00e4ranlage der Stadt Dieppe. Die Ausbringung des Schlamms erfolgt in 49 Gemeinden und entspricht 6700 Tonnen deponiertem Schlamm. Die Communaut\u00e9 d'Agglom\u00e9ration \"Dieppe-Maritime\" f\u00fchrt 20 Kontrollen und 24 Bodenanalysen pro Jahr durch.<\/em><\/p>\n<p><em>\u00a0<\/em><\/p>\n<ul>\n<li><strong><em><u>Syndicat des Bassins Versants Sa\u00e2ne, Vienne et Scie :<\/u><\/em><\/strong><\/li>\n<\/ul>\n<p><strong><em><u>\u00a0<\/u><\/em><\/strong><\/p>\n<p><em>Herr Jean-Pierre BOITTOUT nahm an einer Sitzung des Syndicat des Bassins Versants Sa\u00e2ne, Vienne et Scie teil. Das Syndikat plant die Erstellung eines Aktions- und Hochwasserschutzprogramms (PAPI). Ziel dieses Programms ist die F\u00f6rderung eines integrierten Hochwasserrisikomanagements, um die sch\u00e4dlichen Auswirkungen auf die menschliche Gesundheit, G\u00fcter, wirtschaftliche Aktivit\u00e4ten und die Umwelt zu verringern. Das PAPI-Programm ist ein Vertragsinstrument zwischen dem Staat und den Gebietsk\u00f6rperschaften und erm\u00f6glicht die Umsetzung einer umfassenden Politik, die auf der Ebene des Risikobeckens konzipiert ist.<\/em><\/p>\n<p><em>Das im Juli 1999 gegr\u00fcndete Syndicat des Bassins Versants Sa\u00e2ne, Vienne et Scie organisiert anl\u00e4sslich seines 20-j\u00e4hrigen Bestehens eine gro\u00dfe Veranstaltung. Aus diesem Anlass bietet es am 21. und 22. September 2019 kostenlose, spielerische und sportliche Wanderungen zu Fu\u00df, mit dem Kanu und dem Fahrrad an: \"Entdeckung der Fauna und Flora, Hochwassermarken, Einrichtungen zur Bek\u00e4mpfung von \u00dcberschwemmungen, Sumpfgebiet von Longueil...\".<\/em><\/p>\n<p><strong><em><u>\u00a0<\/u><\/em><\/strong><\/p>\n<p><strong><em><u>\u00a0<\/u><\/em><\/strong><\/p>\n<p><strong><em><u>\u00a0<\/u><\/em><\/strong><\/p>\n<p><strong><em><u>Debatte \u00fcber die Wiederaufnahme der PLU<\/u><\/em><\/strong><\/p>\n<p><em>\u00a0<\/em><\/p>\n<p><em>Herr B\u00fcrgermeister erkl\u00e4rt, dass die Grundst\u00fccke in den Weilern Blancmesnil le Haut und le Bas sowie die Grundst\u00fccke im Chemin des Fr\u00eanes aufgrund des ELAN-Gesetzes unbebaubar geworden sind, das besagt, dass in K\u00fcstengemeinden nicht alle Grundst\u00fccke in den Weilern mit Neubauten bebaut werden d\u00fcrfen. Der B\u00fcrgermeister schl\u00e4gt vor, den beschlossenen kommunalen Entwurf des PLU wieder aufzunehmen und ihn mit den Daten und dem regulatorischen Kontext zu aktualisieren.<\/em><\/p>\n<p><em>\u00a0<\/em><\/p>\n<p><em>Der Gemeinderat, nach Anh\u00f6rung dieser Ausf\u00fchrungen und nach Beratung, einstimmig :<\/em><\/p>\n<p><em>\u00a0<\/em><\/p>\n<ul>\n<li><strong><em>BESCHLIESST <\/em><\/strong><em>das PLU-Projekt nach Kenntnis der dadurch entstehenden Kosten wieder aufzunehmen<\/em><\/li>\n<li><strong><em>DONNE<\/em><\/strong><em> alle Vollmachten an den B\u00fcrgermeister, alle Dokumente zu unterzeichnen, die f\u00fcr diese Studie notwendig sind.<\/em><\/li>\n<\/ul>\n<p><em>\u00a0<\/em><\/p>\n<p><strong><em><u>Befristeter Arbeitsvertrag - Ersetzung eines Beamten - Artikel 3,1\u00b0 des Gesetzes Nr. 84-53 vom 26. Januar 1984<\/u><\/em><\/strong><\/p>\n<p><strong><em><u>\u00a0<\/u><\/em><\/strong><\/p>\n<p><em>Der B\u00fcrgermeister erinnert den Gemeinderat daran, dass gem\u00e4\u00df Artikel 3-1 des Gesetzes Nr. 84-53 vom 26. Januar 1984 \u00fcber satzungsm\u00e4\u00dfige Bestimmungen zum territorialen \u00f6ffentlichen Dienst die M\u00f6glichkeit besteht, Vertragsbedienstete einzustellen, um Beamte oder Vertragsbedienstete vor\u00fcbergehend zu ersetzen, die ihre Aufgaben wahrnehmen k\u00f6nnen oder aufgrund von Jahresurlaub, Krankheitsurlaub, schwerer oder langer Krankheit nicht zur Verf\u00fcgung stehen, eines Langzeiturlaubs, eines Mutterschafts- oder Adoptionsurlaubs, eines Elternurlaubs oder Elternzeiturlaubs, eines Urlaubs aus famili\u00e4rer Solidarit\u00e4t, der Ableistung des Zivildienstes, der Teilnahme an Aktivit\u00e4ten im Rahmen der operativen Reserve, der Reserve f\u00fcr zivile Sicherheit oder der Gesundheitsreserve oder aufgrund eines anderen Urlaubs, der gem\u00e4\u00df den f\u00fcr Vertragsbedienstete des \u00f6ffentlichen Dienstes auf territorialer Ebene geltenden Vorschriften ordnungsgem\u00e4\u00df gew\u00e4hrt wird.<\/em><\/p>\n<p><em>\u00a0<\/em><\/p>\n<p><em>Der B\u00fcrgermeister erkl\u00e4rt, dass es aufgrund dienstlicher Erfordernisse gerechtfertigt sein kann, unabk\u00f6mmliche Gebietsbeamte oder Vertragsbedienstete rasch zu ersetzen.<\/em><\/p>\n<p><em>\u00a0<\/em><\/p>\n<p><em>Der Gemeinderat, nach Beratung, einstimmig, <\/em><\/p>\n<p><em>\u00a0<\/em><\/p>\n<ul>\n<li><strong><em>AUTORISIERT<\/em><\/strong><em> den B\u00fcrgermeister, Vertragsbedienstete unter den Bedingungen von Artikel 3-1 des oben genannten Gesetzes Nr. 84-83 vom 26. Januar 19894 einzustellen, um vor\u00fcbergehend nicht verf\u00fcgbare Beamte oder Vertragsbedienstete zu ersetzen. Er ist daf\u00fcr zust\u00e4ndig, das Einstellungs- und Gehaltsniveau der erfolgreichen Kandidaten entsprechend der Art der betreffenden Funktionen, ihrer Berufserfahrung und ihres Profils festzulegen.<\/em><\/li>\n<li><em>Die entsprechenden Ausgaben werden in Kapitel 012 Artikel 6413 des Prim\u00e4rhaushalts 2018 eingesetzt.<\/em><\/li>\n<\/ul>\n<p><em>\u00a0<\/em><\/p>\n<p><strong><em><u>Zuschuss Verein MARAKANA<\/u><\/em><\/strong><\/p>\n<p><em>\u00a0<\/em><\/p>\n<p><em>Der B\u00fcrgermeister teilte den Mitgliedern des Gemeinderats mit, dass sie \u00fcber einen Subventionsantrag des Vereins MARAKANA zu entscheiden h\u00e4tten.<\/em><\/p>\n<p><em>Der Verein MARAKANA hat am Samstag, den 6. Juli 2019, ein Tanz- und Musikfestival organisiert und fragt, ob sich die Gemeinde nicht mit einer au\u00dferordentlichen Subvention in H\u00f6he von 500 \u20acuros gem\u00e4\u00df ihrem Budget beteiligen k\u00f6nnte.<\/em><\/p>\n<p><em>\u00a0<\/em><\/p>\n<p><em>Der Gemeinderat stimmt nach Beratung ab: GEGEN: 1<\/em><\/p>\n<p><em>\u00a0\u00a0\u00a0\u00a0\u00a0\u00a0\u00a0\u00a0\u00a0\u00a0\u00a0\u00a0\u00a0\u00a0\u00a0\u00a0\u00a0\u00a0\u00a0\u00a0\u00a0\u00a0\u00a0\u00a0\u00a0\u00a0\u00a0\u00a0\u00a0\u00a0\u00a0\u00a0\u00a0\u00a0\u00a0\u00a0\u00a0\u00a0\u00a0\u00a0\u00a0\u00a0\u00a0\u00a0\u00a0\u00a0\u00a0\u00a0\u00a0\u00a0\u00a0\u00a0\u00a0\u00a0\u00a0\u00a0\u00a0\u00a0\u00a0\u00a0\u00a0\u00a0\u00a0\u00a0\u00a0\u00a0\u00a0\u00a0\u00a0\u00a0\u00a0\u00a0\u00a0\u00a0\u00a0\u00a0\u00a0\u00a0\u00a0\u00a0\u00a0 \u00a0\u00a0\u00a0\u00a0\u00a0\u00a0 ENTHALTUNG: 1<\/em><\/p>\n<p><em>\u00a0\u00a0\u00a0\u00a0\u00a0\u00a0\u00a0\u00a0\u00a0\u00a0\u00a0\u00a0\u00a0\u00a0\u00a0\u00a0\u00a0\u00a0\u00a0\u00a0\u00a0\u00a0\u00a0\u00a0\u00a0\u00a0\u00a0\u00a0\u00a0\u00a0\u00a0\u00a0\u00a0\u00a0\u00a0\u00a0\u00a0\u00a0\u00a0\u00a0\u00a0\u00a0\u00a0\u00a0\u00a0\u00a0\u00a0\u00a0\u00a0\u00a0\u00a0\u00a0\u00a0\u00a0\u00a0\u00a0\u00a0\u00a0\u00a0\u00a0\u00a0\u00a0\u00a0\u00a0\u00a0\u00a0\u00a0\u00a0\u00a0\u00a0\u00a0\u00a0\u00a0\u00a0\u00a0\u00a0\u00a0\u00a0\u00a0\u00a0\u00a0 \u00a0\u00a0\u00a0\u00a0\u00a0\u00a0 DAF\u00dcR: 7<\/em><\/p>\n<p><em>\u00a0<\/em><\/p>\n<ul>\n<li><em>BESCHLIESST, eine positive Stellungnahme zu dieser au\u00dferordentlichen Subvention in H\u00f6he von 500 Euro abzugeben<\/em><\/li>\n<li><em>AUTORISIERT Herrn B\u00fcrgermeister, die notwendigen Dokumente zu unterzeichnen<\/em><\/li>\n<\/ul>\n<p><em>\u00a0<\/em><\/p>\n<p><strong><em><u>R\u00fcckerstattung der Kosten f\u00fcr CIGOGE - Frau Lemoine<\/u><\/em><\/strong><\/p>\n<p><em>\u00a0<\/em><\/p>\n<p><em>In Anbetracht des auf der Sitzung des CCAS am 10. Oktober 2003 gefassten Beschlusses \u00fcber die Regelung der Kosten f\u00fcr die Einrichtung eines Fernnotrufs f\u00fcr \u00e4ltere Menschen,<\/em><\/p>\n<p><em>In Anbetracht des Beschlusses Nr. CCAS 2015-012 \u00fcber die Aufl\u00f6sung des CCAS, <\/em><\/p>\n<p><em>In Anbetracht des Beschlusses Nr. 2015-049 vom 27. November 2015 \u00fcber die Aufl\u00f6sung des CCAS,<\/em><\/p>\n<p><em>In Anbetracht der Tatsache, dass das CCAS aufgel\u00f6st wurde, \u00fcbt die Gemeinde Sainte Marguerite Sur Mer die im Code de l'Action Sociale et des Familles genannten Befugnisse, die zuvor dem CCAS \u00fcbertragen worden waren, direkt aus,<\/em><\/p>\n<p><em>\u00a0<\/em><\/p>\n<p><em>Der B\u00fcrgermeister berichtet der Versammlung, dass Frau Jacqueline LEMOINE in einer Notsituation eine Fernbetreuung installieren lie\u00df. Der B\u00fcrgermeister erhielt einen Brief von Frau LEMOINE, in dem sie um die Erstattung der Installationskosten bat, und schlug vor, ihr diese Kosten in H\u00f6he von 33,53 \u20ac zu erstatten.<\/em><\/p>\n<p><em>\u00a0<\/em><\/p>\n<p><em>Nach den Ausf\u00fchrungen des B\u00fcrgermeisters beschlie\u00dft der Gemeinderat nach eingehender Beratung einstimmig :<\/em><\/p>\n<p><em>\u00a0<\/em><\/p>\n<ul>\n<li><strong><em>BESCHLIESST<\/em><\/strong><em> die Kosten f\u00fcr die Installation eines Hausnotrufs in H\u00f6he von 33,03 \u20ac an Frau Jacqueline LEMOINE zu erstatten<\/em><\/li>\n<\/ul>\n<p><em>\u00a0<\/em><\/p>\n<p><strong><em><u>Antrag gegen die Aussichten auf einen R\u00fcckgang der B\u00fcrgern\u00e4he der Finanz\u00e4mter und die Zerschlagung des Netzes der st\u00e4dtischen Finanz\u00e4mter<\/u><\/em><\/strong><\/p>\n<p><em>\u00a0<\/em><\/p>\n<p><em>Am Vorabend des Sommers informierte der Minister f\u00fcr \u00f6ffentliche Finanzen und Finanzen, G\u00e9rald Darmanin, die gew\u00e4hlten Vertreter der Regionen \u00fcber \u00dcberlegungen zur Neuorganisation der Abteilungen der regionalen Direktionen der \u00f6ffentlichen Finanzen und wies darauf hin, dass dieses Projekt bis Oktober zur Abstimmung steht.<\/em><\/p>\n<p><em>\u00a0<\/em><\/p>\n<p><em>Es haben bereits Treffen zu den ersten Arbeitshypothesen f\u00fcr diese Neuorganisation stattgefunden. F\u00fcr das Departement Seine-Maritime wird die Er\u00f6ffnung von 15 zus\u00e4tzlichen Anlaufstellen im Vergleich zum bestehenden Netz hervorgehoben. Gleichzeitig sollen jedoch 46 Schatz\u00e4mter in Seine-Maritime geschlossen werden, darunter die Stadtschatz\u00e4mter von Eu, Blangy-sur-Bresle, Aumale, Forges-les-Eaux, Neufch\u00e2tel-en-Bray, Envermeu und Dieppe, und durch 17 Buchhaltungsabteilungen ersetzt werden. Die Schlie\u00dfung der Schatz\u00e4mter, die zu einem Stellenabbau f\u00fchren wird, ist Teil des von der Regierung erkl\u00e4rten Ziels, bis zum Ende des F\u00fcnfjahreszeitraums 50 000 Stellen im \u00f6ffentlichen Dienst abzubauen.<\/em><\/p>\n<p><em>\u00a0<\/em><\/p>\n<p><em>Daher fragen sich die gew\u00e4hlten Volksvertreter, darunter zahlreiche B\u00fcrgermeister verschiedener politischer Richtungen, wie es um die Zukunft des \u00f6ffentlichen Finanzdienstes in ihrem Gebiet bestellt ist: Welche genaue, b\u00fcrgernahe Antwort wird morgen den Gebietsk\u00f6rperschaften, den Steuerzahlern und den B\u00fcrgern, nicht nur Privatpersonen, sondern auch zahlreichen kleinen und mittleren Unternehmen, H\u00e4ndlern und Handwerkern, Landwirten und Freiberuflern, gew\u00e4hrleistet?<\/em><\/p>\n<p><em>\u00a0<\/em><\/p>\n<p><em>Der vorliegende Antrag bekr\u00e4ftigt die Unterst\u00fctzung der Abgeordneten des Gemeinderats f\u00fcr die Mitarbeiter der Finanzverwaltung, die Forderung nach Transparenz \u00fcber die Hintergr\u00fcnde der geplanten Reform und die Notwendigkeit einer wirklich gemeinsamen Reflexion \u00fcber die Mittel, die zur Gew\u00e4hrleistung eines b\u00fcrgernahen \u00f6ffentlichen Finanzdienstes bereitgestellt werden.<\/em><\/p>\n<p><em>\u00a0<\/em><\/p>\n<p><em>Das b\u00fcrgernahe Netz der Finanz\u00e4mter wurde stark eingeschr\u00e4nkt: Seit 2009 wurden in Frankreich 631 Finanz\u00e4mter geschlossen, darunter die Finanz\u00e4mter in Le Tr\u00e9port, Offranville und Cl\u00e8res, und 750 b\u00fcrgernahe Buchhaltungsstellen wurden gestrichen.<\/em><\/p>\n<p><em>\u00a0<\/em><\/p>\n<p><em>In unserem Departement sind zwischen 2003 und 2018 600 Arbeitspl\u00e4tze im Bereich der \u00f6ffentlichen Finanzen verschwunden, 46 davon allein im Jahr 2018. In Dieppe ist das Zentrum von 100 Bediensteten noch vor einigen Jahren auf heute etwa 50 zur\u00fcckgegangen. Die Katasterabteilung und die Registrierungszelle der Abteilung f\u00fcr Unternehmenssteuern in Dieppe wurden 2017 nach Rouen verlegt. Die Abteilung f\u00fcr Grundbucheintragungen ist derzeit ebenso wie die Abteilungen in Yvetot und Neufch\u00e2tel bedroht und soll ebenfalls nach Rouen verlegt werden.<\/em><\/p>\n<p><em>\u00a0<\/em><\/p>\n<p><em>Als b\u00fcrgernaher Dienst par excellence \u00fcbernimmt jede Schatzkammer zahlreiche Aufgaben:<\/em><\/p>\n<ul>\n<li><em>Haushalts- und Rechnungsf\u00fchrung von Gebietsk\u00f6rperschaften und ihren \u00f6ffentlichen Einrichtungen, Krankenh\u00e4usern und bestimmten Wohnungsbaugesellschaften ;<\/em><\/li>\n<li><em>Eintreibung von Steuern und Forderungen ;<\/em><\/li>\n<li><em>B\u00fcrgernaher Steuerempfang und Begleitung von Personen bei Antr\u00e4gen auf Schuldenstundung ;<\/em><\/li>\n<li><em>Beratung von Kommunen.<\/em><\/li>\n<\/ul>\n<p><em>\u00a0<\/em><\/p>\n<p><em>Im Rahmen dieser Reorganisation w\u00fcrde die Buchhaltung von neuen Abteilungen durchgef\u00fchrt und die Beratung der Gemeinden von speziellen F\u00fchrungskr\u00e4ften \u00fcbernommen werden.<\/em><\/p>\n<p><em>F\u00fcr die Einwohner k\u00f6nnten Einzahlungen und Barzahlungen nicht mehr in den Anlaufstellen vorgenommen werden. Konkret bedeutet dies, dass Personen, die weder \u00fcber eine Bankkarte noch \u00fcber ein Scheckbuch verf\u00fcgen, zu weiter entfernten Finanz\u00e4mtern gehen oder sich sogar an eine Organisation wenden m\u00fcssen, die das Inkassomanagement nach einer Ausschreibung auslagert.<\/em><\/p>\n<p><em>\u00a0<\/em><\/p>\n<p><em>Der Minister r\u00e4umt in seinem Schreiben an die gew\u00e4hlten Volksvertreter ein, dass die fr\u00fcheren Reformen \"ohne territoriale Gesamt\u00fcbersicht und ohne dass die gew\u00e4hlten Volksvertreter, die Bev\u00f6lkerung und die Bediensteten im Vorfeld immer gut informiert waren\" beschlossen worden waren.<\/em><\/p>\n<p><em>Er k\u00fcndigte daher eine Konzertierung zu dieser neuen Umstrukturierung an, die einen beispiellosen Umfang hat.<\/em><\/p>\n<p><em>Die Bedingungen der Debatte werden jedoch nicht pr\u00e4zisiert; es werden keine Zahlen zu den gestrichenen oder verlagerten Stellen genannt (f\u00fcr Dieppe kann man davon ausgehen, dass 5 bis 10 Stellen gef\u00e4hrdet w\u00e4ren), ebenso wenig wie Einzelheiten zu den Orten, an denen die Anlaufstellen eingerichtet werden sollen, oder zu den Bedingungen dieser Anlaufstellen: \u00d6ffnungszeiten f\u00fcr die \u00d6ffentlichkeit, Serviceverpflichtungen, Anzahl der mobilisierten Mitarbeiter, Qualifikation und Status dieser Mitarbeiter, Entmaterialisierung der Akten \u00fcber digitale Terminals.<\/em><\/p>\n<p><em>Ebenso wurden keine Daten \u00fcber die aktuelle Frequentierung der Schatz\u00e4mter, die abgeschafft werden sollen, vorgelegt.<\/em><\/p>\n<p><em>\u00a0<\/em><\/p>\n<p><strong><em>IN ANBETRACHT<\/em><\/strong><em>\u00a0:<\/em><\/p>\n<ul>\n<li><em>dass die soziale Krise der letzten Monate die starke Forderung der Franzosen nach Zugang zu b\u00fcrgernahen \u00f6ffentlichen Dienstleistungen wieder aufleben lie\u00df;<\/em><\/li>\n<li><em>dass die Mitarbeiter der Finanz\u00e4mter die Betreuung, den Empfang und die Beratung der Einwohner, der Gebietsk\u00f6rperschaften, aber auch des gesamten Wirtschaftsgef\u00fcges eines Gebiets gew\u00e4hrleisten und dass die Finanz\u00e4mter wesentliche Aufgaben der B\u00fcrgern\u00e4he wahrnehmen;<\/em><\/li>\n<li><em>dass in einer Zeit, in der die Steuerbereitschaft in Frage gestellt wird, die Finanz\u00e4mter als b\u00fcrgernaher \u00f6ffentlicher Dienst zur Steuerakzeptanz beitragen und die Grundpfeiler einer gerechteren Steuerpolitik sind;<\/em><\/li>\n<\/ul>\n<p><em>\u00a0<\/em><\/p>\n<p><em>Der Gemeinderat, nach Beratung, einstimmig, BEKR\u00c4FTIGT mit diesem Antrag :<\/em><\/p>\n<p><em>\u00a0<\/em><\/p>\n<ul>\n<li><em>dass die vom Minister angek\u00fcndigte Konzertierung mit Zahlenangaben und Pr\u00e4zisierungen zu den Orten, an denen die b\u00fcrgernahen Betreuungsstellen eingerichtet werden sollen, einhergehen muss;<\/em><\/li>\n<li><em>dass die Modernisierung der \u00f6ffentlichen Verwaltung und die Gew\u00e4hrleistung ihrer gr\u00f6\u00dferen Effizienz nicht durch weniger Menschen, sondern durch mehr erreicht werden kann, durch geachtete, besser ausgebildete und begleitete Bedienstete, die qualitativ hochwertige Dienstleistungen erbringen, die die B\u00fcrger zu Recht erwarten k\u00f6nnen;<\/em><\/li>\n<li><em>dass die \u00f6ffentlichen Finanzen in den Zust\u00e4ndigkeitsbereich des Staates fallen, der nicht die Ver\u00f6dung der Finanz\u00e4mter organisieren, sondern die Mittel f\u00fcr eine Pr\u00e4senz in der N\u00e4he und eine flexible Abwicklung der t\u00e4glichen Steuer- und Buchhaltungsvorg\u00e4nge bereitstellen sollte, umso mehr in einem schwierigen wirtschaftlichen und sozialen Umfeld;<\/em><\/li>\n<li><em>dass die Regierung den Kampf gegen Steuerbetrug zu einer Priorit\u00e4t machen sollte, anstatt den Abbau der \u00f6ffentlichen Finanzdienste, angefangen bei den b\u00fcrgernahen Diensten, fortzusetzen.<\/em><\/li>\n<\/ul>\n<p><em>\u00a0<\/em><\/p>\n<p><strong><em><u>Vorschlag f\u00fcr den Kauf von Katasterarchivdokumenten<\/u><\/em><\/strong><\/p>\n<p><em>\u00a0<\/em><\/p>\n<p><em>Der B\u00fcrgermeister berichtet der Versammlung, dass eine Person einen Teil eines Katasterplans von Sainte Marguerite Sur Mer aus dem Jahr 1899 gefunden hat. Die Person m\u00f6chte es der Gemeinde f\u00fcr 30 \u20acuro verkaufen.<\/em><\/p>\n<p><em>\u00a0<\/em><\/p>\n<p><em>Nach den Ausf\u00fchrungen des B\u00fcrgermeisters beschlie\u00dft der Gemeinderat nach eingehender Beratung einstimmig :<\/em><\/p>\n<p><em>\u00a0<\/em><\/p>\n<ul>\n<li><strong><em>BESCHLIESST<\/em><\/strong><em> den Kauf eines Teils eines Katasterplans von Sainte Marguerite Sur Mer nicht weiter zu verfolgen.<\/em><\/li>\n<\/ul>\n<p><em>\u00a0<\/em><\/p>\n<p><strong><em><u>Don<\/u><\/em><\/strong><\/p>\n<p><em>\u00a0<\/em><\/p>\n<p><em>Der B\u00fcrgermeister teilte den Mitgliedern des Gemeinderats mit, dass der P\u00e4chter des Restaurants \"Cabane de la Plage\" der Gemeinde Sainte Marguerite Sur Mer 200 \u20ac gespendet hat, als Dank f\u00fcr das Ausleihen von Tischen und St\u00fchlen w\u00e4hrend der Organisation der F\u00eate de la Musique.<\/em><\/p>\n<p><em>\u00a0<\/em><\/p>\n<p><em>Der Gemeinderat, nach Beratung, einstimmig :\u00a0\u00a0\u00a0\u00a0\u00a0\u00a0\u00a0\u00a0 \u00a0\u00a0\u00a0\u00a0\u00a0\u00a0\u00a0\u00a0\u00a0\u00a0\u00a0\u00a0\u00a0\u00a0\u00a0\u00a0\u00a0\u00a0\u00a0\u00a0\u00a0\u00a0\u00a0\u00a0\u00a0 <\/em><\/p>\n<p><em>\u00a0<\/em><\/p>\n<ul>\n<li><strong><em>AKZEPTIERT<\/em><\/strong><em> die Spende von 200 \u20ac an die Gemeinde Sainte Marguerite Sur Mer durch die Cabane de la Plage<\/em><\/li>\n<\/ul>\n<p><em>\u00a0<\/em><\/p>\n<p><strong><em><u>Communaut\u00e9 d'Agglom\u00e9ration \"Dieppe-Maritime\" - \u00dcbertragung der Zust\u00e4ndigkeit f\u00fcr \"Soziales\".<\/u><\/em><\/strong><\/p>\n<p><em>\u00a0<\/em><\/p>\n<p><em>Die Gemeinden der Agglomeration f\u00fchren seit mehreren Jahren eine proaktive Politik der <\/em><em>\u00f6ffentliche Gesundheit durch Ma\u00dfnahmen zur F\u00f6rderung der Gesundheit und der Lebensqualit\u00e4t mit dem allgemeinen Ziel, soziale und territoriale Ungleichheiten im Gesundheitsbereich zu verringern. Die Stadt Dieppe tr\u00e4gt insbesondere den Ansatz Atelier Sant\u00e9 Ville (Gesundheitswerkstatt), der im Rahmen der Stadtpolitik finanziert wird. Diese Ans\u00e4tze bringen eine Reihe von \u00f6ffentlichen und privaten Akteuren zusammen.<\/em><\/p>\n<p><em>\u00a0<\/em><\/p>\n<p><em>\u00a0I - Vorschlag zur Entwicklung und Umsetzung des Lokalen Gesundheitsvertrags auf Ebene des Ballungsraums<\/em><\/p>\n<ul>\n<li><em><u>Hintergrund<\/u><\/em><\/li>\n<\/ul>\n<p><em>\u00a0<\/em><\/p>\n<p><em>Die Stadt Dieppe und die Agence r\u00e9gionale de sant\u00e9 (ARS) de Haute-Normandie haben am 4. Januar 2013 einen lokalen Gesundheitsvertrag (CLS) f\u00fcr den Zeitraum 2013 - 2015 unterzeichnet. Der CLS erm\u00f6glichte die Entwicklung von Ma\u00dfnahmen, die den Herausforderungen der Region gerecht werden. Die ARS unterst\u00fctzt die in diesem Rahmen durchgef\u00fchrten Projekte weiterhin mithilfe von Projektausschreibungen. Auch die Stadt gew\u00e4hrt jedes Jahr Kofinanzierungen f\u00fcr die Fortf\u00fchrung von Ma\u00dfnahmen. Die Region Dieppe wird auch heute noch als regionale Priorit\u00e4t eingestuft.<\/em><\/p>\n<p><em>\u00a0<\/em><\/p>\n<p><em>Daher w\u00fcnscht sich die regionale Gesundheitsagentur einen neuen CLS (2019-20121), der auf Ebene des Ballungsraums angesiedelt ist, um die gesamte Unterst\u00fctzung bei \u00f6ffentlichen und privaten Akteuren koh\u00e4renter zu gestalten.<\/em><\/p>\n<p><em>\u00a0<\/em><\/p>\n<p><em>Der CLS ist ein Instrument, das aus dem Gesetz \"H\u00f4pital Patients Sant\u00e9 et Territoires\" vom 21. Juli 2009 hervorgegangen ist und es erm\u00f6glicht, in einem bestimmten Gebiet die \u00f6ffentlichen Ma\u00dfnahmen der regionalen Gesundheitsbeh\u00f6rden (Agences R\u00e9gionales de Sant\u00e9, ARS) und die von den lokalen Gebietsk\u00f6rperschaften durchgef\u00fchrten Ma\u00dfnahmen zu koordinieren.<\/em><\/p>\n<p><em>\u00a0<\/em><\/p>\n<p><em>Ziel eines CLS ist es, den Gesundheitszustand der Bev\u00f6lkerung zu verbessern und soziale und territoriale Ungleichheiten im Gesundheitsbereich zu verringern. Er umfasst die Gesundheitsf\u00f6rderung, die Pr\u00e4vention, die Gesundheitsf\u00fcrsorge und die sozialmedizinische Betreuung. Der CLS ist ein Instrument, das eine territoriale Umsetzung der regionalen Gesundheitspolitik erm\u00f6glicht. Er ist Teil des Regionalen Gesundheitsprojekts (PRS) und bezieht alle betroffenen lokalen Akteure (aus den Bereichen Stadtpolitik, Bildung, sozialer Zusammenhalt usw.) mit ein. Auf der Grundlage einer lokalen, globalen und gemeinsamen Gesundheitsdiagnose muss er einen partnerschaftlichen Aktionsplan vorschlagen. Im Rahmen des CLS verpflichten sich die verschiedenen Beteiligten zu Ma\u00dfnahmen, die umgesetzt werden sollen, zu den zur Verf\u00fcgung gestellten Mitteln sowie zur \u00dcberwachung und Bewertung der Ergebnisse.<\/em><\/p>\n<p><em>\u00a0<\/em><\/p>\n<p><em>So erm\u00f6glicht sie neben einer besseren Koordinierung der Akteure auch die Festlegung von Priorit\u00e4ten auf lokaler Ebene, das Erreichen einer legitimeren und effektiveren operativen Ebene im Gesundheitsbereich sowie die St\u00e4rkung der Koh\u00e4renz und Relevanz der durchgef\u00fchrten Ma\u00dfnahmen.<\/em><\/p>\n<p><em>\u00a0<\/em><\/p>\n<p><em>Die Leitung dieses Systems muss von einem Koordinator \u00fcbernommen werden, der einem Lenkungsausschuss untersteht, in dem die Unterzeichner und die institutionellen Akteure (Bildungsministerium, Departementsrat, ARS, Agglomeration, Gemeinden ...) vertreten sind.<\/em><\/p>\n<p><em>\u00a0<\/em><\/p>\n<p><em>Der Koordinator leitet Arbeitsgruppen, erstellt mit den lokalen Akteuren gemeinsame Diagnosen, erarbeitet Priorit\u00e4ten und Arbeitsrichtlinien und beteiligt sich an der Entwicklung und Umsetzung von Ma\u00dfnahmen. Der Koordinator hat auch die Aufgabe, die Partnerschaft zu st\u00e4rken, die lokalen Akteure zu vernetzen und bei der Projektentwicklung zu unterst\u00fctzen (Gutachten, Finanzierungssuche, Schulungen).<\/em><\/p>\n<p><em>\u00a0<\/em><\/p>\n<ul>\n<li><em><u>Eine Ausarbeitung und Umsetzung des Lokalen Gesundheitsvertrags durch Dieppe-Maritime<\/u><\/em><\/li>\n<\/ul>\n<p><em>\u00a0<\/em><\/p>\n<p><em>Um das CLS umzusetzen und zu entwickeln und am Netzwerk f\u00fcr Gesundheitsf\u00f6rderung auf Ebene der Agglomeration teilzunehmen, ist es notwendig, Dieppe-maritime zust\u00e4ndig zu machen.<\/em><\/p>\n<p><em>\u00a0<\/em><\/p>\n<p><em>Gem\u00e4\u00df dem Gesetz Nr. 2209-879 vom 21. Juli 2009 mit dem Titel \"H\u00f4pital Patients Sant\u00e9 Territoire\" (H.P.S.T.) und Artikel L5216-5 VI des Code G\u00e9n\u00e9ral des Collectivit\u00e9s Territoriales kann sich Dieppe-Maritime f\u00fcr soziale Ma\u00dfnahmen von gemeinschaftlichem Interesse zust\u00e4ndig machen, wobei der Umfang der Intervention pr\u00e4zisiert werden muss.<\/em><\/p>\n<p><em>\u00a0<\/em><\/p>\n<ul>\n<li><em><u>Finanzielle und technische Mittel, die eingesetzt werden, um diesen Zust\u00e4ndigkeitsbereich zu gew\u00e4hrleisten<\/u><\/em><\/li>\n<\/ul>\n<p><em>\u00a0<\/em><\/p>\n<p><em>Das Aktionsprogramm des lokalen Gesundheitsvertrags wird mit einer Reihe von Partnern (Staat, ARS, Departementsrat, CPAM, Agglomeration, CCAS...) erarbeitet. Die Finanzierung dieses Aktionsprogramms wird daher unter allen Partnern aufgeteilt. So wird die Agglomeration Dieppe-maritime aufgefordert, dieses Aktionsprogramm zu finanzieren.<\/em><\/p>\n<p><em>\u00a0<\/em><\/p>\n<p><em>Um diese Aufgabe der Ausarbeitung und Umsetzung dieses CLS zu erf\u00fcllen, stellt die Stadt Dieppe dem Ballungsraum einen Teil der Stelle der Animatrice de l'Atelier Ville-Sante? zur Verf\u00fcgung, die vollst\u00e4ndig von der ARS und der Direction D\u00e9partementale de la Coh\u00e9sion Sociale (Pr\u00e4fektur) finanziert wird.<\/em><\/p>\n<p><em>\u00a0<\/em><\/p>\n<p><em>II - Teilnahme am lokalen Netzwerk zur Gesundheitsf\u00f6rderung<\/em><\/p>\n<p><em>\u00a0<\/em><\/p>\n<p><em>Die Einrichtung eines lokalen Netzwerks zur Gesundheitsf\u00f6rderung (RLPS) erfordert insbesondere die Einstellung eines Moderators, der einen Aktionsplan rund um die Pr\u00e4vention ausarbeiten soll.<\/em><\/p>\n<p><em>Diese Stelle eines Moderators wird mit 20.000 \u20ac von der ARS und 20.000 \u20ac von der Region Normandie kofinanziert.<\/em><\/p>\n<p><em>\u00a0<\/em><\/p>\n<p><em>Die ARS und die Region Normandie rufen daher die an diesem Netzwerk beteiligten Gebietsk\u00f6rperschaften (Dieppe-Maritime, Falaise du Talou, Terroir de Caux und Villes S\u0153urs) dazu auf, sich an der Finanzierung dieser Stelle zu beteiligen.<\/em><\/p>\n<p><em>\u00a0<\/em><\/p>\n<p><em>Mit Beschluss Nr. 5 vom 19. M\u00e4rz 2019 beschloss Dieppe-Maritime, sich f\u00fcr soziale Ma\u00dfnahmen zust\u00e4ndig zu machen, indem sie die Ausarbeitung und Umsetzung des lokalen Gesundheitsvertrags 5CLS) f\u00fcr ihr gesamtes Gebiet als von gemeinschaftlichem Interesse definierte. <\/em><\/p>\n<p><em>\u00a0<\/em><\/p>\n<p><em>CONSIDERANT :<\/em><\/p>\n<ul>\n<li><em>Der Beschluss der Communaut\u00e9 d'Agglom\u00e9ration de la R\u00e9gion Dieppoise vom 25. Juni 2019 \u00fcber die \u00dcbertragung der Zust\u00e4ndigkeit \"Soziale Ma\u00dfnahmen\".<\/em><\/li>\n<li><em>Dass die Mitgliedsgemeinden \u00fcber diese Kompetenz\u00fcbertragung abstimmen m\u00fcssen,<\/em><\/li>\n<\/ul>\n<p><em>\u00a0<\/em><\/p>\n<p><em>Nach den Ausf\u00fchrungen des B\u00fcrgermeisters beschlie\u00dft der Gemeinderat nach eingehender Beratung einstimmig :<\/em><\/p>\n<p><em>\u00a0<\/em><\/p>\n<ul>\n<li><em>AKZEPTIERT die \u00dcbertragung der Zust\u00e4ndigkeit f\u00fcr \"Soziales\" an die Communaut\u00e9 d'Agglom\u00e9ration de la R\u00e9gion Dieppoise<\/em><\/li>\n<\/ul>\n<p><em>\u00a0<\/em><\/p>\n<p><strong><em><u>Communaut\u00e9 d'Agglom\u00e9ration \"Dieppe-Maritime\": Definition des Gemeinschaftsinteresses in Bezug auf Gewerbegebiete<\/u><\/em><\/strong><\/p>\n<p><em>\u00a0<\/em><\/p>\n<p><em>Die Communaut\u00e9 d'Agglom\u00e9ration de la R\u00e9gion Dieppoise ist gem\u00e4\u00df Artikel L.5211-5-III f\u00fcr Gewerbegebiete zust\u00e4ndig und kann daher anstelle ihrer Mitgliedsgemeinden alle Entwicklungsma\u00dfnahmen in diesen Gebieten durchf\u00fchren, sofern diese die Bedingungen erf\u00fcllen, die im Beschluss Nr. 5 vom 9. M\u00e4rz 2004 der Agglomeration Dieppe-Maritime festgelegt wurden.<\/em><\/p>\n<p><em>\u00a0<\/em><\/p>\n<p><em>In diesem Beschluss erkl\u00e4rte Dieppe-Maritime unter anderem bestehende oder neu zu schaffende Gewerbegebiete mit einer Fl\u00e4che von mehr als 10 ha und\/oder die in den Rahmen einer Resorption und Sanierung von Industriebrachen fallen, vorbehaltlich der Schlussfolgerungen von Studien zur technischen, finanziellen und rechtlichen Durchf\u00fchrbarkeit, zum gemeinschaftlichen Interesse.<\/em><\/p>\n<p><em>\u00a0<\/em><\/p>\n<p><em>Bisher wurden f\u00fcr zwei im Beschluss vom 9. M\u00e4rz 2004 identifizierte Gebiete keine Vorstudien durchgef\u00fchrt und sie sind daher weder in die Operationen der Communaut\u00e9 d'Agglom\u00e9ration integriert noch in ihrer jetzigen Form als Gebiete von gemeinschaftlichem Interesse erkl\u00e4rt worden. Es handelt sich dabei um die ZAC Dieppe Sud und das Regma-Gel\u00e4nde.<\/em><\/p>\n<p><em>\u00a0<\/em><\/p>\n<p><em>In Bezug auf die ZAC Dieppe Sud ist zu bedenken, dass es angesichts der von der Stadt Dieppe durchgef\u00fchrten Studien nicht aktuell ist, die Tr\u00e4gerschaft f\u00fcr diese ZAC durch die Communaut\u00e9 d'Agglom\u00e9ration zu \u00fcbernehmen.<\/em><\/p>\n<p><em>\u00a0<\/em><\/p>\n<p><em>Das Sanierungsprojekt der ZAC Dieppe Sud ist ein Gesamtprojekt, das darauf abzielt, in der N\u00e4he des Bahnhofs ein neues Viertel mit Wohnungen, Dienstleistungen und Gesch\u00e4ften zu entwickeln. Diese Entwicklung ist Teil des Projekts zur Revitalisierung des Stadtzentrums, wie es in der Rahmenvereinbarung Action C\u0153ur de Ville und dem Zusatz Nr. 1, der diese Rahmenvereinbarung in eine Vereinbarung \u00fcber die \"Op\u00e9ration de Revitalisation de Territoire\" umwandelt, hervorgehoben wird.<\/em><\/p>\n<p><em>\u00a0<\/em><\/p>\n<p><em>Somit ist dieses Projekt ein Bestandteil der Strategie, die die Stadt Dieppe im Rahmen dieser vom Staat eingef\u00fchrten Ma\u00dfnahmen entwickelt hat.<\/em><\/p>\n<p><em>\u00a0<\/em><\/p>\n<p><em>Dies gilt sowohl f\u00fcr die Bereiche in der N\u00e4he der ZAC (Multiplex-Kino, ozeanographisches Zentrum usw.) als auch f\u00fcr die Bereiche im Rahmen der Op\u00e9ration de Revitalisation de Territoire (O.R.T.), in die die ZAC Dieppe Sud integriert ist.<\/em><\/p>\n<p><em>\u00a0<\/em><\/p>\n<p><em>Es sei darauf hingewiesen, dass die RTV-Vereinbarung den Sektor Bahnhof\/Dieppe Sud zu einem der vorrangigen Sektoren im Rahmen der Strategie zur Wiederbelebung des Stadtkerns erkl\u00e4rt. Es ist daher notwendig, dass die Stadt Dieppe weiterhin die F\u00fchrung \u00fcbernimmt.<\/em><\/p>\n<p><em>\u00a0<\/em><\/p>\n<p><em>Dar\u00fcber hinaus haben die Projektionen von Meeres\u00fcberflutungen eine gro\u00dfe Auswirkung auf Dieppe Sud gezeigt, insbesondere wenn man den Anstieg des Meeresspiegels aufgrund des Klimawandels ber\u00fccksichtigt. Diese Tatsache hat die Stadt Dieppe im Rahmen der \u00dcberarbeitung des PPRI dazu veranlasst, den Staat zu bitten, in Verbindung mit den staatlichen Stellen eine Zone R\u00e8glementairement Sp\u00e9cifique einzurichten, um die mit dieser Zonierung verbundenen st\u00e4dtebaulichen Regeln zu definieren.<\/em><\/p>\n<p><em>\u00a0<\/em><\/p>\n<p><em>In Anbetracht dessen ist es unerl\u00e4sslich, dass die ZAC Dieppe Sud in Bezug auf die Zust\u00e4ndigkeit bei der Stadt Dieppe verbleibt.<\/em><\/p>\n<p><em>\u00a0<\/em><\/p>\n<p><em>CONSIDERANT :<\/em><\/p>\n<ul>\n<li><em>Dass ein Beschluss gefasst werden muss, um die Beibehaltung der Zust\u00e4ndigkeit f\u00fcr die ZAC Dieppe Sud zugunsten der Stadt Dieppe zu erm\u00f6glichen<\/em><\/li>\n<li><em>Dass die Mitgliedsgemeinden \u00fcber diese \u00dcbertragung der Zust\u00e4ndigkeit an die Stadt Dieppe abstimmen m\u00fcssen<\/em><\/li>\n<\/ul>\n<p><em>\u00a0<\/em><\/p>\n<p><em>Nach den Ausf\u00fchrungen des B\u00fcrgermeisters beschlie\u00dft der Gemeinderat nach eingehender Beratung einstimmig :<\/em><\/p>\n<p><em>\u00a0<\/em><\/p>\n<ul>\n<li><em>STIMMT der \u00c4nderung des Beschlusses der Communaut\u00e9 d'Agglom\u00e9ration de la R\u00e9gion Dieppoise Nr. 5 vom 9. M\u00e4rz 2004 zu und gibt an, dass die ZAC Dieppe Sud in der Zust\u00e4ndigkeit der Stadt Dieppe verbleibt<\/em><\/li>\n<\/ul>\n<p><strong><em><u>\u00a0<\/u><\/em><\/strong><\/p>\n<p><strong><em><u>\u00c4nderungsbeschluss Nr. 2<\/u><\/em><\/strong><\/p>\n<p><em>\u00a0<\/em><\/p>\n<p><em>Der B\u00fcrgermeister legt den Mitgliedern des Gemeinderats dar, dass der Stadtschatzmeister die Abschreibungskonten nach der Abstimmung \u00fcber den Prim\u00e4rhaushalt 2019 gespendet hat. Da die in einigen Konten des Haushaltsplans f\u00fcr das Haushaltsjahr 2019 vorgesehenen Mittel nicht ausreichen, muss eine Mittelverschiebung vorgenommen werden:<\/em><\/p>\n<p><em>\u00a0<\/em><\/p>\n<p><em>Der Gemeinderat, nach Anh\u00f6rung der Ausf\u00fchrungen des B\u00fcrgermeisters, nach Beratung und einstimmig :<\/em><\/p>\n<p><em>\u00a0<\/em><\/p>\n<ul>\n<li><em>BESCHLIESST die folgende Haushalts\u00e4nderung :<\/em><\/li>\n<\/ul>\n<p><em>\u00a0<\/em><\/p>\n<p><em>\u00d8 D - Konto 022 - Unvorhergesehene Ausgaben - 16 405.00<\/em><\/p>\n<p><em>\u00d8 D - Konto 739211 - Ausgleichszuweisungen + 5 905.00\u00a0\u00a0 <\/em><\/p>\n<p><em>\u00d8 D - Konto 6574 - Subventionen an Vereine + 500.00<\/em><\/p>\n<p><em>\u00d8 D - Konto 6413 - Entlassungsentsch\u00e4digungen + 10 000.00<\/em><\/p>\n<p><em>\u00a0<\/em><\/p>\n<p><em>\u00a0<\/em><\/p>\n<p><em>Nachdem die Tagesordnung ersch\u00f6pft war, dankte der B\u00fcrgermeister Claude FERCHAL allen Anwesenden und schloss die Sitzung um 20.15 Uhr.<\/em><\/p>\n<p><em>\u00a0<\/em><\/p>\n<p><em>\u00a0<\/em><\/p>\n<p><em>F\u00fcr einen beglaubigten Auszug<\/em><\/p>\n<p><em>\u00a0<\/em><\/p>\n<p><em>Der B\u00fcrgermeister,<\/em><\/p>\n<p><em>Claude FERCHAL<\/em><\/p>\n<p>&nbsp;<\/p>\n<p>&nbsp;<\/p>\n<p><em>\u00a0<\/em><\/p>","protected":false},"excerpt":{"rendered":"<p>Protokoll der Sitzung des Gemeinderats Sitzung vom 25. Juli 2019 Im Jahr Zweitausendneunzehn, am F\u00dcNFZEHNTEN JULI, um neunzehn Uhr, trat der ordnungsgem\u00e4\u00df einberufene Gemeinderat in \u00f6ffentlicher Sitzung unter dem Vorsitz von Herrn Claude FERCHAL, B\u00fcrgermeister, zusammen.   Anwesend waren: Die Herren Claude Ferchal, Philippe Lefebvre, [...].<\/p>","protected":false},"author":1,"featured_media":0,"comment_status":"open","ping_status":"open","sticky":false,"template":"","format":"standard","meta":{"footnotes":""},"categories":[19],"tags":[],"class_list":["post-3335","post","type-post","status-publish","format-standard","hentry","category-affichage_municipal"],"yoast_head":"<!-- This site is optimized with the Yoast SEO plugin v25.3 - https:\/\/yoast.com\/wordpress\/plugins\/seo\/ -->\n<title>CR du Conseil Municipal du 25 juillet 2019 - Mairie de Sainte-Marguerite Sur Mer<\/title>\n<meta name=\"robots\" content=\"index, follow, max-snippet:-1, max-image-preview:large, max-video-preview:-1\" \/>\n<link rel=\"canonical\" href=\"https:\/\/www.ste-marguerite-sur-mer.fr\/de\/cr-du-conseil-municipal-du-25-juillet-2019\/\" \/>\n<meta property=\"og:locale\" content=\"de_DE\" \/>\n<meta property=\"og:type\" content=\"article\" \/>\n<meta property=\"og:title\" content=\"CR du Conseil Municipal du 25 juillet 2019 - Mairie de Sainte-Marguerite Sur Mer\" \/>\n<meta property=\"og:description\" content=\"Proc\u00e8s Verbal de la R\u00e9union du Conseil Municipal S\u00e9ance du 25 juillet 2019 &nbsp; &nbsp; &nbsp; L\u2019an deux mil DIX-NEUF, le VINGT-CINQ JUILLET, \u00e0 dix-neuf heures, le Conseil Municipal l\u00e9galement convoqu\u00e9 s\u2019est r\u00e9uni, en s\u00e9ance publique, sous la pr\u00e9sidence de Monsieur Claude FERCHAL, Maire. \u00a0 Etaient pr\u00e9sents\u00a0: Messieurs Claude Ferchal, \u00a0Philippe Lefebvre, [&hellip;]\" \/>\n<meta property=\"og:url\" content=\"https:\/\/www.ste-marguerite-sur-mer.fr\/de\/cr-du-conseil-municipal-du-25-juillet-2019\/\" \/>\n<meta property=\"og:site_name\" content=\"Mairie de Sainte-Marguerite Sur Mer\" \/>\n<meta property=\"article:published_time\" content=\"2019-09-26T11:24:57+00:00\" \/>\n<meta name=\"author\" content=\"SteMargueriteAdm018\" \/>\n<meta name=\"twitter:card\" content=\"summary_large_image\" \/>\n<meta name=\"twitter:label1\" content=\"Verfasst von\" \/>\n\t<meta name=\"twitter:data1\" content=\"SteMargueriteAdm018\" \/>\n\t<meta name=\"twitter:label2\" content=\"Gesch\u00e4tzte Lesezeit\" \/>\n\t<meta name=\"twitter:data2\" content=\"23\u00a0Minuten\" \/>\n<script type=\"application\/ld+json\" class=\"yoast-schema-graph\">{\"@context\":\"https:\/\/schema.org\",\"@graph\":[{\"@type\":\"WebPage\",\"@id\":\"https:\/\/www.ste-marguerite-sur-mer.fr\/cr-du-conseil-municipal-du-25-juillet-2019\/\",\"url\":\"https:\/\/www.ste-marguerite-sur-mer.fr\/cr-du-conseil-municipal-du-25-juillet-2019\/\",\"name\":\"CR du Conseil Municipal du 25 juillet 2019 - Mairie de Sainte-Marguerite Sur Mer\",\"isPartOf\":{\"@id\":\"https:\/\/www.ste-marguerite-sur-mer.fr\/#website\"},\"datePublished\":\"2019-09-26T11:24:57+00:00\",\"author\":{\"@id\":\"https:\/\/www.ste-marguerite-sur-mer.fr\/#\/schema\/person\/2064bbc0bd1a6ca7d3243771c0ccdc94\"},\"breadcrumb\":{\"@id\":\"https:\/\/www.ste-marguerite-sur-mer.fr\/cr-du-conseil-municipal-du-25-juillet-2019\/#breadcrumb\"},\"inLanguage\":\"de\",\"potentialAction\":[{\"@type\":\"ReadAction\",\"target\":[\"https:\/\/www.ste-marguerite-sur-mer.fr\/cr-du-conseil-municipal-du-25-juillet-2019\/\"]}]},{\"@type\":\"BreadcrumbList\",\"@id\":\"https:\/\/www.ste-marguerite-sur-mer.fr\/cr-du-conseil-municipal-du-25-juillet-2019\/#breadcrumb\",\"itemListElement\":[{\"@type\":\"ListItem\",\"position\":1,\"name\":\"Accueil\",\"item\":\"https:\/\/www.ste-marguerite-sur-mer.fr\/\"},{\"@type\":\"ListItem\",\"position\":2,\"name\":\"CR du Conseil Municipal du 25 juillet 2019\"}]},{\"@type\":\"WebSite\",\"@id\":\"https:\/\/www.ste-marguerite-sur-mer.fr\/#website\",\"url\":\"https:\/\/www.ste-marguerite-sur-mer.fr\/\",\"name\":\"Mairie de Sainte-Marguerite Sur Mer\",\"description\":\"commune de normandie\",\"potentialAction\":[{\"@type\":\"SearchAction\",\"target\":{\"@type\":\"EntryPoint\",\"urlTemplate\":\"https:\/\/www.ste-marguerite-sur-mer.fr\/?s={search_term_string}\"},\"query-input\":{\"@type\":\"PropertyValueSpecification\",\"valueRequired\":true,\"valueName\":\"search_term_string\"}}],\"inLanguage\":\"de\"},{\"@type\":\"Person\",\"@id\":\"https:\/\/www.ste-marguerite-sur-mer.fr\/#\/schema\/person\/2064bbc0bd1a6ca7d3243771c0ccdc94\",\"name\":\"SteMargueriteAdm018\",\"image\":{\"@type\":\"ImageObject\",\"inLanguage\":\"de\",\"@id\":\"https:\/\/www.ste-marguerite-sur-mer.fr\/#\/schema\/person\/image\/\",\"url\":\"https:\/\/secure.gravatar.com\/avatar\/6fcc2f15419679d0130cb5d8281d232525e7e46448f5db9b20f0556bc7b61b99?s=96&d=mm&r=g\",\"contentUrl\":\"https:\/\/secure.gravatar.com\/avatar\/6fcc2f15419679d0130cb5d8281d232525e7e46448f5db9b20f0556bc7b61b99?s=96&d=mm&r=g\",\"caption\":\"SteMargueriteAdm018\"}}]}<\/script>\n<!-- \/ Yoast SEO plugin. -->","yoast_head_json":{"title":"CR du Conseil Municipal du 25 juillet 2019 - Mairie de Sainte-Marguerite Sur Mer","robots":{"index":"index","follow":"follow","max-snippet":"max-snippet:-1","max-image-preview":"max-image-preview:large","max-video-preview":"max-video-preview:-1"},"canonical":"https:\/\/www.ste-marguerite-sur-mer.fr\/de\/cr-du-conseil-municipal-du-25-juillet-2019\/","og_locale":"de_DE","og_type":"article","og_title":"CR du Conseil Municipal du 25 juillet 2019 - Mairie de Sainte-Marguerite Sur Mer","og_description":"Proc\u00e8s Verbal de la R\u00e9union du Conseil Municipal S\u00e9ance du 25 juillet 2019 &nbsp; &nbsp; &nbsp; L\u2019an deux mil DIX-NEUF, le VINGT-CINQ JUILLET, \u00e0 dix-neuf heures, le Conseil Municipal l\u00e9galement convoqu\u00e9 s\u2019est r\u00e9uni, en s\u00e9ance publique, sous la pr\u00e9sidence de Monsieur Claude FERCHAL, Maire. \u00a0 Etaient pr\u00e9sents\u00a0: Messieurs Claude Ferchal, \u00a0Philippe Lefebvre, [&hellip;]","og_url":"https:\/\/www.ste-marguerite-sur-mer.fr\/de\/cr-du-conseil-municipal-du-25-juillet-2019\/","og_site_name":"Mairie de Sainte-Marguerite Sur Mer","article_published_time":"2019-09-26T11:24:57+00:00","author":"SteMargueriteAdm018","twitter_card":"summary_large_image","twitter_misc":{"Verfasst von":"SteMargueriteAdm018","Gesch\u00e4tzte Lesezeit":"23\u00a0Minuten"},"schema":{"@context":"https:\/\/schema.org","@graph":[{"@type":"WebPage","@id":"https:\/\/www.ste-marguerite-sur-mer.fr\/cr-du-conseil-municipal-du-25-juillet-2019\/","url":"https:\/\/www.ste-marguerite-sur-mer.fr\/cr-du-conseil-municipal-du-25-juillet-2019\/","name":"CR du Conseil Municipal du 25 juillet 2019 - Mairie de Sainte-Marguerite Sur Mer","isPartOf":{"@id":"https:\/\/www.ste-marguerite-sur-mer.fr\/#website"},"datePublished":"2019-09-26T11:24:57+00:00","author":{"@id":"https:\/\/www.ste-marguerite-sur-mer.fr\/#\/schema\/person\/2064bbc0bd1a6ca7d3243771c0ccdc94"},"breadcrumb":{"@id":"https:\/\/www.ste-marguerite-sur-mer.fr\/cr-du-conseil-municipal-du-25-juillet-2019\/#breadcrumb"},"inLanguage":"de","potentialAction":[{"@type":"ReadAction","target":["https:\/\/www.ste-marguerite-sur-mer.fr\/cr-du-conseil-municipal-du-25-juillet-2019\/"]}]},{"@type":"BreadcrumbList","@id":"https:\/\/www.ste-marguerite-sur-mer.fr\/cr-du-conseil-municipal-du-25-juillet-2019\/#breadcrumb","itemListElement":[{"@type":"ListItem","position":1,"name":"Accueil","item":"https:\/\/www.ste-marguerite-sur-mer.fr\/"},{"@type":"ListItem","position":2,"name":"CR du Conseil Municipal du 25 juillet 2019"}]},{"@type":"WebSite","@id":"https:\/\/www.ste-marguerite-sur-mer.fr\/#website","url":"https:\/\/www.ste-marguerite-sur-mer.fr\/","name":"Mairie de Sainte-Marguerite Sur Mer","description":"commune de normandie","potentialAction":[{"@type":"SearchAction","target":{"@type":"EntryPoint","urlTemplate":"https:\/\/www.ste-marguerite-sur-mer.fr\/?s={search_term_string}"},"query-input":{"@type":"PropertyValueSpecification","valueRequired":true,"valueName":"search_term_string"}}],"inLanguage":"de"},{"@type":"Person","@id":"https:\/\/www.ste-marguerite-sur-mer.fr\/#\/schema\/person\/2064bbc0bd1a6ca7d3243771c0ccdc94","name":"SteMargueriteAdm018","image":{"@type":"ImageObject","inLanguage":"de","@id":"https:\/\/www.ste-marguerite-sur-mer.fr\/#\/schema\/person\/image\/","url":"https:\/\/secure.gravatar.com\/avatar\/6fcc2f15419679d0130cb5d8281d232525e7e46448f5db9b20f0556bc7b61b99?s=96&d=mm&r=g","contentUrl":"https:\/\/secure.gravatar.com\/avatar\/6fcc2f15419679d0130cb5d8281d232525e7e46448f5db9b20f0556bc7b61b99?s=96&d=mm&r=g","caption":"SteMargueriteAdm018"}}]}},"_links":{"self":[{"href":"https:\/\/www.ste-marguerite-sur-mer.fr\/de\/wp-json\/wp\/v2\/posts\/3335","targetHints":{"allow":["GET"]}}],"collection":[{"href":"https:\/\/www.ste-marguerite-sur-mer.fr\/de\/wp-json\/wp\/v2\/posts"}],"about":[{"href":"https:\/\/www.ste-marguerite-sur-mer.fr\/de\/wp-json\/wp\/v2\/types\/post"}],"author":[{"embeddable":true,"href":"https:\/\/www.ste-marguerite-sur-mer.fr\/de\/wp-json\/wp\/v2\/users\/1"}],"replies":[{"embeddable":true,"href":"https:\/\/www.ste-marguerite-sur-mer.fr\/de\/wp-json\/wp\/v2\/comments?post=3335"}],"version-history":[{"count":1,"href":"https:\/\/www.ste-marguerite-sur-mer.fr\/de\/wp-json\/wp\/v2\/posts\/3335\/revisions"}],"predecessor-version":[{"id":3336,"href":"https:\/\/www.ste-marguerite-sur-mer.fr\/de\/wp-json\/wp\/v2\/posts\/3335\/revisions\/3336"}],"wp:attachment":[{"href":"https:\/\/www.ste-marguerite-sur-mer.fr\/de\/wp-json\/wp\/v2\/media?parent=3335"}],"wp:term":[{"taxonomy":"category","embeddable":true,"href":"https:\/\/www.ste-marguerite-sur-mer.fr\/de\/wp-json\/wp\/v2\/categories?post=3335"},{"taxonomy":"post_tag","embeddable":true,"href":"https:\/\/www.ste-marguerite-sur-mer.fr\/de\/wp-json\/wp\/v2\/tags?post=3335"}],"curies":[{"name":"wp","href":"https:\/\/api.w.org\/{rel}","templated":true}]}}