{"id":3355,"date":"2019-11-15T15:01:06","date_gmt":"2019-11-15T14:01:06","guid":{"rendered":"https:\/\/www.ste-marguerite-sur-mer.fr\/?p=3355"},"modified":"2019-11-15T15:05:04","modified_gmt":"2019-11-15T14:05:04","slug":"proces-verbal-de-la-reunion-du-conseil-municipal-seance-du-4-octobre-2019","status":"publish","type":"post","link":"https:\/\/www.ste-marguerite-sur-mer.fr\/de\/proces-verbal-de-la-reunion-du-conseil-municipal-seance-du-4-octobre-2019\/","title":{"rendered":"PV SITZUNG DES STADTRATS SITZUNG VOM 4. OKTOBER 2019"},"content":{"rendered":"<div class=\"fusion-fullwidth fullwidth-box fusion-builder-row-1 nonhundred-percent-fullwidth non-hundred-percent-height-scrolling\" style=\"background-color: rgba(255,255,255,0);background-position: center center;background-repeat: no-repeat;padding-top:0px;padding-right:4%;padding-bottom:0px;padding-left:4%;margin-bottom: 0px;margin-top: 0px;border-width: 0px 0px 0px 0px;border-color:#e7e4e2;border-style:solid;\" ><div class=\"fusion-builder-row fusion-row\"><div class=\"fusion-layout-column fusion_builder_column fusion-builder-column-0 fusion_builder_column_1_1 1_1 fusion-one-full fusion-column-first fusion-column-last\" style=\"margin-top:0px;margin-bottom:0px;\"><div class=\"fusion-column-wrapper fusion-flex-column-wrapper-legacy\" style=\"background-position:left top;background-repeat:no-repeat;-webkit-background-size:cover;-moz-background-size:cover;-o-background-size:cover;background-size:cover;padding: 0px 0px 0px 0px;\"><div class=\"fusion-text fusion-text-1\"><p><strong><em><u>Protokoll der Sitzung des Gemeinderats<\/u><\/em><\/strong><\/p>\n<p><strong><em><u>Sitzung am 4. Oktober 2019<\/u><\/em><\/strong><\/p>\n<p><a href=\"https:\/\/www.ste-marguerite-sur-mer.fr\/wp-content\/uploads\/2019\/11\/Proce\u0300s-Verbal-du-4-octobre-2019.pdf\">IM PDF-FORMAT HERUNTERLADEN\u00a0<\/a><\/p>\n<p><em>Im Jahr zweitausendneunzehn, am vierzehnten Oktober um neunzehn Uhr, trat der ordnungsgem\u00e4\u00df einberufene Gemeinderat unter dem Vorsitz von Herrn Claude FERCHAL, B\u00fcrgermeister, zu einer \u00f6ffentlichen Sitzung zusammen.<\/em><\/p>\n<p><em>\u00a0<\/em><\/p>\n<p><em><u>Anwesend waren<\/u>\u00a0Die Herren Claude Ferchal, Philippe Lefebvre, Denis Grout, Jean Pierre Boittout, Jean-Pierre Joubert<\/em><\/p>\n<p><em>\u00a0Damen Colette Gouyer, Fran\u00e7oise Gambs, Christelle WEBER<\/em><\/p>\n<p><em>\u00a0<\/em><\/p>\n<p><em><u>Anwesend waren nicht<\/u>\u00a0: Herr Richard Dupont (Vollmacht f\u00fcr Frau Gouyer)<\/em><\/p>\n<p><em>\u00a0\u00a0\u00a0\u00a0\u00a0\u00a0\u00a0\u00a0\u00a0\u00a0\u00a0\u00a0\u00a0\u00a0\u00a0\u00a0\u00a0\u00a0\u00a0\u00a0\u00a0\u00a0\u00a0 \u00a0\u00a0\u00a0 Herr David Petiton<\/em><\/p>\n<p><em>\u00a0\u00a0\u00a0\u00a0\u00a0\u00a0\u00a0\u00a0\u00a0\u00a0\u00a0 \u00a0\u00a0\u00a0\u00a0\u00a0\u00a0\u00a0\u00a0\u00a0\u00a0\u00a0 \u00a0\u00a0\u00a0 Herr Ludovic Patin <\/em><\/p>\n<p><em>\u00a0\u00a0\u00a0\u00a0\u00a0\u00a0\u00a0\u00a0\u00a0\u00a0\u00a0\u00a0\u00a0\u00a0\u00a0\u00a0\u00a0\u00a0\u00a0\u00a0\u00a0\u00a0\u00a0 \u00a0\u00a0\u00a0 Herr Eric Lincot \u00a0\u00a0<\/em><\/p>\n<p><em>\u00a0 \u00a0\u00a0Herr Vincent Varin<\/em><\/p>\n<p><em>\u00a0\u00a0\u00a0\u00a0\u00a0\u00a0\u00a0\u00a0\u00a0\u00a0\u00a0\u00a0\u00a0\u00a0\u00a0\u00a0\u00a0\u00a0\u00a0\u00a0\u00a0\u00a0\u00a0 \u00a0\u00a0\u00a0\u00a0\u00a0\u00a0\u00a0\u00a0\u00a0\u00a0\u00a0\u00a0\u00a0\u00a0\u00a0\u00a0\u00a0\u00a0\u00a0\u00a0\u00a0\u00a0\u00a0 \u00a0\u00a0 \u00a0\u00a0\u00a0\u00a0\u00a0\u00a0\u00a0\u00a0 \u00a0\u00a0\u00a0\u00a0\u00a0\u00a0\u00a0\u00a0\u00a0\u00a0\u00a0 \u00a0<\/em><\/p>\n<p><em>Frau Christelle Weber wurde zur Sitzungssekret\u00e4rin gew\u00e4hlt.<\/em><\/p>\n<p><em>\u00a0<\/em><\/p>\n<p><em><u>Datum der Einberufung<\/u>\u00a0: am 24. September 2019 \u00a0\u00a0\u00a0\u00a0\u00a0\u00a0\u00a0\u00a0\u00a0\u00a0\u00a0\u00a0\u00a0\u00a0\u00a0\u00a0\u00a0\u00a0\u00a0\u00a0<u>Datum der Anzeige<\/u>\u00a0: am 26. September 2019<\/em><\/p>\n<p><em>\u00a0<\/em><\/p>\n<p><em>\u00a0<\/em><\/p>\n<p><em>\u00a0<\/em><\/p>\n<p><strong><em><u>Tagesordnung :<\/u><\/em><\/strong><\/p>\n<p><em>\u00a0<\/em><\/p>\n<p><em>\u00a0<\/em><\/p>\n<ul>\n<li><em>Genehmigung des Protokolls der vorangegangenen Sitzung<\/em><\/li>\n<li><em>Mitteilungen des B\u00fcrgermeisters<\/em><\/li>\n<li><em>Wiederaufnahme des Verfahrens zur Ausarbeitung des lokalen Stadtentwicklungsplans der Gemeinde Sainte Marguerite Sur Mer im Hinblick auf eine neue Entscheidung<\/em><\/li>\n<li><em>Satzungs\u00e4nderung 2020 des SDE76<\/em><\/li>\n<li><em>Instandsetzungsarbeiten an der Buhne Nr. 1 und der L\u00e4ngsmauer des Strandes<\/em><\/li>\n<li><em>Projet de parc \u00e9olien sur le territoire de la Commune de Ambrumesnil - Avis du Conseil Municipal pour l'enqu\u00eate publique (Windparkprojekt auf dem Gebiet der Gemeinde Ambrumesnil - Stellungnahme des Gemeinderats zur \u00f6ffentlichen Anh\u00f6rung)<\/em><\/li>\n<li><em>Don<\/em><\/li>\n<li><em>Akzeptieren eines Schecks<\/em><\/li>\n<li><em>Kostenvoranschlag \u00fcber die Lieferung und Aufstellung eines Saugpfostens<\/em><\/li>\n<li><em>Umsetzung der Arbeitszeitgestaltung und -verk\u00fcrzung (ARTT)<\/em><\/li>\n<li><em>Umsetzung des Solidarit\u00e4tstages<\/em><\/li>\n<li><em>Modalit\u00e4ten der Einf\u00fchrung des Zeitsparkontos (C.E.T.)<\/em><\/li>\n<li><em>Einf\u00fchrung einer Zulage f\u00fcr Bereitschaftsdienst und Rufbereitschaft f\u00fcr Mitarbeiter im technischen Bereich<\/em><\/li>\n<li><em>Weihnachtspakete 2019<\/em><\/li>\n<li><em>Weihnachtskonzert 2019<\/em><\/li>\n<li><em>Kinderweihnachten 2019<\/em><\/li>\n<\/ul>\n<p><em>\u00a0<\/em><\/p>\n<p><em>\u00a0<\/em><\/p>\n<p><strong><em><u>Verabschiedung des Protokolls der vorherigen Sitzung<\/u><\/em><\/strong><\/p>\n<p><em>\u00a0<\/em><\/p>\n<p><em>Das Protokoll der vorangegangenen Sitzung, das jedem Mitglied des Gemeinderats vorab \u00fcbermittelt wurde, wurde einstimmig angenommen, da es keine Anmerkungen gab.<\/em><\/p>\n<p><em>\u00a0<\/em><\/p>\n<p><strong><em><u>Mitteilungen des B\u00fcrgermeisters<\/u><\/em><\/strong><\/p>\n<p><em>\u00a0<\/em><\/p>\n<ul>\n<li><strong><em><u>Erweiterung des besonderen Interventionsplans :<\/u><\/em><\/strong><\/li>\n<\/ul>\n<p><em>\u00a0<\/em><\/p>\n<p><em>Der Plan particulier d'intervention (PPI) ist ein staatliches Instrument zum Schutz von Personen, G\u00fctern und der Umwelt und zur Bew\u00e4ltigung der besonderen Risiken, die mit der Existenz einer Industrieanlage verbunden sind. Sollte es zu einem nuklearen Ereignis kommen, das Auswirkungen au\u00dferhalb der Anlage haben k\u00f6nnte, w\u00fcrde der Pr\u00e4fekt die Leitung der Ma\u00dfnahmen \u00fcbernehmen und sich auf diesen Plan st\u00fctzen. Der Geltungsbereich der besonderen Interventionspl\u00e4ne (PPI) um die Kernkraftwerke ist von 10 km auf 20 km ausgeweitet worden. Die Gemeinde ist Teil des PPI. Als Pr\u00e4ventivma\u00dfnahme erhalten die Einwohner der Gemeinde einen Gutschein, um Jodtabletten in einer Apotheke abzuholen. Diese Jodtabletten sind f\u00fcr den Gebrauch unter au\u00dfergew\u00f6hnlichen Umst\u00e4nden bestimmt und d\u00fcrfen nur auf Aufforderung des Pr\u00e4fekten eingenommen werden.<\/em><\/p>\n<p><em>\u00a0<\/em><\/p>\n<ul>\n<li><strong><em><u>Termine zum Vormerken :<\/u><\/em><\/strong><\/li>\n<\/ul>\n<p><strong><em><u>\u00a0<\/u><\/em><\/strong><\/p>\n<ul>\n<li><strong><em><u>26. und 27. Oktober 2019\u00a0<\/u><\/em><\/strong><em>: Theater \" Das Testament des Vaters LELEU \" - Bauernfarce von Roger Martin du Gard - Briefkastenverteilung<\/em><\/li>\n<li><strong><em><u>6. Dezember 2019 :<\/u><\/em><\/strong><em> n\u00e4chster Gemeinderat<\/em><\/li>\n<\/ul>\n<p><strong><em><u>\u00a0<\/u><\/em><\/strong><\/p>\n<p><strong><em><u>\u00a0<\/u><\/em><\/strong><\/p>\n<ul>\n<li><strong><em><u>Offshore-Windkraftanlagen Dieppe Le Tr\u00e9port\u00a0<\/u><\/em><\/strong><em>:<\/em><\/li>\n<\/ul>\n<p><strong><em><u>\u00a0<\/u><\/em><\/strong><\/p>\n<ul>\n<li><em>Baubeginn: Anfang 2022 f\u00fcr eine Dauer von 22 bis 24 Monaten<\/em><\/li>\n<li><em>Fertigstellung: Ende 2023<\/em><\/li>\n<li><em>Dauer des Offshore-Windparks: 25 Jahre<\/em><\/li>\n<li><em>62 Windr\u00e4der mit 210 m L\u00e4nge<\/em><\/li>\n<li><em>Die Leistung jeder Windturbine: 8MW<\/em><\/li>\n<li><em>Fl\u00e4che des Ausschreibungsgebiets: 82.4 Km\u00b2.<\/em><\/li>\n<li><em>Gesamtleistung: 496MW<\/em><\/li>\n<li><em>850.000 Menschen werden durch den Offshore-Windpark mit Strom versorgt.<\/em><\/li>\n<li><em>Verteilung der Offshore-Windsteuer: An die K\u00fcstengemeinden, von denen aus die Anlagen innerhalb von 12 Seemeilen sichtbar sind - Erste Jahreszahlung im Jahr nach der Inbetriebnahme des Parks<\/em><\/li>\n<\/ul>\n<p><strong><em><u>\u00a0<\/u><\/em><\/strong><\/p>\n<ul>\n<li><strong><em><u>Brief von Abb\u00e9 Paillette :<\/u><\/em><\/strong><\/li>\n<\/ul>\n<p><strong><em><u>\u00a0<\/u><\/em><\/strong><\/p>\n<p><em>Der B\u00fcrgermeister teilt dem Gemeinderat einen Brief von Herrn Abb\u00e9 Paillette mit, in dem er sich f\u00fcr die Treffen rund um die Arbeiten an der Kirche, die Mahlzeiten der alten Menschen, die Neujahrsgr\u00fc\u00dfe des B\u00fcrgermeisters und die verschiedenen Austausche im Dienste der Bev\u00f6lkerung im Rahmen der jeweiligen Aufgaben bedankt.<\/em><\/p>\n<p><em>Seit dem 2. September ist Abb\u00e9 Paillette im Pfarrhaus von Yerville eingezogen und bereit, seine Mission als Priester fortzusetzen.<\/em><\/p>\n<p><em>\u00a0<\/em><\/p>\n<ul>\n<li><strong><em><u>Danksagungen:<\/u><\/em><\/strong><\/li>\n<\/ul>\n<p><strong><em><u>\u00a0<\/u><\/em><\/strong><\/p>\n<p><em>Der B\u00fcrgermeister berichtet \u00fcber die Danksagungen von :<\/em><\/p>\n<ul>\n<li><em>dem Verein MARAKANA f\u00fcr die Zahlung des Zuschusses und die Bereitstellung des Raumes des Treffpunkts<\/em><\/li>\n<li><em>der Association Canine Territoriale de la Seine-Maritime f\u00fcr das Ausleihen von Material w\u00e4hrend der Hundeausstellung in Quiberville<\/em><\/li>\n<\/ul>\n<p><em>\u00a0<\/em><\/p>\n<p><strong><em><u>\u00a0<\/u><\/em><\/strong><\/p>\n<p><strong><em><u>\u00a0<\/u><\/em><\/strong><\/p>\n<p><strong><em><u>Wiederaufnahme des Verfahrens zur Ausarbeitung des lokalen Stadtentwicklungsplans der Gemeinde Sainte Marguerite Sur Mer im Hinblick auf eine neue Entscheidung<\/u><\/em><\/strong><\/p>\n<p><em>\u00a0<\/em><\/p>\n<p><em>VU :<\/em><\/p>\n<p><em>\u00a0<\/em><\/p>\n<ul>\n<li><em>Der Beschluss Nr. 87\/2005 vom 14. Oktober 2005 \u00fcber die Einf\u00fchrung eines Entwurfs f\u00fcr einen lokalen Stadtentwicklungsplan<\/em><\/li>\n<li><em>Beschluss Nr. 052\/2006 vom 9. Juni 2006, der die Ziele der Gemeinde und die Liste der beteiligten \u00f6ffentlichen Personen festlegt<\/em><\/li>\n<li><em>Beschluss Nr. 52\/2009 vom 9. Oktober 2009, in dem die allgemeinen Leitlinien des Entwurfs f\u00fcr nachhaltige Entwicklung und Raumplanung (PADD) diskutiert wurden.<\/em><\/li>\n<li><em>Der Beschluss Nr. 2013\/032 vom 12. Juli, mit dem der lokale Stadtentwicklungsplan beschlossen und die Bilanz der Konzertierung gezogen wurde.<\/em><\/li>\n<li><em>Den Beschluss Nr. 2015\/043 vom 27. November 2015 \u00fcber die \u00dcbernahme des Gemeindeentwurfs des beschlossenen lokalen Stadtentwicklungsplans und dessen Aktualisierung durch EUCLYD EUROTOP hinsichtlich der Daten und des regulatorischen Kontexts.<\/em><\/li>\n<li><em>Beschluss Nr. 2017\/038 vom 4. August 2018, in dem w\u00e4hrend der Sitzung \u00fcber die neuen allgemeinen Leitlinien des Entwurfs f\u00fcr nachhaltige Entwicklung und Raumplanung (PADD) diskutiert wurde.<\/em><\/li>\n<li><em>Beschluss Nr. 201\/\/053 vom 20. Oktober 2017, mit dem die Bilanz der Konzertierung gezogen und der lokale Stadtentwicklungsplan verabschiedet wurde.<\/em><\/li>\n<li><em>Die Stellungnahmen der assoziierten \u00f6ffentlichen Personen :<\/em><\/li>\n<\/ul>\n<p><em>\u00c4 Positive Stellungnahme der Landwirtschaftskammer Seine-Maritime vom 6. Februar 2018.<\/em><\/p>\n<p><em>\u00c4 Stellungnahme ohne Anmerkungen des Minist\u00e8re de la Transition Ecologique et Solidaire (Ministerium f\u00fcr den \u00f6kologischen und solidarischen \u00dcbergang)<\/em><\/p>\n<p><em>\u00c4 Positive Stellungnahme des Comit\u00e9 R\u00e9gional de la Conchyliculture Normandie\/Mer du Nord vom 21. November 2017<\/em><\/p>\n<p><em>\u00c4 Positive Stellungnahme des Pays Dieppois Terroir de Caux vom 21. Februar 2018<\/em><\/p>\n<p><em>\u00c4 Positive Stellungnahme der IHK Rouen M\u00e9tropole vom 9. Februar 2018<\/em><\/p>\n<p><em>\u00c4 Positive Stellungnahme der Communaut\u00e9 d'Agglom\u00e9ration \"Dieppe-Maritime\" vom 20. Februar 2018<\/em><\/p>\n<p><em>\u00c4 Positive Stellungnahme der MRAe vom 15. Februar 2018 empfiehlt, dass die Ausarbeitung des PLU zum Anlass genommen werden sollte, den R\u00fcckgang der K\u00fcstenlinie, der durch die Auswirkungen des Klimawandels verst\u00e4rkt wird, zu ber\u00fccksichtigen.<\/em><\/p>\n<p><em>\u00c4 Positive Stellungnahme mit Vorbehalten der Direction D\u00e9partementale des Territoires et de la Mer vom 20. Februar 2018. <\/em><\/p>\n<ul>\n<li><em>Die Stellungnahme des Untersuchungsbeauftragten vom 14. September 2018<\/em><\/li>\n<li><em>Der Beschluss Nr. 2018\/027 vom 28. September 2018, mit dem der Entwurf des lokalen Stadtentwicklungsplans genehmigt wurde.<\/em><\/li>\n<li><em>Der Beschluss Nr. 2019\/006 vom 1.<sup>er<\/sup> M\u00e4rz 2019 \u00fcber die R\u00fccknahme des Beschlusses zur Genehmigung des Entwurfs des Plu vom 28\/09\/2018<\/em><\/li>\n<\/ul>\n<p><em>\u00a0<\/em><\/p>\n<p><em>Der B\u00fcrgermeister informiert den Gemeinderat :<\/em><\/p>\n<p><em>\u00a0<\/em><\/p>\n<ul>\n<li><em>dass es f\u00fcr die Durchf\u00fchrung dieser \u00c4nderungen angebracht erscheint, das Erarbeitungsverfahren im Hinblick auf eine neue Entscheidung \u00fcber den Entwurf des lokalen St\u00e4dtebauplans wieder aufzunehmen<\/em><\/li>\n<li><em>Dass diese Vorgehensweise es nicht erforderlich macht, neue Ziele festzulegen, die diesem Verfahren zugewiesen werden, und dass die Ziele, die durch den Beschluss vom 4. August 2017 zugewiesen wurden, bestehen bleiben. <\/em><\/li>\n<li><em>Dass EUCLYD EUROTOP einen Kostenvoranschlag in H\u00f6he von 5.250 \u20ac ohne MwSt. f\u00fcr die Wiederaufnahme des Entwurfs des lokalen Stadtentwicklungsplans vorgelegt hat.<\/em><\/li>\n<\/ul>\n<p><em>\u00a0<\/em><\/p>\n<p><em>Der Gemeinderat, nach Anh\u00f6rung dieser Ausf\u00fchrungen und nach Beratung, einstimmig :<\/em><\/p>\n<p><em>\u00a0<\/em><\/p>\n<ul>\n<li><em>BEKR\u00c4FTIGT die Wiederaufnahme der Phase der Ausarbeitung des Entwurfs des lokalen Stadtentwicklungsplans mit dem Ziel einer erneuten Entscheidung<\/em><\/li>\n<li><em>BESCHLIESST, dass die urspr\u00fcnglich im Beschluss vom 4. August 2017 zur Festlegung des LEP festgelegten Ziele nicht neu definiert, sondern lediglich angepasst werden m\u00fcssen.<\/em><\/li>\n<li><em>NIMMT den Kostenvoranschlag von EUCLYD EUROTOP f\u00fcr einen Betrag von 5.250 \u20ac (ohne MwSt.) an<\/em><\/li>\n<li><em>ERTEILT dem B\u00fcrgermeister die Vollmacht, alle f\u00fcr diese Studie notwendigen Dokumente zu unterzeichnen.<\/em><\/li>\n<\/ul>\n<p><em>\u00a0<\/em><\/p>\n<p><strong><em><u>Satzungs\u00e4nderung 2020 des SDE 76<\/u><\/em><\/strong><\/p>\n<p><strong><em><u>\u00a0<\/u><\/em><\/strong><\/p>\n<p><strong><em><u>VU :<\/u><\/em><\/strong><\/p>\n<p><strong><em><u>\u00a0<\/u><\/em><\/strong><\/p>\n<ul>\n<li><em>Der Beschluss 2019\/06\/21-04 des SDE76<\/em><\/li>\n<\/ul>\n<p><em>\u00a0<\/em><\/p>\n<p><strong><em><u>CONSIDERANT :<\/u><\/em><\/strong><\/p>\n<p><em>\u00a0<\/em><\/p>\n<ul>\n<li><em>Herr B\u00fcrgermeister stellt die am 21. Juni 2019 verabschiedete neue Satzung des Syndicat D\u00e9partemental d'Energie de la Seine-Maritime - SDE76 vor, die es ihm erm\u00f6glicht :<\/em>\n<ul>\n<li><em>Ihre derzeitigen F\u00e4higkeiten zu sichern,<\/em><\/li>\n<li><em>neue Aufgaben zu \u00fcbernehmen, um die Energiewende in ihren Gebieten zu unterst\u00fctzen,<\/em><\/li>\n<li><em>Andere K\u00f6rperschaften wie EPCIs aufnehmen zu k\u00f6nnen.<\/em><\/li>\n<\/ul>\n<\/li>\n<li><em>Der B\u00fcrgermeister erkl\u00e4rt, dass diese neuen Statuten die Beibehaltung der derzeitigen Aufgaben und Kompetenzen in den Bereichen Strom, Gas, \u00f6ffentliche Beleuchtung und elektronische Telekommunikation sowie die Beibehaltung des bestehenden Governance-Modus mit insbesondere seinen 14 unver\u00e4nderten lokalen Energiekommissionen (CL\u00c9) vorsehen.<\/em><\/li>\n<li><em>Die neue Satzung sieht optionale Kompetenzen vor, um seine historischen Aufgaben zu verbessern, aber auch um neue Aktionen zu starten, um den heutigen Herausforderungen zu begegnen auf :<\/em><\/li>\n<li><em>Energiewende,<\/em><\/li>\n<li><em>Die Energieausstattung ihres Territoriums,<\/em><\/li>\n<li><em>Beteiligung an Klima-, Luft- und Energiepl\u00e4nen (Climate Air Energy Plans, CAEP),<\/em><\/li>\n<li><em>Energieberatung und Energieeffizienzarbeiten,<\/em><\/li>\n<li><em>Die Erzeugung von Energie aus erneuerbaren Quellen,<\/em><\/li>\n<li><em>\u00d6ffentliche W\u00e4rme- und K\u00e4ltenetze, Energieholz,<\/em><\/li>\n<li><em>Mobilit\u00e4t mit geringem Kohlenstoffaussto\u00df (Wasserstoff, CNG, elektrisch),<\/em><\/li>\n<li><em>Einfaches und intelligentes Energiemanagement: kommunizierende Netze, Energiespeicherung.<\/em><\/li>\n<li><em>Auch die Modalit\u00e4ten f\u00fcr den Beitritt von EPCIs sind vorgesehen.<\/em><\/li>\n<\/ul>\n<p><em>\u00a0<\/em><\/p>\n<p><em>Dann verlas er den Entwurf der Satzung und der Gesch\u00e4ftsordnung, die diesem Beschluss beigef\u00fcgt sind, sowie die beschreibende Notiz.<\/em><\/p>\n<p><em>\u00a0<\/em><\/p>\n<p><em>VORSCHLAG:<\/em><\/p>\n<p><em>\u00a0<\/em><\/p>\n<p><em>Es wird vorgeschlagen :<\/em><\/p>\n<p><em>\u00a0<\/em><\/p>\n<ul>\n<li><em>Die Satzung 2020 und die Gesch\u00e4ftsordnung 2020 des SDE76 zu verabschieden;<\/em><\/li>\n<\/ul>\n<p><em>\u00a0<\/em><\/p>\n<p><em>Der Gemeinderat, nach Beratung, einstimmig, <\/em><\/p>\n<p><em>\u00a0<\/em><\/p>\n<ul>\n<li><em>VERABSCHIEDET die beigef\u00fcgte Satzung 2020 und die Gesch\u00e4ftsordnung 2020 des SDE76<strong>.<\/strong><\/em><\/li>\n<\/ul>\n<p><em>\u00a0<\/em><\/p>\n<p><strong><em><u>Instandsetzungsarbeiten an der Buhne Nr. 1 und der L\u00e4ngsmauer des Strandes<\/u><\/em><\/strong><\/p>\n<p><em>\u00a0<\/em><\/p>\n<p><em>Der B\u00fcrgermeister teilte den Mitgliedern des Gemeinderats mit, dass sie \u00fcber einen Antrag des Departements Seine-Maritime zur Instandsetzung der Buhne Nr. 1 und der L\u00e4ngsmauer am Strand von Sainte Marguerite Sur Mer abstimmen m\u00fcssen. Diese Instandsetzung wird in das n\u00e4chste Programm des Departements f\u00fcr laufende Reparaturarbeiten an K\u00fcstenanlagen aufgenommen. Das Departement Seine-Maritime beantragt die finanzielle Beteiligung der Gemeinde, da die Arbeiten 15.000 \u20ac ohne MwSt. \u00fcbersteigen. Die Beteiligungss\u00e4tze der Gemeinde, die auf dem Steuerpotenzial basieren, stellen sich wie folgt dar:<\/em><\/p>\n<p><em>\u00a0<\/em><\/p>\n<ul>\n<li><em>Kosten der Arbeiten unter 304.900 \u20ac ohne MwSt. .....................................     15 %<\/em><\/li>\n<li><em>Bauabschnitt zwischen 304.900 \u20ac und 762.300 \u20ac ohne MwSt............... 10 %<\/em><\/li>\n<li><em>Bauabschnitt \u00fcber 762.300 \u20ac ohne MwSt.................................. 5 %<\/em><\/li>\n<\/ul>\n<p><em>\u00a0<\/em><\/p>\n<p><em>In Anbetracht des voraussichtlichen Betrags der Operation, der auf 18.857,66 \u20ac ohne MwSt. gesch\u00e4tzt wird, wird die finanzielle Beteiligung der Gemeinde 2.828,55 \u20ac betragen. <\/em><\/p>\n<p><em>\u00a0<\/em><\/p>\n<p><em>Der Gemeinderat, nach Beratung, einstimmig :<\/em><\/p>\n<p><em>\u00a0<\/em><\/p>\n<ul>\n<li><em>BESCHLIESST, eine positive Stellungnahme zur Durchf\u00fchrung der Arbeiten zur Instandsetzung der Buhne Nr. 1 und der L\u00e4ngsmauer am Strand von Sainte Marguerite Sur Mer abzugeben<\/em><\/li>\n<li><em>VEREINBART die finanzielle Beteiligung der Gemeinde in H\u00f6he von 2 828,55 \u20ac.<\/em><\/li>\n<li><em>AUTORISIERT Herrn B\u00fcrgermeister, die notwendigen Dokumente zu unterzeichnen<\/em><\/li>\n<\/ul>\n<p><em>\u00a0<\/em><\/p>\n<p><strong><em><u>Projet de Parc Eolien sur le Territoire de la Commune de Ambrumesnil - Avis du Conseil Municipal pour l'enqu\u00eate publique (Windparkprojekt auf dem Gebiet der Gemeinde Ambrumesnil - Stellungnahme des Gemeinderats f\u00fcr die \u00f6ffentliche Anh\u00f6rung)<\/u><\/em><\/strong><\/p>\n<p><em>\u00a0<\/em><\/p>\n<p><em>Herr B\u00fcrgermeister erl\u00e4utert der Versammlung den Inhalt des Schreibens der Pr\u00e4fektur Seine-Maritime vom 17. Juni 2019 und erinnert daran, dass die vollst\u00e4ndigen Unterlagen zum Windpark Pays de Caux dem Gemeinderat zur Verf\u00fcgung stehen.<\/em><\/p>\n<p><em>Schlie\u00dflich weist er gem\u00e4\u00df Artikel R. 512-20 des Umweltgesetzbuches darauf hin, dass der Gemeinderat seine Stellungnahme zu diesem Projekt sp\u00e4testens innerhalb von f\u00fcnfzehn Tagen nach Schlie\u00dfung des Untersuchungsregisters abgeben kann. Der Gemeinderat hatte die Informationen \u00fcber das Windkraftprojekt im Pays de Caux und die damit verbundene \u00f6ffentliche Untersuchung anhand eines Memorandums zur Kenntnis genommen, das den Einladungen zur Sitzung beigef\u00fcgt war.<\/em><\/p>\n<p><em>\u00a0<\/em><\/p>\n<p><em>Nach den Ausf\u00fchrungen des B\u00fcrgermeisters beschlie\u00dft der Gemeinderat nach eingehender Beratung durch : <strong>8 Ja-Stimmen und 1 Nein-Stimme<\/strong><\/em><\/p>\n<p><em>\u00a0<\/em><\/p>\n<ul>\n<li><em>BESCHLIESST, eine positive Stellungnahme zum Windkraftprojekt im Pays de Caux abzugeben<\/em><\/li>\n<\/ul>\n<p><em>\u00a0<\/em><\/p>\n<p><strong><em><u>DON<\/u><\/em><\/strong><\/p>\n<p><em>\u00a0<\/em><\/p>\n<p><em>Der B\u00fcrgermeister berichtet den Mitgliedern des Gemeinderats von einer Scheckspende von :<\/em><\/p>\n<ul>\n<li><em>Kermesse des Clochers de l'Ailly mit einem Betrag von 500 \u20ac.<\/em><\/li>\n<\/ul>\n<p><em>\u00a0<\/em><\/p>\n<p><em>Der Gemeinderat, nach Beratung, einstimmig :<\/em><\/p>\n<p><em>\u00a0<\/em><\/p>\n<ul>\n<li><em>NIMMT die Spende von 500 \u20ac von der Kermesse des Clochers de l'Ailly an<\/em><\/li>\n<\/ul>\n<p><em>\u00a0<\/em><\/p>\n<p><strong><em><u>Akzeptieren eines Schecks<\/u><\/em><\/strong><\/p>\n<p><em>\u00a0<\/em><\/p>\n<p><em>Der B\u00fcrgermeister erkl\u00e4rt der Versammlung, dass BRICO DEPOT einen zu viel gezahlten Betrag in H\u00f6he von 215,10 \u20ac zur\u00fcckerstattet hat. Die Versammlung wird gebeten, \u00fcber die Annahme eines Schecks zu entscheiden.<\/em><\/p>\n<p><em>\u00a0<\/em><\/p>\n<p><em>Nach den Ausf\u00fchrungen des B\u00fcrgermeisters beschlie\u00dft der Gemeinderat nach eingehender Beratung einstimmig :<\/em><\/p>\n<p><em>\u00a0<\/em><\/p>\n<ul>\n<li><em>BESCHLIESST, den Scheck in H\u00f6he von 215,10 \u20ac anzunehmen<\/em><\/li>\n<\/ul>\n<p><em>\u00a0<\/em><\/p>\n<p><strong><em><u>Kostenvoranschlag f\u00fcr die Lieferung und Installation einer Absaugs\u00e4ule<\/u><\/em><\/strong><\/p>\n<p><em>\u00a0<\/em><\/p>\n<p><em>Der B\u00fcrgermeister teilt den Mitgliedern des Gemeinderats mit, dass der unterirdische L\u00f6schwassertank \"Route de Saint Martin\" immer noch nicht den Anforderungen entspricht. Der Service D\u00e9partemental d'Incendie et de Secours de la Seine-Maritime hat die Ansaugversuche nicht genehmigt, da die H\u00f6he der festen Ansaugvorrichtung zu hoch ist. Sie sollte maximal 80 cm \u00fcber dem Boden liegen. Da der Tank nicht tief genug eingegraben ist und die Absaugvorrichtung auf Bodenh\u00f6he liegt, muss unbedingt ein Absaugpfosten installiert werden, damit der Tank von der SDIS validiert werden kann. EUROVIA hat einen Kostenvoranschlag f\u00fcr die Lieferung und Installation eines Saugmastes in H\u00f6he von 1.550,00 \u20ac (ohne MwSt.) vorgelegt.<\/em><\/p>\n<p><em>\u00a0<\/em><\/p>\n<p><em>Der Gemeinderat, nach Beratung, einstimmig :\u00a0\u00a0\u00a0\u00a0\u00a0\u00a0\u00a0\u00a0 \u00a0\u00a0\u00a0\u00a0\u00a0\u00a0\u00a0\u00a0\u00a0\u00a0\u00a0\u00a0\u00a0\u00a0\u00a0\u00a0\u00a0\u00a0\u00a0\u00a0\u00a0\u00a0\u00a0\u00a0\u00a0 <\/em><\/p>\n<p><em>\u00a0<\/em><\/p>\n<ul>\n<li><em>ANNEHMT den Kostenvoranschlag von EUROVIA f\u00fcr die Lieferung und den Einbau eines Saugmastes in H\u00f6he von 1.550 \u20ac ohne MwSt.<\/em><\/li>\n<li><em>BEST\u00c4TIGT den B\u00fcrgermeister, alle Dokumente zu unterzeichnen, die mit dieser Operation zusammenh\u00e4ngen<\/em><\/li>\n<\/ul>\n<p><em>\u00a0<\/em><\/p>\n<p><strong><em><u>Umsetzung der Arbeitszeitgestaltung und -verk\u00fcrzung (ARTT)<\/u><\/em><\/strong><\/p>\n<p><strong><em><u>\u00a0<\/u><\/em><\/strong><\/p>\n<p><strong><em><u>\u00a0<\/u><\/em><\/strong><\/p>\n<p><em>In Anbetracht des Code G\u00e9n\u00e9ral des Collectivit\u00e9s Territoriales ;<\/em><\/p>\n<p><em>\u00a0<\/em><\/p>\n<p><em>GEST\u00dcTZT auf das ge\u00e4nderte Gesetz Nr. 83-634 vom 13. Juli 1983 \u00fcber die Rechte und Pflichten der Beamten ;<\/em><\/p>\n<p><em>\u00a0<\/em><\/p>\n<p><em>gest\u00fctzt auf das Gesetz Nr. 84-53 vom 26. Januar 1984 in seiner ge\u00e4nderten Fassung, das Statutsbestimmungen f\u00fcr den territorialen \u00f6ffentlichen Dienst enth\u00e4lt ;<\/em><\/p>\n<p><em>\u00a0<\/em><\/p>\n<p><em>gest\u00fctzt auf das Gesetz Nr. 2001-2 vom 3. Januar 2001 \u00fcber die Beseitigung prek\u00e4rer Besch\u00e4ftigungsverh\u00e4ltnisse und die Modernisierung der Einstellung in den territorialen \u00f6ffentlichen Dienst sowie \u00fcber die Arbeitszeit im territorialen \u00f6ffentlichen Dienst;<\/em><\/p>\n<p><em>\u00a0<\/em><\/p>\n<p><em>gest\u00fctzt auf das Dekret Nr. 85-1520 vom 26. November 1985 \u00fcber den Jahresurlaub von territorialen Beamten ;<\/em><\/p>\n<p><em>\u00a0<\/em><\/p>\n<p><em>gest\u00fctzt auf das Dekret Nr. 2001-623 vom 12. Juli 2001 zur Durchf\u00fchrung von Artikel 7-1 des Gesetzes Nr. 84-53 vom 26. Januar 1984 und \u00fcber die ARTT f\u00fcr den territorialen \u00f6ffentlichen Dienst <\/em><\/p>\n<p><em>\u00a0<\/em><\/p>\n<p><em>Aufgrund des Rundschreibens NOR MFPF 120231 C \u00fcber die Modalit\u00e4ten der Umsetzung von Artikel 15 des Gesetzes Nr. 2010-1657 vom 29. Dezember 2010 \u00fcber den Haushalt f\u00fcr 2011 ;<\/em><\/p>\n<p><em>\u00a0<\/em><\/p>\n<p><em>In Anbetracht des Rundschreibens vom 31. M\u00e4rz 2017 \u00fcber die Anwendung der Arbeitszeitregelungen in den drei Bereichen des \u00f6ffentlichen Dienstes ;<\/em><\/p>\n<p><em>\u00a0<\/em><\/p>\n<p><em>In Anbetracht der Stellungnahme des Parit\u00e4tischen Technischen Ausschusses vom 13. September 2019<\/em><\/p>\n<p><em>\u00a0<\/em><\/p>\n<p><em>In Anbetracht dessen, dass Artikel 21 des Gesetzes vom 3. Januar 2001 und das Dekret Nr. 2001-623 vom 12. Juli 2001 das Dekret Nr. 200-815 vom 25. August 2000 \u00fcber die Gestaltung und Reduzierung der Arbeitszeit im territorialen \u00f6ffentlichen Dienst auf den territorialen \u00f6ffentlichen Dienst anwendbar machen; <\/em><\/p>\n<p><em>\u00a0<\/em><\/p>\n<p><em>In der Erw\u00e4gung, dass die Gebietsk\u00f6rperschaften und ihre \u00f6ffentlichen Einrichtungen daher diese neue Arbeitszeitregelung anwenden m\u00fcssen ;<\/em><\/p>\n<p><em>\u00a0<\/em><\/p>\n<p><em>Der B\u00fcrgermeister schl\u00e4gt den Mitgliedern des Gemeinderats vor, die Arbeitszeitgestaltung und -verk\u00fcrzung ab dem 1. Januar 2009 einzuf\u00fchren.<sup>er<\/sup> Juli 2019 gem\u00e4\u00df den folgenden Modalit\u00e4ten:<\/em><\/p>\n<p><em>\u00c4 Die Beg\u00fcnstigten sind Beamte, die seit mindestens einem Jahr ununterbrochen in der Gemeinde besch\u00e4ftigt sind.<\/em><\/p>\n<p><em>\u00c4 Der Arbeitszyklus innerhalb der st\u00e4dtischen technischen Dienste wird auf 39 Stunden mit 23 ARTT-Tagen (f\u00fcr eine Vollzeitstelle) festgelegt.<\/em><\/p>\n<p><em>\u00a0<\/em><\/p>\n<p><em>Die Arbeitszeitorganisation ist wie folgt organisiert:<\/em><\/p>\n<p><em>\u00a0<\/em><\/p>\n<table>\n<tbody>\n<tr>\n<td colspan=\"3\" width=\"627\"><strong><em>HORIZONE bei 39 STUNDEN + 23 ARTT-TAGE<\/em><\/strong><\/td>\n<\/tr>\n<tr>\n<td width=\"130\"><strong><em>\u00a0<\/em><\/strong><\/td>\n<td width=\"312\"><em>\u00d6FFNUNGSZEITEN<\/em><\/td>\n<td width=\"185\"><em>DAUER<\/em><\/td>\n<\/tr>\n<tr>\n<td width=\"130\"><strong><em>MONTAG<\/em><\/strong><\/td>\n<td width=\"312\"><em>8.00 - 12.00 Uhr \/ 13.30 - 17.30 Uhr<\/em><\/td>\n<td width=\"185\"><em>8h00<\/em><\/td>\n<\/tr>\n<tr>\n<td width=\"130\"><strong><em>DIENSTAG<\/em><\/strong><\/td>\n<td width=\"312\"><em>8.00 - 12.00 Uhr \/ 13.30 - 17.30 Uhr<\/em><\/td>\n<td width=\"185\"><em>8h00<\/em><\/td>\n<\/tr>\n<tr>\n<td width=\"130\"><strong><em>MITTWOCH<\/em><\/strong><\/td>\n<td width=\"312\"><em>8.00 - 12.00 Uhr \/ 13.30 - 17.30 Uhr<\/em><\/td>\n<td width=\"185\"><em>8h00<\/em><\/td>\n<\/tr>\n<tr>\n<td width=\"130\"><strong><em>DONNERSTAG<\/em><\/strong><\/td>\n<td width=\"312\"><em>8.00 - 12.00 Uhr \/ 13.30 - 17.30 Uhr<\/em><\/td>\n<td width=\"185\"><em>8h00<\/em><\/td>\n<\/tr>\n<tr>\n<td width=\"130\"><strong><em>FREITAG<\/em><\/strong><\/td>\n<td width=\"312\"><em>8.00 - 12.00 Uhr \/ 13.30 - 16.30 Uhr<\/em><\/td>\n<td width=\"185\"><em>7h00<\/em><\/td>\n<\/tr>\n<tr>\n<td width=\"130\"><strong><em>SAMSTAG<\/em><\/strong><\/td>\n<td width=\"312\"><em>\u00a0<\/em><\/td>\n<td width=\"185\"><em>\u00a0<\/em><\/td>\n<\/tr>\n<tr>\n<td width=\"130\"><strong><em>\u00a0<\/em><\/strong><\/td>\n<td width=\"312\"><em>\u00a0<\/em><\/td>\n<td width=\"185\"><strong><em>39h00<\/em><\/strong><\/td>\n<\/tr>\n<\/tbody>\n<\/table>\n<p><em>\u00a0<\/em><\/p>\n<p><strong><em>\u00a0<\/em><\/strong><\/p>\n<p><em>Der Gemeinderat, nach Beratung, einstimmig :<\/em><\/p>\n<p><em>\u00a0<\/em><\/p>\n<ul>\n<li><em>BESCHLIESST, die Arbeitszeitgestaltung und -verk\u00fcrzung einzuf\u00fchren<\/em><\/li>\n<li><em>BESCHLIESST die oben genannten Modalit\u00e4ten der Arbeitszeitgestaltung, die insbesondere auf der Arbeitszeitgestaltung und -verk\u00fcrzung beruhen, unter Einhaltung der gesetzlichen Jahresarbeitszeit von 1 607 Stunden. <\/em><\/li>\n<li><em>BESCHLIESST, dass diese Bestimmungen ab dem 1. Januar 2011 gelten.<sup>er<\/sup> Juli 2019<\/em><\/li>\n<\/ul>\n<p><strong><em><u>\u00a0<\/u><\/em><\/strong><\/p>\n<p><strong><em><u>Durchf\u00fchrung des Solidarit\u00e4tstages<\/u><\/em><\/strong><\/p>\n<p><strong><em><u>\u00a0<\/u><\/em><\/strong><\/p>\n<p><em>In Anbetracht des Code G\u00e9n\u00e9ral des Collectivit\u00e9s Territoriales ;<\/em><\/p>\n<p><em>\u00a0<\/em><\/p>\n<p><em>gest\u00fctzt auf das Gesetz Nr. 84-53 vom 26. Januar 1984 in seiner ge\u00e4nderten Fassung, das Statutsbestimmungen f\u00fcr den territorialen \u00f6ffentlichen Dienst enth\u00e4lt ;<\/em><\/p>\n<p><em>\u00a0<\/em><\/p>\n<p><em>Aufgrund des ge\u00e4nderten Gesetzes Nr. 2004-626 vom 30. Juni 2004 \u00fcber die Solidarit\u00e4t f\u00fcr die Autonomie von \u00e4lteren Menschen und Menschen mit Behinderungen ;<\/em><\/p>\n<p><em>\u00a0<\/em><\/p>\n<p><em>Angesichts des Gesetzes Nr. 2008-351 vom 16. April 2008 \u00fcber den Solidarit\u00e4tstag ;<\/em><\/p>\n<p><em>\u00a0<\/em><\/p>\n<p><em>In Anbetracht der Stellungnahme des Parit\u00e4tischen Technischen Ausschusses vom 13. September 2019<\/em><\/p>\n<p><em>\u00a0<\/em><\/p>\n<p><em>\u00a0<\/em><\/p>\n<p><em>Der B\u00fcrgermeister erkl\u00e4rt, dass der Gesetzgeber einen Solidarit\u00e4tstag f\u00fcr die Unabh\u00e4ngigkeit \u00e4lterer Menschen und Menschen mit Behinderungen einf\u00fchren wollte. Dieser soll sich an der Finanzierung von Ma\u00dfnahmen zugunsten der Autonomie \u00e4lterer oder behinderter Menschen beteiligen; Es empfiehlt sich, diesen Solidarit\u00e4tstag wie folgt einzuf\u00fchren:<\/em><\/p>\n<p><em>\u00a0<\/em><\/p>\n<p><em>\u2666 Die Arbeit an einem anderen zuvor arbeitsfreien Feiertag als 1.<sup>er<\/sup> Mai ;<\/em><\/p>\n<p><em>\u2666 Die Arbeit an einem Tag der Arbeitszeitverk\u00fcrzung, wie sie in den geltenden Vorschriften vorgesehen ist.<\/em><\/p>\n<p><em>Der B\u00fcrgermeister erkl\u00e4rt, dass Beamte und nicht festangestellte Mitarbeiter somit einen Tag l\u00e4nger ohne zus\u00e4tzliche Verg\u00fctung arbeiten werden. Dass daher zu beachten ist, dass die Jahresarbeitszeit von 1600 h\/Jahr auf 1607 h\/Jahr erh\u00f6ht wird, was einem zus\u00e4tzlichen Arbeitstag entspricht.<\/em><\/p>\n<p><strong><em>\u00a0<\/em><\/strong><\/p>\n<p><em>Der Gemeinderat, nach Beratung, einstimmig :<\/em><\/p>\n<p><em>\u00a0<\/em><\/p>\n<ul>\n<li><em>BESCHLIESST, dass der Solidarit\u00e4tstag in der Gebietsk\u00f6rperschaft wie folgt abgeleistet wird: \u00a0<\/em><\/li>\n<\/ul>\n<p><em>\u2666 Die Arbeit an einem anderen zuvor arbeitsfreien Feiertag als 1.<sup>er<\/sup> Mai ;<\/em><\/p>\n<p><em>\u2666 Die Arbeit an einem Tag der Arbeitszeitverk\u00fcrzung, wie sie in den geltenden Vorschriften vorgesehen ist ;<\/em><\/p>\n<ul>\n<li><em>BESCHLIESST, dass der Solidarit\u00e4tstag in Absprache mit dem Bediensteten festgelegt wird.<\/em><\/li>\n<li><em>BESCHLIESST, dass die Modalit\u00e4ten f\u00fcr Beamte und Praktikanten sowie f\u00fcr nicht festangestellte Mitarbeiter gelten werden.<\/em><\/li>\n<\/ul>\n<p><strong><em><u>\u00a0<\/u><\/em><\/strong><\/p>\n<p><strong><em><u>Modalit\u00e4ten der Einf\u00fchrung des Zeitsparkontos (C.E.T.)<\/u><\/em><\/strong><\/p>\n<p><strong><em><u>\u00a0<\/u><\/em><\/strong><\/p>\n<p><em>Der B\u00fcrgermeister erinnert die Versammlung :<\/em><\/p>\n<p><em>\u00a0<\/em><\/p>\n<p><em>Gem\u00e4\u00df den Bestimmungen von Artikel 7-1 des Gesetzes vom 26. Januar 1984 und des ge\u00e4nderten Dekrets Nr. 2004-878 vom 26. August 2004 werden die Modalit\u00e4ten der Umsetzung des Zeitsparkontos vom beschlie\u00dfenden Organ nach Stellungnahme des Technischen Komitees festgelegt.<\/em><\/p>\n<p><em>Das Zeitsparkonto kann von ordentlichen und nicht ordentlichen Bediensteten genutzt werden, die ein Jahr Dienstzeit nachweisen k\u00f6nnen. Praktikanten und privatrechtlich angestellte Nichtbeamte haben keinen Anspruch auf ein C.E.T..<\/em><\/p>\n<p><em>Die Initiative geht vom Bediensteten aus, der seinen Antrag bei der Gebietsk\u00f6rperschaft stellt.<\/em><\/p>\n<p><em>Die Verordnung gibt einen allgemeinen Rahmen vor, aber es obliegt der beschlie\u00dfenden Versammlung, die \u00f6rtlichen Anwendungsmodalit\u00e4ten festzulegen.<\/em><\/p>\n<p><em>Mit dem Dekret Nr. 201-531 vom 20. Mai 2010 wurde das urspr\u00fcngliche Dekret vom 26. August 2004 ge\u00e4ndert. Es er\u00f6ffnet den Bediensteten insbesondere die M\u00f6glichkeit, ihren im Rahmen des C.E.T. erworbenen Urlaub zu nehmen, eine Abgeltung daf\u00fcr zu beantragen oder eine Anrechnung im Rahmen des R.A.F.P. zu beantragen.<\/em><\/p>\n<p><em>\u00a0<\/em><\/p>\n<p><em>in Anbetracht der Stellungnahme des Parit\u00e4tischen Technischen Ausschusses vom 13. September 2019<\/em><\/p>\n<p><em>\u00a0<\/em><\/p>\n<p><em>Der B\u00fcrgermeister bittet die beschlussfassende Versammlung, die Anwendungsmodalit\u00e4ten des Zeitsparkontos in der Gemeinde festzulegen.<\/em><\/p>\n<p><em>\u00a0<\/em><\/p>\n<p><em>Der B\u00fcrgermeister schl\u00e4gt der Versammlung vor, die lokalen Anwendungsmodalit\u00e4ten des Zeitsparkontos, das f\u00fcr die territorialen Angestellten ab dem 1. Januar 2011 vorgesehen ist, wie folgt festzulegen<sup>er<\/sup> Juli 2019 :<\/em><\/p>\n<p><em>\u00a0<\/em><\/p>\n<ul>\n<li><strong><em><u>DIE ERN\u00c4HRUNG DES CET<\/u><\/em><\/strong><em>:<\/em><\/li>\n<\/ul>\n<p><em>\u00a0<\/em><\/p>\n<ul>\n<li><em>Der TEC wird gem\u00e4\u00df den Bestimmungen von Artikel 3 des Dekrets vom 26. August 2004 gef\u00fcllt durch : <\/em><\/li>\n<li><em> Die \u00dcbertragung von Jahresurlaub, wobei die Anzahl der im Jahr genommenen Jahresurlaubstage nicht weniger als zwanzig betragen darf (anteilig f\u00fcr Teilzeit- und Vollzeitbesch\u00e4ftigte), sowie die Tage, an denen der Urlaub aufgeteilt wird ;<\/em><\/li>\n<li><em> Die \u00dcbertragung von Erholungstagen im Rahmen von RTT (Recovery of Work Time)<\/em><\/li>\n<\/ul>\n<p><em>\u00a0<\/em><\/p>\n<ul>\n<li><em>Der TEC kann bis zu einer H\u00f6chstgrenze von 60 Tagen aufgef\u00fcllt werden.<\/em><\/li>\n<\/ul>\n<p><em>\u00a0<\/em><\/p>\n<ul>\n<li><strong><em><u>VERFAHREN ZUR ER\u00d6FFNUNG UND VERSORGUNG DES C.E.T.<\/u><\/em><\/strong><em>:<\/em><\/li>\n<\/ul>\n<p><strong><em><u>\u00a0<\/u><\/em><\/strong><\/p>\n<ul>\n<li><em>Die Er\u00f6ffnung des C.E.T. kann jederzeit auf Antrag des Bediensteten erfolgen<\/em><\/li>\n<\/ul>\n<p><em>\u00a0<\/em><\/p>\n<ul>\n<li><em>Der Gemeinderat legt das Datum fest, bis zu dem der Antrag des Bediensteten auf Einzahlung in den C.E.T. sp\u00e4testens eingegangen sein muss:<\/em><\/li>\n<\/ul>\n<p><em>\u00a0<\/em><\/p>\n<ul>\n<li><em>Dieser muss bis zum 31. Dezember des laufenden Jahres bei der C.E.T.-Verwaltungsstelle eingehen.<\/em><\/li>\n<li><em>Dieser Antrag wird nur einmal pro Jahr gestellt. Er muss die Art (Jahresurlaub, RTT) und die Anzahl der Tage angeben, die der Bedienstete auf sein Konto einzahlen m\u00f6chte.<\/em><\/li>\n<\/ul>\n<ul>\n<li><em>Jedes Jahr informiert die Verwaltungsstelle den Bediensteten \u00fcber den Stand seines C.E.T. (der gesparten und der verbrauchten Tage) innerhalb von 15 Tagen nach der Frist, die gem\u00e4\u00df den Bestimmungen von Artikel 1 des Dekrets vom 26. August 2004 f\u00fcr die Auff\u00fcllung des Kontos vorgesehen ist.<\/em><\/li>\n<\/ul>\n<p><em>\u00a0<\/em><\/p>\n<ul>\n<li><strong><em><u>DIE VERWENDUNG VON C.E.T.<\/u><\/em><\/strong><em>:<\/em><\/li>\n<\/ul>\n<p><strong><em><u>\u00a0<\/u><\/em><\/strong><\/p>\n<ul>\n<li><em>Der Bedienstete kann seinen C.E.T. ganz oder teilweise nutzen, wann immer er dies w\u00fcnscht, vorbehaltlich der dienstlichen Erfordernisse .<\/em><\/li>\n<li><em>Die Verwendung der angesparten Tage kann nicht aus dienstlichen Gr\u00fcnden verweigert werden, wenn der Beamte endg\u00fcltig aus dem Dienst ausscheidet oder wenn der Urlaub im Anschluss an Mutterschafts-, Adoptions-, Vaterschafts- oder Familiensolidarit\u00e4tsurlaub beantragt wird.<\/em><\/li>\n<li><em>Das C.E.T. kann zeitlich unbegrenzt genutzt werden.<\/em><\/li>\n<li><em>Der Bedienstete kann seine im C.E.T. angesparten Tage ganz oder teilweise verwenden. Unabh\u00e4ngig davon, ob es sich um einen Beamten oder Nichtbeamten handelt, kann er die angesparten Tage in Form von Urlaub verwenden, sofern dienstliche Erfordernisse vorliegen.<\/em><\/li>\n<li><em>Mehr als 20 Tage, die am Ende des Kalenderjahres auf dem C.E.T. angespart wurden :<\/em>\n<ul>\n<li><em>Der Bedienstete kann die \u00fcber 15 angesparten Tage nutzen, indem er insbesondere mehrere Optionen in dem von ihm gew\u00fcnschten Verh\u00e4ltnis unter den folgenden Optionen kombiniert:<\/em>\n<ul>\n<li><em>Ihre Ber\u00fccksichtigung im Rahmen des Zusatzrentensystems des \u00f6ffentlichen Dienstes nur f\u00fcr Beamte, die der CNRACL angeh\u00f6ren.<\/em><\/li>\n<li><em>Ihre Entsch\u00e4digung gem\u00e4\u00df den geltenden Gesetzen und Vorschriften<\/em><\/li>\n<li><em>Ihr Verbleib auf dem C.E.T.<\/em><\/li>\n<li><em>Der Bedienstete muss seine Wahl bis zum 31. Dezember des folgenden Jahres gegen\u00fcber der C.E.T.-Verwaltungsstelle erkl\u00e4ren.<\/em><\/li>\n<li><em>Wenn keine Entscheidung getroffen wird, werden bei Beamten, die der CNRACL angeh\u00f6ren, die \u00fcber 15 gesparten Tage hinausgehenden Tage automatisch im Rahmen des R.A.F.P. ber\u00fccksichtigt. Bei den anderen Bediensteten (nicht fest angestellte Bedienstete und fest angestellte Bedienstete, die dem IRCANTEC angeschlossen sind) werden sie automatisch verg\u00fctet.<\/em><\/li>\n<\/ul>\n<\/li>\n<\/ul>\n<\/li>\n<\/ul>\n<p><strong><em>\u00a0<\/em><\/strong><\/p>\n<p><em>Der Gemeinderat, nach Beratung, einstimmig :<\/em><\/p>\n<p><em>\u00a0<\/em><\/p>\n<ul>\n<li><em>BESCHLIESST, die so vorgeschlagenen Modalit\u00e4ten anzunehmen<\/em><\/li>\n<li><em>BESCHLIESST, dass diese Bestimmungen ab dem 1. Januar 2011 gelten.<sup>er<\/sup> Juli 2019<\/em><\/li>\n<li><em>BESCHLIESST, dass dieser Beschluss den Beschluss vom 4. Oktober 2019 \u00fcber die Umsetzung der ARTT in der Gebietsk\u00f6rperschaft erg\u00e4nzt, da das C.E.T. nunmehr eine der Modalit\u00e4ten der Arbeitszeitgestaltung darstellt.<\/em><\/li>\n<li><em>BESCHLIESST, dass es der Gebietsk\u00f6rperschaft obliegt, individuelle Genehmigungen f\u00fcr die Inanspruchnahme von Urlaub zu erteilen, je nach den mit dem Betrieb der Dienststelle verbundenen Zw\u00e4ngen.<\/em><\/li>\n<\/ul>\n<p><strong><em><u>\u00a0<\/u><\/em><\/strong><\/p>\n<p><strong><em><u>Umsetzung der Gew\u00e4hrung einer Entsch\u00e4digung f\u00fcr Bereitschaftsdienst und Rufbereitschaft f\u00fcr Mitarbeiter im technischen Bereich<\/u><\/em><\/strong><\/p>\n<p><strong><em><u>\u00a0<\/u><\/em><\/strong><\/p>\n<p><em>gest\u00fctzt auf das Gesetz Nr. 84-53 vom 26. Januar 1984 in seiner ge\u00e4nderten Fassung, das Statutsbestimmungen f\u00fcr den territorialen \u00f6ffentlichen Dienst enth\u00e4lt ;<\/em><\/p>\n<p><em>\u00a0<\/em><\/p>\n<p><em>gest\u00fctzt auf das ge\u00e4nderte Dekret Nr. 91-875 vom 6. September 1991 zur Durchf\u00fchrung von 1.<sup>er<\/sup> Absatz von Artikel 88 des Gesetzes vom 26. Januar 1984 in seiner ge\u00e4nderten Fassung ;<\/em><\/p>\n<p><em>\u00a0<\/em><\/p>\n<p><em>gest\u00fctzt auf das Dekret Nr. 2001-623 vom 12. Juli 2001 zur Durchf\u00fchrung von Artikel 7-1 des Gesetzes Nr. 84-53 vom 26. Januar 1984 und \u00fcber die ARTT f\u00fcr den territorialen \u00f6ffentlichen Dienst <\/em><\/p>\n<p><em>\u00a0<\/em><\/p>\n<p><em>gest\u00fctzt auf das Dekret Nr. 2005-542 vom 19. Mai 2005 \u00fcber die Modalit\u00e4ten der Verg\u00fctung oder des Ausgleichs von Bereitschaftsdiensten und Rufbereitschaft im \u00f6ffentlichen Dienst der Gebietsk\u00f6rperschaften ;<\/em><\/p>\n<p><em>\u00a0<\/em><\/p>\n<p><em>Angesichts des Dekrets Nr. 2003-363 vom 15. April 2003 \u00fcber die Rufbereitschaftsentsch\u00e4digung, die bestimmten Bediensteten des Ministeriums f\u00fcr Ausr\u00fcstung, Verkehr, Wohnungsbau, Tourismus und Meer gew\u00e4hrt wird, <\/em><\/p>\n<p><em>\u00a0<\/em><\/p>\n<p><em>\u00a0<\/em><\/p>\n<p><em>Aufgrund des Dekrets Nr. 2003-545 vom 18. Juni 2003 \u00fcber die Bereitschaftsdienstentsch\u00e4digung, die bestimmten Bediensteten des Ministeriums f\u00fcr Ausr\u00fcstung, Verkehr, Wohnungsbau, Tourismus und Meer gew\u00e4hrt wird, <\/em><\/p>\n<p><em>\u00a0<\/em><\/p>\n<p><em>In Anbetracht der Stellungnahme des Parit\u00e4tischen Technischen Ausschusses vom 13. September 2019<\/em><\/p>\n<p><em>\u00a0<\/em><\/p>\n<p><em>Im Anschluss an die Ausf\u00fchrungen des B\u00fcrgermeisters und nach einer Diskussion beschlie\u00dft der Gemeinderat nach Beratung einstimmig :<\/em><\/p>\n<p><em>\u00a0<\/em><\/p>\n<ul>\n<li><em>BESCHLIESST, das System der Entsch\u00e4digungen f\u00fcr Rufbereitschaft und Bereitschaftsdienst einzuf\u00fchren, die gew\u00e4hrt werden k\u00f6nnen, wenn die von der Gebietsk\u00f6rperschaft beschlossenen Zeiten der Rufbereitschaft oder des Bereitschaftsdienstes abgeleistet wurden.<\/em><\/li>\n<li><em>BESCHLIESST, dass innerhalb der Gebietsk\u00f6rperschaft fest angestellte technische Mitarbeiter Rufbereitschaft oder Bereitschaftsdienst leisten k\u00f6nnen.<\/em><\/li>\n<li><em>BESCHLIESST, dass die Zeiten der Rufbereitschaft und des Bereitschaftsdienstes gem\u00e4\u00df den geltenden Bestimmungen und S\u00e4tzen entsch\u00e4digt werden.<\/em><\/li>\n<li><em>BESCHLIESST, dass diese Bestimmungen ab dem 1. Januar 2011 gelten.<sup>er<\/sup> Juli 2019<\/em><\/li>\n<\/ul>\n<p><strong><em><u>\u00a0<\/u><\/em><\/strong><\/p>\n<p><strong><em><u>Weihnachtspakete 2019<\/u><\/em><\/strong><\/p>\n<p><strong><em><u>\u00a0<\/u><\/em><\/strong><\/p>\n<p><em>Der B\u00fcrgermeister informiert die Versammlung \u00fcber die Entscheidung der Gemeinde, die H\u00e4ndler des Wochenmarkts am Samstagmorgen bei der Zusammenstellung der Pakete zu bevorzugen. :<\/em><\/p>\n<ul>\n<li><em>F\u00fcr 1 Einzelperson d.h. ein Betrag von 22.00 \u20ac.<\/em><\/li>\n<li><em>F\u00fcr ein Paar d.h. ein Betrag von 31.00 \u20ac.<\/em><\/li>\n<\/ul>\n<p><em>\u00a0<\/em><\/p>\n<p><em>Die Anzahl der Personen ab 70 Jahren, die in diesem Jahr Anspruch auf Weihnachtspakete haben, betr\u00e4gt 67 Personen:<\/em><\/p>\n<p><em>\u00a0<\/em><\/p>\n<ul>\n<li><em>22 Paare<\/em><\/li>\n<li><em>45 alleinstehende Personen<\/em><\/li>\n<\/ul>\n<p><em>\u00a0<\/em><\/p>\n<p><em>Der Gemeinderat, nach Beratung, einstimmig :<\/em><\/p>\n<p><em>\u00a0<\/em><\/p>\n<ul>\n<li><em>BESCHLIESST<\/em><em> Weihnachtspakete an Senioren ab 70 Jahren zu verteilen, d.h. 67 Weihnachtspakete. <\/em><\/li>\n<li><em>FESTLEGT den Betrag f\u00fcr :<\/em><\/li>\n<\/ul>\n<p><em>\u00c4 Eine Einzelperson zu 22.00 \u20ac + eine Flasche Cr\u00e9mant<\/em><\/p>\n<p><em>\u00c4 Ein Paar zu 31.00 \u20ac + eine Flasche Champagner<\/em><\/p>\n<p><em><u>\u00a0<\/u><\/em><\/p>\n<p><strong><em><u>Weihnachtskonzert 2019<\/u><\/em><\/strong><\/p>\n<p><em>\u00a0<\/em><\/p>\n<p><em>Der B\u00fcrgermeister erl\u00e4utert der Versammlung, dass der Verein Cap d'Ailly ein Weihnachtskonzert organisiert, das am Sonntag, den 15. Dezember 2019 in der Kirche von Sainte Marguerite Sur Mer stattfinden wird.<\/em><\/p>\n<p><em>\u00a0<\/em><\/p>\n<p><em>Wie \u00fcblich sind alle Personen ab 70 Jahren eingeladen und ihre Pl\u00e4tze werden von der Gemeinde bezahlt.<\/em><\/p>\n<p><em>\u00a0<\/em><\/p>\n<p><em>Der Gemeinderat, nach Anh\u00f6rung des B\u00fcrgermeisters und nach Beratung, einstimmig :<\/em><\/p>\n<p><em>\u00a0<\/em><\/p>\n<ul>\n<li><em>BESCHLIESST, Personen ab 70 Jahren zum Weihnachtskonzert einzuladen, das am Sonntag, dem 15. Dezember 2019, in der Kirche von Sainte Marguerite Sur Mer stattfindet.<\/em><\/li>\n<\/ul>\n<p><em>\u00a0<\/em><\/p>\n<p><strong><em><u>Weihnachten der Kinder 2019<\/u><\/em><\/strong><\/p>\n<p><em>\u00a0<\/em><\/p>\n<p><em>Der B\u00fcrgermeister berichtet den Mitgliedern des Gemeinderats von der Wahl des Anbieters f\u00fcr das Weihnachtsfest der Kinder der Gemeinde. Es handelt sich um \"LES GUIGNOLOS FANTASTIQUES\", die eine Show anbieten, die sowohl f\u00fcr Kindergarten- als auch f\u00fcr Grundschulkinder geeignet ist. Es handelt sich um eine Show, die Sie in eine Welt der M\u00e4rchen, des Spa\u00dfes und der Interaktivit\u00e4t durch ihre Originalit\u00e4t entf\u00fchrt, eine Stunde dauert und 900 \u20ac kostet. Bei dieser Gelegenheit erhalten die Kinder ein Geschenk in H\u00f6he von 15 \u20ac. Die Auff\u00fchrung findet am Samstag, den 14. Dezember 2019 um 16 Uhr statt.<\/em><\/p>\n<p><em>\u00a0<\/em><\/p>\n<p><em>Der Gemeinderat, nach Anh\u00f6rung des B\u00fcrgermeisters und nach Beratung, einstimmig :<\/em><\/p>\n<p><em>\u00a0<\/em><\/p>\n<ul>\n<li><em>BILLIGT diese Wahl<\/em><\/li>\n<li><em>BEAUFTRAGT den B\u00fcrgermeister, alles Notwendige in dieser Angelegenheit zu veranlassen<\/em><\/li>\n<\/ul>\n<p><em>\u00a0<\/em><\/p>\n<p><em>\u00a0<\/em><\/p>\n<p><em>\u00a0<\/em><\/p>\n<p><em>\u00a0<\/em><\/p>\n<p><em>Nachdem die Tagesordnung ersch\u00f6pft war, dankte der B\u00fcrgermeister Claude FERCHAL allen Anwesenden und schloss die Sitzung um 20.15 Uhr.<\/em><\/p>\n<p><em>\u00a0<\/em><\/p>\n<p><em>\u00a0<\/em><\/p>\n<p><em>\u00a0<\/em><\/p>\n<p><em>F\u00fcr einen beglaubigten Auszug<\/em><\/p>\n<p><em>\u00a0<\/em><\/p>\n<p><em>Der B\u00fcrgermeister,<\/em><\/p>\n<p><em>Claude FERCHAL<\/em><\/p>\n<p><em>\u00a0<\/em><\/p>\n<\/div><div class=\"fusion-clearfix\"><\/div><\/div><\/div><\/div><\/div>","protected":false},"excerpt":{"rendered":"","protected":false},"author":1,"featured_media":0,"comment_status":"open","ping_status":"open","sticky":false,"template":"","format":"standard","meta":{"footnotes":""},"categories":[19,1],"tags":[],"class_list":["post-3355","post","type-post","status-publish","format-standard","hentry","category-affichage_municipal","category-non-classe"],"yoast_head":"<!-- This site is optimized with the Yoast SEO plugin v25.3 - https:\/\/yoast.com\/wordpress\/plugins\/seo\/ -->\n<title>PV REUNION DU CONSEIL MUNICIPAL SEANCE DU 4 OCTOBRE 2019 - Mairie de Sainte-Marguerite Sur Mer<\/title>\n<meta name=\"robots\" content=\"index, follow, max-snippet:-1, max-image-preview:large, max-video-preview:-1\" \/>\n<link rel=\"canonical\" href=\"https:\/\/www.ste-marguerite-sur-mer.fr\/de\/proces-verbal-de-la-reunion-du-conseil-municipal-seance-du-4-octobre-2019\/\" \/>\n<meta property=\"og:locale\" content=\"de_DE\" \/>\n<meta property=\"og:type\" content=\"article\" \/>\n<meta property=\"og:title\" content=\"PV REUNION DU CONSEIL MUNICIPAL SEANCE DU 4 OCTOBRE 2019 - Mairie de Sainte-Marguerite Sur Mer\" \/>\n<meta property=\"og:url\" content=\"https:\/\/www.ste-marguerite-sur-mer.fr\/de\/proces-verbal-de-la-reunion-du-conseil-municipal-seance-du-4-octobre-2019\/\" \/>\n<meta property=\"og:site_name\" content=\"Mairie de Sainte-Marguerite Sur Mer\" \/>\n<meta property=\"article:published_time\" content=\"2019-11-15T14:01:06+00:00\" \/>\n<meta property=\"article:modified_time\" content=\"2019-11-15T14:05:04+00:00\" \/>\n<meta name=\"author\" content=\"SteMargueriteAdm018\" \/>\n<meta name=\"twitter:card\" content=\"summary_large_image\" \/>\n<meta name=\"twitter:label1\" content=\"Verfasst von\" \/>\n\t<meta name=\"twitter:data1\" content=\"SteMargueriteAdm018\" \/>\n\t<meta name=\"twitter:label2\" content=\"Gesch\u00e4tzte Lesezeit\" \/>\n\t<meta name=\"twitter:data2\" content=\"26\u00a0Minuten\" \/>\n<script type=\"application\/ld+json\" class=\"yoast-schema-graph\">{\"@context\":\"https:\/\/schema.org\",\"@graph\":[{\"@type\":\"WebPage\",\"@id\":\"https:\/\/www.ste-marguerite-sur-mer.fr\/proces-verbal-de-la-reunion-du-conseil-municipal-seance-du-4-octobre-2019\/\",\"url\":\"https:\/\/www.ste-marguerite-sur-mer.fr\/proces-verbal-de-la-reunion-du-conseil-municipal-seance-du-4-octobre-2019\/\",\"name\":\"PV REUNION DU CONSEIL MUNICIPAL SEANCE DU 4 OCTOBRE 2019 - Mairie de Sainte-Marguerite Sur Mer\",\"isPartOf\":{\"@id\":\"https:\/\/www.ste-marguerite-sur-mer.fr\/#website\"},\"datePublished\":\"2019-11-15T14:01:06+00:00\",\"dateModified\":\"2019-11-15T14:05:04+00:00\",\"author\":{\"@id\":\"https:\/\/www.ste-marguerite-sur-mer.fr\/#\/schema\/person\/2064bbc0bd1a6ca7d3243771c0ccdc94\"},\"breadcrumb\":{\"@id\":\"https:\/\/www.ste-marguerite-sur-mer.fr\/proces-verbal-de-la-reunion-du-conseil-municipal-seance-du-4-octobre-2019\/#breadcrumb\"},\"inLanguage\":\"de\",\"potentialAction\":[{\"@type\":\"ReadAction\",\"target\":[\"https:\/\/www.ste-marguerite-sur-mer.fr\/proces-verbal-de-la-reunion-du-conseil-municipal-seance-du-4-octobre-2019\/\"]}]},{\"@type\":\"BreadcrumbList\",\"@id\":\"https:\/\/www.ste-marguerite-sur-mer.fr\/proces-verbal-de-la-reunion-du-conseil-municipal-seance-du-4-octobre-2019\/#breadcrumb\",\"itemListElement\":[{\"@type\":\"ListItem\",\"position\":1,\"name\":\"Accueil\",\"item\":\"https:\/\/www.ste-marguerite-sur-mer.fr\/\"},{\"@type\":\"ListItem\",\"position\":2,\"name\":\"PV REUNION DU CONSEIL MUNICIPAL SEANCE DU 4 OCTOBRE 2019\"}]},{\"@type\":\"WebSite\",\"@id\":\"https:\/\/www.ste-marguerite-sur-mer.fr\/#website\",\"url\":\"https:\/\/www.ste-marguerite-sur-mer.fr\/\",\"name\":\"Mairie de Sainte-Marguerite Sur Mer\",\"description\":\"commune de normandie\",\"potentialAction\":[{\"@type\":\"SearchAction\",\"target\":{\"@type\":\"EntryPoint\",\"urlTemplate\":\"https:\/\/www.ste-marguerite-sur-mer.fr\/?s={search_term_string}\"},\"query-input\":{\"@type\":\"PropertyValueSpecification\",\"valueRequired\":true,\"valueName\":\"search_term_string\"}}],\"inLanguage\":\"de\"},{\"@type\":\"Person\",\"@id\":\"https:\/\/www.ste-marguerite-sur-mer.fr\/#\/schema\/person\/2064bbc0bd1a6ca7d3243771c0ccdc94\",\"name\":\"SteMargueriteAdm018\",\"image\":{\"@type\":\"ImageObject\",\"inLanguage\":\"de\",\"@id\":\"https:\/\/www.ste-marguerite-sur-mer.fr\/#\/schema\/person\/image\/\",\"url\":\"https:\/\/secure.gravatar.com\/avatar\/6fcc2f15419679d0130cb5d8281d232525e7e46448f5db9b20f0556bc7b61b99?s=96&d=mm&r=g\",\"contentUrl\":\"https:\/\/secure.gravatar.com\/avatar\/6fcc2f15419679d0130cb5d8281d232525e7e46448f5db9b20f0556bc7b61b99?s=96&d=mm&r=g\",\"caption\":\"SteMargueriteAdm018\"}}]}<\/script>\n<!-- \/ Yoast SEO plugin. -->","yoast_head_json":{"title":"PV REUNION DU CONSEIL MUNICIPAL SEANCE DU 4 OCTOBRE 2019 - Mairie de Sainte-Marguerite Sur Mer","robots":{"index":"index","follow":"follow","max-snippet":"max-snippet:-1","max-image-preview":"max-image-preview:large","max-video-preview":"max-video-preview:-1"},"canonical":"https:\/\/www.ste-marguerite-sur-mer.fr\/de\/proces-verbal-de-la-reunion-du-conseil-municipal-seance-du-4-octobre-2019\/","og_locale":"de_DE","og_type":"article","og_title":"PV REUNION DU CONSEIL MUNICIPAL SEANCE DU 4 OCTOBRE 2019 - Mairie de Sainte-Marguerite Sur Mer","og_url":"https:\/\/www.ste-marguerite-sur-mer.fr\/de\/proces-verbal-de-la-reunion-du-conseil-municipal-seance-du-4-octobre-2019\/","og_site_name":"Mairie de Sainte-Marguerite Sur Mer","article_published_time":"2019-11-15T14:01:06+00:00","article_modified_time":"2019-11-15T14:05:04+00:00","author":"SteMargueriteAdm018","twitter_card":"summary_large_image","twitter_misc":{"Verfasst von":"SteMargueriteAdm018","Gesch\u00e4tzte Lesezeit":"26\u00a0Minuten"},"schema":{"@context":"https:\/\/schema.org","@graph":[{"@type":"WebPage","@id":"https:\/\/www.ste-marguerite-sur-mer.fr\/proces-verbal-de-la-reunion-du-conseil-municipal-seance-du-4-octobre-2019\/","url":"https:\/\/www.ste-marguerite-sur-mer.fr\/proces-verbal-de-la-reunion-du-conseil-municipal-seance-du-4-octobre-2019\/","name":"PV REUNION DU CONSEIL MUNICIPAL SEANCE DU 4 OCTOBRE 2019 - Mairie de Sainte-Marguerite Sur Mer","isPartOf":{"@id":"https:\/\/www.ste-marguerite-sur-mer.fr\/#website"},"datePublished":"2019-11-15T14:01:06+00:00","dateModified":"2019-11-15T14:05:04+00:00","author":{"@id":"https:\/\/www.ste-marguerite-sur-mer.fr\/#\/schema\/person\/2064bbc0bd1a6ca7d3243771c0ccdc94"},"breadcrumb":{"@id":"https:\/\/www.ste-marguerite-sur-mer.fr\/proces-verbal-de-la-reunion-du-conseil-municipal-seance-du-4-octobre-2019\/#breadcrumb"},"inLanguage":"de","potentialAction":[{"@type":"ReadAction","target":["https:\/\/www.ste-marguerite-sur-mer.fr\/proces-verbal-de-la-reunion-du-conseil-municipal-seance-du-4-octobre-2019\/"]}]},{"@type":"BreadcrumbList","@id":"https:\/\/www.ste-marguerite-sur-mer.fr\/proces-verbal-de-la-reunion-du-conseil-municipal-seance-du-4-octobre-2019\/#breadcrumb","itemListElement":[{"@type":"ListItem","position":1,"name":"Accueil","item":"https:\/\/www.ste-marguerite-sur-mer.fr\/"},{"@type":"ListItem","position":2,"name":"PV REUNION DU CONSEIL MUNICIPAL SEANCE DU 4 OCTOBRE 2019"}]},{"@type":"WebSite","@id":"https:\/\/www.ste-marguerite-sur-mer.fr\/#website","url":"https:\/\/www.ste-marguerite-sur-mer.fr\/","name":"Mairie de Sainte-Marguerite Sur Mer","description":"commune de normandie","potentialAction":[{"@type":"SearchAction","target":{"@type":"EntryPoint","urlTemplate":"https:\/\/www.ste-marguerite-sur-mer.fr\/?s={search_term_string}"},"query-input":{"@type":"PropertyValueSpecification","valueRequired":true,"valueName":"search_term_string"}}],"inLanguage":"de"},{"@type":"Person","@id":"https:\/\/www.ste-marguerite-sur-mer.fr\/#\/schema\/person\/2064bbc0bd1a6ca7d3243771c0ccdc94","name":"SteMargueriteAdm018","image":{"@type":"ImageObject","inLanguage":"de","@id":"https:\/\/www.ste-marguerite-sur-mer.fr\/#\/schema\/person\/image\/","url":"https:\/\/secure.gravatar.com\/avatar\/6fcc2f15419679d0130cb5d8281d232525e7e46448f5db9b20f0556bc7b61b99?s=96&d=mm&r=g","contentUrl":"https:\/\/secure.gravatar.com\/avatar\/6fcc2f15419679d0130cb5d8281d232525e7e46448f5db9b20f0556bc7b61b99?s=96&d=mm&r=g","caption":"SteMargueriteAdm018"}}]}},"_links":{"self":[{"href":"https:\/\/www.ste-marguerite-sur-mer.fr\/de\/wp-json\/wp\/v2\/posts\/3355","targetHints":{"allow":["GET"]}}],"collection":[{"href":"https:\/\/www.ste-marguerite-sur-mer.fr\/de\/wp-json\/wp\/v2\/posts"}],"about":[{"href":"https:\/\/www.ste-marguerite-sur-mer.fr\/de\/wp-json\/wp\/v2\/types\/post"}],"author":[{"embeddable":true,"href":"https:\/\/www.ste-marguerite-sur-mer.fr\/de\/wp-json\/wp\/v2\/users\/1"}],"replies":[{"embeddable":true,"href":"https:\/\/www.ste-marguerite-sur-mer.fr\/de\/wp-json\/wp\/v2\/comments?post=3355"}],"version-history":[{"count":2,"href":"https:\/\/www.ste-marguerite-sur-mer.fr\/de\/wp-json\/wp\/v2\/posts\/3355\/revisions"}],"predecessor-version":[{"id":3359,"href":"https:\/\/www.ste-marguerite-sur-mer.fr\/de\/wp-json\/wp\/v2\/posts\/3355\/revisions\/3359"}],"wp:attachment":[{"href":"https:\/\/www.ste-marguerite-sur-mer.fr\/de\/wp-json\/wp\/v2\/media?parent=3355"}],"wp:term":[{"taxonomy":"category","embeddable":true,"href":"https:\/\/www.ste-marguerite-sur-mer.fr\/de\/wp-json\/wp\/v2\/categories?post=3355"},{"taxonomy":"post_tag","embeddable":true,"href":"https:\/\/www.ste-marguerite-sur-mer.fr\/de\/wp-json\/wp\/v2\/tags?post=3355"}],"curies":[{"name":"wp","href":"https:\/\/api.w.org\/{rel}","templated":true}]}}