{"id":3448,"date":"2020-09-08T10:18:25","date_gmt":"2020-09-08T08:18:25","guid":{"rendered":"https:\/\/www.ste-marguerite-sur-mer.fr\/?p=3448"},"modified":"2020-09-08T10:18:25","modified_gmt":"2020-09-08T08:18:25","slug":"proces-verbal-de-la-reunion-du-conseil-municipal-seance-du-10-juillet-2020","status":"publish","type":"post","link":"https:\/\/www.ste-marguerite-sur-mer.fr\/de\/proces-verbal-de-la-reunion-du-conseil-municipal-seance-du-10-juillet-2020\/","title":{"rendered":"PROTOKOLL DER STADTRATSSITZUNG SITZUNG VOM 10. JULI 2020"},"content":{"rendered":"<p><strong><em><u>Protokoll der Sitzung des Gemeinderats<\/u><\/em><\/strong><\/p>\n<p><strong><em><u>Sitzung vom 10. Juli 2020<\/u><\/em><\/strong><\/p>\n<p><em>Im Jahr zweitausendzwanzig, am ZEHNTEN DES MONATS JULI, um ACHTZEHN STUNDEN DREIZIG MINUTEN, kam der ordnungsgem\u00e4\u00df einberufene Gemeinderat unter dem Vorsitz von Herrn Olivier de CONIHOUT, B\u00fcrgermeister, zu einer \u00f6ffentlichen Sitzung zusammen.<\/em><\/p>\n<p><em>\u00a0<\/em><em><u>Anwesend waren <\/u>: <\/em><\/p>\n<ul>\n<li><em>Herren Olivier de CONIHOUT, Francis LEGROUT, Jean-Fran\u00e7ois DEROIDE, Philippe BOSQUET, Philippe HERITIER, David PETITON, <\/em><\/li>\n<li><em>Damen V\u00e9ronique DEPREUX, Catherine CORNILLOT, Christine MOUQUET, Brigitte GAUTHIER-DARCET<\/em><\/li>\n<\/ul>\n<p><em>\u00a0<\/em><em><u>Entschuldigte Abwesende <\/u>: Herr Christophe TIRARD <\/em><\/p>\n<p><em>\u00a0<\/em><em><u>Befugnisse<\/u>\u00a0Herr Christophe TIRARD an Herrn Philippe BOSQUET<\/em><\/p>\n<p><em>\u00a0<\/em><\/p>\n<p><em>\u00a0<\/em><em>Herr Jean-Fran\u00e7ois DEROIDE wurde zum Sitzungssekret\u00e4r gew\u00e4hlt.<\/em><\/p>\n<p><em>\u00a0<\/em><\/p>\n<p><em>\u00a0<\/em><em><u>Datum der Einberufung<\/u>\u00a0: am 03. Juli 2020\u00a0\u00a0\u00a0\u00a0\u00a0 \u00a0\u00a0\u00a0\u00a0\u00a0\u00a0\u00a0\u00a0\u00a0 \u00a0\u00a0\u00a0\u00a0\u00a0\u00a0\u00a0\u00a0\u00a0\u00a0\u00a0\u00a0\u00a0\u00a0\u00a0\u00a0\u00a0\u00a0\u00a0<u>Datum der Anzeige<\/u>\u00a0: am 03. Juli 2020<\/em><em>\u00a0 \u00a0 \u00a0 \u00a0 \u00a0<\/em><\/p>\n<p><em>\u00a0<\/em><\/p>\n<p><strong><em><u>Tagesordnung :<\/u><\/em><\/strong><\/p>\n<p><em>\u00a0<\/em><em>\u00a0<\/em><em>Annahme des Protokolls der vorangegangenen Sitzung<\/em><\/p>\n<ul>\n<li><em>Mitteilungen des B\u00fcrgermeisters<\/em><\/li>\n<li><em>Kauf eines Gel Tower (hydroalkoholische L\u00f6sung)<\/em><\/li>\n<li><em>Mieterlass Strandh\u00fctte<\/em><\/li>\n<li><em>Punkt Kommissionen<\/em><\/li>\n<li><em>Verschiedene Fragen<\/em><\/li>\n<\/ul>\n<p>&nbsp;<\/p>\n<p><strong><em><u>Verabschiedung des Protokolls der vorherigen Sitzung<\/u><\/em><\/strong><\/p>\n<p><em>\u00a0<\/em><\/p>\n<p><em>Das Protokoll der vorangegangenen Sitzung, das jedem Mitglied des Gemeinderats vorab \u00fcbermittelt wurde, wurde einstimmig angenommen, da es keine Anmerkungen gab.<\/em><\/p>\n<p><em>\u00a0<\/em><em>\u00a0<\/em><\/p>\n<p><em>Ankunft von Frau Brigitte GAUTHIER-DARCET um 18:40 Uhr.<\/em><\/p>\n<p><em>\u00a0<\/em><\/p>\n<p><strong><em><u>Mitteilungen des B\u00fcrgermeisters<\/u><\/em><\/strong><\/p>\n<p><strong><em>Ausschreibungsausschuss<\/em><\/strong><\/p>\n<p><em>\u00a0<\/em><em>Der B\u00fcrgermeister berichtete dem Rat von der E-Mail, die er von der Pr\u00e4fektur bez\u00fcglich der letzten Wahlen zur Ausschreibungskommission erhalten hatte.<\/em><\/p>\n<p><em>Es sollten nur drei Mitglieder und drei Stellvertreter gew\u00e4hlt werden, doch es wurde eine Liste mit vier Stellvertretern vorgelegt.<\/em><\/p>\n<p><em>Bei der Computerisierung der Deliberation ist ein Fehler aufgetreten. Herr Philippe HERITIER best\u00e4tigt, dass er sich nicht als Kandidat zur Verf\u00fcgung gestellt hat. <\/em><\/p>\n<p><em>Der B\u00fcrgermeister schl\u00e4gt eine Abstimmung per Handzeichen vor, um die Anzahl der Stellvertreter zu berichtigen.<\/em><\/p>\n<p><em>\u00a0<\/em><\/p>\n<p><strong><em>VU :<\/em><\/strong><\/p>\n<ul>\n<li><em>Artikel L.2121-21 des Code G\u00e9n\u00e9ral des Collectivit\u00e9s Territoriales (Allgemeiner Code der Gebietsk\u00f6rperschaften)<\/em><\/li>\n<\/ul>\n<p><em>\u00a0<\/em><\/p>\n<p><strong><em>CONSIDERANT :<\/em><\/strong><\/p>\n<ul>\n<li><em>dass die ordentlichen Mitglieder der Ausschreibungskommission f\u00fcr die Dauer ihrer Amtszeit ernannt werden sollten ;<\/em><\/li>\n<li><em>Dass dieser Ausschuss neben dem B\u00fcrgermeister als Vorsitzendem aus drei Mitgliedern des Gemeinderats besteht, wobei der gr\u00f6\u00dfte Rest vertreten ist.<\/em><\/li>\n<\/ul>\n<p><em>\u00a0<\/em><\/p>\n<p><em>Nachdem der Gemeinderat gem\u00e4\u00df Artikel L.2121-21 des Code G\u00e9n\u00e9ral des Collectivit\u00e9s Territoriales (Allgemeines Gesetzbuch der Gebietsk\u00f6rperschaften) einstimmig :<\/em><\/p>\n<ul>\n<li><em>BESCHLIESST, durch Handzeichen abzustimmen ;<\/em><\/li>\n<li><em>W\u00c4HLT die Herren Philippe BOSQUET, Francis LEGROUT und David PETITON zu ordentlichen Mitgliedern des Ausschreibungsausschusses;<\/em><\/li>\n<li><em>W\u00c4HLT Frau Brigitte GAUTHIER-DARCET, Frau Catherine CORNILLOT und Herrn Christophe TIRARD zu stellvertretenden Mitgliedern; <\/em><\/li>\n<li><em>NIMMT zur Kenntnis, dass gem\u00e4\u00df Artikel 22-III der Vergabeordnung ein ordentliches Mitglied der Ausschreibungskommission durch den Stellvertreter ersetzt wird, der auf derselben Liste eingetragen ist und unmittelbar nach dem zuletzt gew\u00e4hlten ordentlichen Mitglied dieser Liste kommt, und dass der Stellvertreter, der so zum ordentlichen Mitglied wird, durch den oben genannten Kandidaten ersetzt wird, der nach diesem Kandidaten kommt;<\/em><\/li>\n<li><em>NIMMT ZUR KENNTNIS, dass gem\u00e4\u00df Artikel 22-IV des Code des March\u00e9s Publics bei Stimmengleichheit der Vorsitzende den Ausschlag gibt.<\/em><\/li>\n<\/ul>\n<p><em>\u00a0<\/em><\/p>\n<p><strong><em>Zeremonie am 14. Juli<\/em><\/strong><\/p>\n<p><em>\u00a0<\/em><\/p>\n<p><em>Der B\u00fcrgermeister erinnert den Rat daran, dass sie Einladungen zur Organisation der Zeremonie am 14. Juli erhalten haben. <\/em><\/p>\n<p><em>Um 11:30 Uhr findet eine Kranzniederlegung am Kriegsdenkmal (Place Alphons) statt, anschlie\u00dfend gibt es einen Umtrunk (angeboten von Herrn LORIOT).<\/em><\/p>\n<p><em>\u00a0<\/em><\/p>\n<p><strong><em>Er\u00f6ffnung des Strandes<\/em><\/strong><\/p>\n<p><em>\u00a0<\/em><\/p>\n<p><em>Die Er\u00f6ffnungszeremonie des Strandes fand am Montag, den 6. Juli um 19 Uhr statt und wurde von Herrn STEPHAN, dem Betreiber der Cabane de la Plage, unterst\u00fctzt. Die Gemeindeverwaltung und die Gemeinde Quiberville begr\u00fc\u00dften die Strandw\u00e4chter, vertreten durch Patrice GOMEZ, Leutnant der Feuerwehr Seine-Maritime, und in Anwesenheit von Chef DEMONCHY von der Gendarmeriebrigade Offranville.<\/em><\/p>\n<p><em>\u00a0<\/em><\/p>\n<p><strong><em>Mitteilung Annullierungen von j\u00e4hrlichen Veranstaltungen<\/em><\/strong><\/p>\n<p><em>\u00a0<\/em><\/p>\n<p><em>Frau Christine MOUQUET stellt Fragen zu den Fragen der Einwohner bez\u00fcglich bestimmter Veranstaltungen, die jedes Jahr organisiert werden (Buchmesse, Messe f\u00fcr alles, Ausstellungen...).<\/em><\/p>\n<p><em>Der B\u00fcrgermeister erkl\u00e4rt, dass diese aufgrund von Gesundheitsma\u00dfnahmen auf 2021 verschoben werden m\u00fcssen.<\/em><\/p>\n<p><em>Herr DEROIDE schl\u00e4gt vor, dass die Informationen von der Gemeindesekret\u00e4rin auf der Internetseite der Gemeinde weitergeleitet werden.<\/em><\/p>\n<p><em>\u00a0<\/em><\/p>\n<p><em>\u00a0<\/em><strong><em>Treffen mit Herrn JUMEL, Abgeordneter der 6.<sup>\u00e8me<\/sup> Wahlkreis von Seine-Maritime<\/em><\/strong><\/p>\n<p><em>\u00a0<\/em><\/p>\n<p><em>Der B\u00fcrgermeister informiert den Rat \u00fcber den Brief, den der Abgeordnete S\u00e9bastien JUMEL erhalten hat und in dem er um ein Gespr\u00e4ch bittet. Der Termin wurde f\u00fcr Donnerstag, den 10. September, im Rathaus vereinbart.<\/em><\/p>\n<p><em>\u00a0<\/em><\/p>\n<p><em>\u00a0<\/em><strong><em><u>Kauf eines Gel Towers<\/u><\/em><\/strong><\/p>\n<p><em>\u00a0<\/em><\/p>\n<p><em>Angesichts der Gesundheitsma\u00dfnahmen im Zusammenhang mit COVID 19 und der \u00d6ffnung des Strandes war die Installation eines Gel-Towers (Spender f\u00fcr hydroalkoholische L\u00f6sungen) im Bereich der Duschen notwendig, um den Schutz der Nutzer zu gew\u00e4hrleisten.<\/em><\/p>\n<p><em>Die Dringlichkeit der Installation einer solchen Vorrichtung wurde durch die Bereitstellung eines Turms gel\u00f6st, der von Frau DEPREUX gekauft wurde.<\/em><\/p>\n<p><em>Der B\u00fcrgermeister bittet den Rat um Zustimmung, dass die von der Firma InoxAlu Concept vorgelegte Rechnung in H\u00f6he von 303,99 \u20ac (inkl. MwSt.) erstattet wird.<\/em><\/p>\n<p><em>\u00a0<\/em><em>Der Rat stimmt dem einstimmig zu.<\/em><\/p>\n<p><em>\u00a0<\/em><em>\u00a0<\/em><\/p>\n<p><strong><em><u>Mieterlass \"Cabane de la plage\" (Strandh\u00fctte)<\/u><\/em><\/strong><\/p>\n<p><em>\u00a0<\/em><\/p>\n<p><em>Der B\u00fcrgermeister informierte den Rat \u00fcber die Gespr\u00e4che, die mit Herrn Nicolas STEPHAN, dem Betreiber der \"Cabane de la Plage\", gef\u00fchrt wurden.<\/em><\/p>\n<p><em>Dieser hatte n\u00e4mlich am 20. Dezember 2018 eine Vereinbarung \u00fcber die Vermietung der Bungalows unterzeichnet. Diese trat mit Wirkung vom 1.<sup>er<\/sup> Mai bis zum 30. September.<\/em><\/p>\n<p><em>Aufgrund der Gesundheitsma\u00dfnahmen im Zusammenhang mit COVID-19 konnte das Restaurant erst am 22. Juni 2020 den Betrieb aufnehmen. Herr STEPHAN bittet daher um einen Nachlass auf die Mieten f\u00fcr Mai und Juni.<\/em><\/p>\n<p><em>\u00a0<\/em><em>Der B\u00fcrgermeister erkl\u00e4rte, dass es normal w\u00e4re, dieser Geste der Solidarit\u00e4t zuzustimmen.<\/em><\/p>\n<p><em>\u00a0<\/em><em>Au\u00dferdem wurde ein Zusatzvertrag ausgearbeitet, der unter anderem die Reinigung und den Zugang zu den Toiletten regelt. F\u00fcr die Saison 2020 ist eine Entsch\u00e4digung von 1000 \u20ac vorgesehen (ab 2021 wird die Entsch\u00e4digung auf 1500 \u20ac erh\u00f6ht).<\/em><\/p>\n<p><em>\u00a0<\/em><em>Der Rat best\u00e4tigt die Zusatzvereinbarung und den Rabatt auf die Mieten einstimmig.<\/em><\/p>\n<p><em>\u00a0<\/em><\/p>\n<p><em>\u00a0<\/em><strong><em><u>Punkt Kommissionen<\/u><\/em><\/strong><\/p>\n<p><strong><em>Stadtplanung \/ PLU<\/em><\/strong><\/p>\n<p><em>\u00a0<\/em><em>Frau DEPREUX erinnert daran, wie wichtig es ist, die Gemeinde aufzuwerten, insbesondere rund um den Leuchtturm. Die Einrichtung des Parkplatzes (oder sogar eines Bereichs f\u00fcr Fahrgemeinschaften) sollte in Betracht gezogen werden. Die bereits von der vorherigen Gemeinderatsmannschaft begonnenen Gespr\u00e4che mit Herrn LEGRAND, dessen Grundst\u00fcck den Bau des Parkplatzes und eventuell eines Spielplatzes f\u00fcr Kinder erm\u00f6glichen w\u00fcrde, sollten erneut aufgenommen werden.<\/em><\/p>\n<p><em>Herr LEGROUT erkl\u00e4rt, dass es sich um ein Baugrundst\u00fcck handelt, dessen Preis also dem eines Baugrundst\u00fccks entsprechen w\u00fcrde. Ein Teil davon geh\u00f6re bereits der Gemeinde und w\u00fcrde vielleicht ausreichen.<\/em><\/p>\n<p><em>Herr DEROIDE stimmte diesem zu und fragte nach den finanziellen Auswirkungen des Kaufs von Bauland f\u00fcr einen Parkplatz.<\/em><\/p>\n<p><em>Herr LEGROUT erkl\u00e4rt, dass ein Teich im PLU-Entwurf vorgesehen war, die Fl\u00e4che des Grundst\u00fccks aber immer noch gro\u00df ist.<\/em><\/p>\n<p><em>Herr BOSQUET schl\u00e4gt einen Besuch vor Ort am Donnerstag, den 16. Juli, vor.<\/em><\/p>\n<p><em>\u00a0<\/em><em>Au\u00dferdem wird \u00fcber die laufenden Gespr\u00e4che mit dem Departement bez\u00fcglich der Abdeckung von Sainte-Marguerite sur Mer durch Mobilfunkbetreiber berichtet. Es sollen Messungen (Funkstudie) in der Gemeinde durchgef\u00fchrt werden. Die Ausschussmitglieder betonten, dass eine gute Abdeckung sowohl aus Sicherheitsgr\u00fcnden als auch im Hinblick auf die touristische und wirtschaftliche Entwicklung von Sainte-Marguerite sur Mer wichtig sei.<\/em><\/p>\n<p>&nbsp;<\/p>\n<p><strong><em>Kommunales Leben<\/em><\/strong><\/p>\n<p><em>\u00a0<\/em><\/p>\n<p><em>Frau MOUQUET informiert, dass das Weihnachtsfest der Kinder am 19. Dezember 2020 stattfinden wird. \u00dcblicherweise werden eine Auff\u00fchrung und ein Imbiss f\u00fcr ein Publikum von etwa 140 Personen angeboten.<\/em><\/p>\n<p><em>Die Compagnie Mariska legte einen Kostenvoranschlag von 800 \u20ac vor, mit einer kalendarischen M\u00f6glichkeit nur Anfang Dezember. Ein zweiter Kostenvoranschlag wurde bei \"Touches d'histoires\" erstellt, einer M\u00e4rchenerz\u00e4hlerin, die bereits 2016 eine Vorstellung gegeben hat, und bel\u00e4uft sich auf 391 \u20ac (45-min\u00fctige Vorstellung).<\/em><\/p>\n<p><em>Frau MOUQUET wird sich mit der Firma in Verbindung setzen, damit der Vertrag Hinweise f\u00fcr den Fall von Ma\u00dfnahmen im Zusammenhang mit COVID-19 enth\u00e4lt.<\/em><\/p>\n<p><em>Der Rat entscheidet sich daher f\u00fcr den zweiten Kostenvoranschlag und stimmt der Unterzeichnung einstimmig zu.<\/em><\/p>\n<p><em>\u00a0<\/em><em>\u00a0<\/em><\/p>\n<p><em>Frau MOUQUET stellt dann das Projekt von Frau TURMEL, Lehrerin in Sainte Marguerite und Vorsitzende des Maracana-Vereins, vor.<\/em><\/p>\n<p><em>Diese m\u00f6chte 2021 ein Festival vorschlagen. Frau MOUQUET und Herr HERITIER werden sich am Mittwoch, den 15. Juli, mit ihr treffen, um den Ort und m\u00f6gliche Zusch\u00fcsse zu besprechen.<\/em><\/p>\n<p><em>Der Verein bietet montags und mittwochs Kurse an, die von etwa 60 Mitgliedern besucht werden. Herr HERITIER betont, dass es sich um einen Verein mit departementaler Reichweite handelt.<\/em><\/p>\n<p><em>\u00a0<\/em><em>Der Rat erinnert daran, wie wichtig es ist, dass es in der Gemeinde dynamische Vereine gibt, und best\u00e4tigt einstimmig die Ausleihe des Saals des Treffpunkts.<\/em><\/p>\n<p><em>\u00a0<\/em><em>Herr DEROIDE fragt nach den grunds\u00e4tzlichen Regeln f\u00fcr die Vergabe von Subventionen. Es sollten Kriterien festgelegt werden, um den Vereinen auf objektive, ausgewogene und transparente Weise antworten zu k\u00f6nnen.<\/em><\/p>\n<p><em>\u00a0<\/em><em>\u00a0<\/em><\/p>\n<p><em>Der B\u00fcrgermeister informiert auch \u00fcber die Verschiebung des Oxfam-Trekkings. Urspr\u00fcnglich sollte der Sitzungssaal des Rathauses am Ende des Laufs als \"Ruheraum\" f\u00fcr die Trekker des GR21 dienen. Bisher wurde noch kein Datum bekannt gegeben.<\/em><\/p>\n<p><em>\u00a0<\/em><\/p>\n<p><em>Herr HERITIER informierte auch dar\u00fcber, dass der Verein zur Erhaltung der Kirche f\u00fcr den 26. September eine Besichtigung der Kirche geplant hat. Diese, die von Herrn LEFEBVRE kommentiert wird, sieht eine Einladung an alle Einwohner der Gemeinde vor. Herr HERITIER f\u00fcgte hinzu, dass es sich auch um die \u00e4lteste Kirche handele.<\/em><\/p>\n<p><em>\u00a0<\/em><\/p>\n<p><em>Frau DEPREUX nahm am Vorbereitungstreffen f\u00fcr die Gedenkfeier am 19. August im Rathaus von Dieppe teil. Das ihr \u00fcberreichte Protokoll wird an die Vereinigung der Kriegsveteranen weitergeleitet.<\/em><\/p>\n<p><em>\u00a0<\/em><\/p>\n<p><strong><em>Wartung<\/em><\/strong><\/p>\n<p><em>\u00a0<\/em><\/p>\n<p><em>Herr LEGROUT erkl\u00e4rte, dass die derzeitige Priorit\u00e4t die Arbeit an der PLU sei. <\/em><\/p>\n<p><em>Er bat um einen \u00dcberblick \u00fcber den Stand der Betriebs- und Investitionsbudgets auf technischer Ebene.<\/em><\/p>\n<p><em>\u00a0<\/em><\/p>\n<p><strong><em>Finanzen<\/em><\/strong><\/p>\n<p><em>\u00a0<\/em><\/p>\n<p><em>Frau GAUTHIER-DARCET bittet um einen Termin mit dem Sekretariat (Frau LAFOREST), um die Haushaltsm\u00f6glichkeiten zu er\u00f6rtern.<\/em><\/p>\n<p><em>Sie wird die Haushaltsdaten der Agglomeration Dieppe zur Kenntnis nehmen. Die Tabellen f\u00fcr 2019 werden vom Sekretariat auf dem Drive zur Verf\u00fcgung gestellt und der Haushalt 2020 wird besprochen, sobald er verteilt wurde.<\/em><\/p>\n<p>&nbsp;<\/p>\n<p><strong><em>Sicherheit<\/em><\/strong><\/p>\n<p><em>\u00a0<\/em><\/p>\n<p><em>Herr BOSQUET erinnert an die Sorge um die Geschwindigkeit der Autofahrer in der Route du Phare und schl\u00e4gt vor, das Departement zu alarmieren und die Einrichtung von Bodenschwellen vorzuschlagen.<\/em><\/p>\n<p><em>Herr PETITON erkl\u00e4rt, dass das vorherige Gemeindeteam dies bereits getan habe, aber keine L\u00f6sung gefunden worden sei; die Fahrbahnschwellen seien selbst laut gewesen.<\/em><\/p>\n<p><em>\u00a0<\/em><\/p>\n<p><em>Herr DEROIDE berichtet, dass die erste Sitzung des Ausschusses am 6. Juni stattfand. Frau MOUQUET hat mit der Arbeit begonnen, die Gefahrenstellen entlang der Landstra\u00dfe zu erfassen. Die Herstellung der Sicherheit wird umfangreiche Arbeiten erfordern.<\/em><\/p>\n<p><em>Ein Termin mit der Direction D\u00e9partementale des Territoires et de la Mer (DDTM) ist f\u00fcr Donnerstag, den 6. August 2020 geplant.<\/em><\/p>\n<p><em>Herr HERITIER warnt vor der Budgetierung der Arbeiten an der 3.<sup>\u00e8me<\/sup> Tranche auf der Landstra\u00dfe.<\/em><\/p>\n<p><em>Herr LEGROUT wird als Pilot f\u00fcr diese Angelegenheit bestimmt.<\/em><\/p>\n<p><em>\u00a0<\/em><\/p>\n<p><em>Herr DEROIDE kommt auch auf die Notwendigkeit zur\u00fcck, den kommunalen Notfallplan zu aktualisieren. F\u00fcr diese Aktualisierung werden die Volksz\u00e4hlungsdaten des INSEE ben\u00f6tigt.<\/em><\/p>\n<p><em>\u00a0<\/em><em>\u00a0<\/em><\/p>\n<p><strong><em>Kommunikation<\/em><\/strong><\/p>\n<p><em>\u00a0<\/em><\/p>\n<p><em>Herr DEROIDE erl\u00e4utert den Entwurf des Newsletters. Mit einer viertelj\u00e4hrlichen Periodizit\u00e4t sollen die Einwohner \u00fcber verschiedene Punkte informiert werden. Ein von jedem Ausschuss verfasster Absatz \u00fcber die aktuellen Themen wird bis Ende Juli erwartet, sodass die erste Ver\u00f6ffentlichung Anfang September erfolgen kann.<\/em><\/p>\n<p><em>Au\u00dferdem wurde auf Drive ein Ordner f\u00fcr die gemeinsame Nutzung von Fotos eingerichtet, um den Newsletter zu f\u00fcttern.<\/em><\/p>\n<p><em>\u00a0<\/em><\/p>\n<p><em>Die Mailbox der Gemeinde ist derzeit stark zugespammt und wenig geeignet, da sie sowohl f\u00fcr Mitteilungen an den B\u00fcrgermeister als auch an das Sekretariat und die Stellvertreter genutzt wird. Der Anbieter, der die Website hostet, schl\u00e4gt in dem bereits erstellten Vertrag die Bereitstellung von 5 Adressen vor. Der B\u00fcrgermeister schl\u00e4gt vor, dass diese zun\u00e4chst zus\u00e4tzlich zur aktuellen Adresse genutzt werden, bis diese nicht mehr existiert. Die vorgeschlagenen 5 Adressen w\u00fcrden f\u00fcr folgende Personen zur Verf\u00fcgung gestellt werden: B\u00fcrgermeister, Sekret\u00e4rin, 1<sup>er<\/sup> Stellvertreter, 2<sup>\u00e8me<\/sup> Stellvertreter und 3<sup>\u00e8me<\/sup> Stellvertreter. Herr DEROIDE schl\u00e4gt vor, den Vertrag f\u00fcr die Internetseite zu pr\u00fcfen.<\/em><\/p>\n<p><em>\u00a0<\/em><em>\u00a0<\/em><\/p>\n<p><strong><em>Projekte<\/em><\/strong><\/p>\n<p><em>\u00a0<\/em><\/p>\n<p><em>Derzeit werden mehrere Projekte gepr\u00fcft, insbesondere in Bezug auf den Friedhof von Blancmesnil oder den Leuchtturm. Herr HERITIER erkl\u00e4rt zu diesem letzten Punkt, dass man die Wahlen auf der Ebene der Agglomeration Dieppe abwarten m\u00fcsse.<\/em><\/p>\n<p><em>Herr DEROIDE fragte ihn daraufhin, ob es m\u00f6glich sei, ein Treffen mit den Einwohnern von Sainte Marguerite, Longueil und Quiberville abzuhalten. Herr HERITIER erkl\u00e4rt, dass man sich nach dem Treffen am 26. September gedulden m\u00fcsse. Eine Mitteilung k\u00f6nne eventuell Ende Oktober erfolgen.<\/em><\/p>\n<p><em>\u00a0<\/em><\/p>\n<p><em>\u00a0<\/em><em>\u00a0<\/em><\/p>\n<p><strong><em><u>Verschiedene Fragen<\/u><\/em><\/strong><\/p>\n<p><em>Der B\u00fcrgermeister informierte den Rat \u00fcber den Brand, der am Montag, dem 6. Juli, einen Bungalow gegen\u00fcber dem Strand in Mitleidenschaft gezogen hatte. Angesichts der Fragen der Nachbarn wurde die Unterpr\u00e4fektur konsultiert. Der Eigent\u00fcmer sollte sich mit seiner Versicherung in Verbindung setzen, damit die Aufr\u00e4umarbeiten schnell durchgef\u00fchrt werden k\u00f6nnen. Der Bereich wurde gesperrt. Die Gendarmerie f\u00fchrt derzeit eine Untersuchung durch, um die Brandursache zu ermitteln. <\/em><\/p>\n<p><em>\u00a0<\/em><\/p>\n<p><em>\u00a0<\/em><em>Frau MOUQUET, die f\u00fcr schulische Angelegenheiten zust\u00e4ndig ist, bittet um die Erlaubnis, einen Schl\u00fcsselbund f\u00fcr die Schule zur Verf\u00fcgung zu haben, um in bestimmten Situationen (z. B. Versp\u00e4tung eines Lehrers...) reagieren zu k\u00f6nnen.<\/em><\/p>\n<p><em>Der Rat stimmt dem einstimmig zu.<\/em><\/p>\n<p><em>\u00a0<\/em><em>Der B\u00fcrgermeister schloss die Sitzung um 20.45 Uhr.<\/em><\/p>\n<p><em>\u00a0<\/em><em>\u00a0<\/em><\/p>\n<p><em>F\u00fcr Auszug<\/em><\/p>\n<p><em>Beglaubigt<\/em><\/p>\n<p><em>\u00a0<\/em><em>\u00a0<\/em><\/p>\n<p><strong><em>Der B\u00fcrgermeister,<\/em><\/strong><\/p>\n<p><strong><em>Olivier de CONIHOUT<\/em><\/strong><\/p>","protected":false},"excerpt":{"rendered":"<p>Protokoll der Sitzung des Gemeinderats Sitzung vom 10. Juli 2020 Im Jahr Zweitausendzwanzig, am Zehnten des Monats Juli, um Achtundneunzig Uhr Drei\u00dfig Minuten, kam der ordnungsgem\u00e4\u00df einberufene Gemeinderat unter dem Vorsitz von Herrn Olivier de CONIHOUT, B\u00fcrgermeister, zu einer \u00f6ffentlichen Sitzung zusammen Anwesend waren : Die Herren Olivier de [...].<\/p>","protected":false},"author":5,"featured_media":0,"comment_status":"open","ping_status":"open","sticky":false,"template":"","format":"standard","meta":{"footnotes":""},"categories":[19],"tags":[],"class_list":["post-3448","post","type-post","status-publish","format-standard","hentry","category-affichage_municipal"],"yoast_head":"<!-- This site is optimized with the Yoast SEO plugin v25.3 - https:\/\/yoast.com\/wordpress\/plugins\/seo\/ -->\n<title>PROC\u00c8S-VERBAL DE LA R\u00c9UNION DU CONSEIL MUNICIPAL S\u00c9ANCE DU 10 JUILLET 2020 - Mairie de Sainte-Marguerite Sur Mer<\/title>\n<meta name=\"robots\" content=\"index, follow, max-snippet:-1, max-image-preview:large, max-video-preview:-1\" \/>\n<link rel=\"canonical\" href=\"https:\/\/www.ste-marguerite-sur-mer.fr\/de\/proces-verbal-de-la-reunion-du-conseil-municipal-seance-du-10-juillet-2020\/\" \/>\n<meta property=\"og:locale\" content=\"de_DE\" \/>\n<meta property=\"og:type\" content=\"article\" \/>\n<meta property=\"og:title\" content=\"PROC\u00c8S-VERBAL DE LA R\u00c9UNION DU CONSEIL MUNICIPAL S\u00c9ANCE DU 10 JUILLET 2020 - Mairie de Sainte-Marguerite Sur Mer\" \/>\n<meta property=\"og:description\" content=\"Proc\u00e8s-Verbal de la R\u00e9union du Conseil Municipal S\u00e9ance du 10 juillet 2020 L\u2019an deux mil VINGT, le DIX du mois de JUILLET, \u00e0 DIX-HUIT heures TRENTE minutes, le Conseil Municipal l\u00e9galement convoqu\u00e9 s\u2019est r\u00e9uni, en s\u00e9ance publique, sous la pr\u00e9sidence de Monsieur Olivier de CONIHOUT, Maire \u00a0Etaient pr\u00e9sents : Messieurs Olivier de [&hellip;]\" \/>\n<meta property=\"og:url\" content=\"https:\/\/www.ste-marguerite-sur-mer.fr\/de\/proces-verbal-de-la-reunion-du-conseil-municipal-seance-du-10-juillet-2020\/\" \/>\n<meta property=\"og:site_name\" content=\"Mairie de Sainte-Marguerite Sur Mer\" \/>\n<meta property=\"article:author\" content=\"www.facebook.com\/MairieSainteMargueritesurmer\" \/>\n<meta property=\"article:published_time\" content=\"2020-09-08T08:18:25+00:00\" \/>\n<meta name=\"author\" content=\"mairie.stemargueritesurmer@wanadoo.fr\" \/>\n<meta name=\"twitter:card\" content=\"summary_large_image\" \/>\n<meta name=\"twitter:label1\" content=\"Verfasst von\" \/>\n\t<meta name=\"twitter:data1\" content=\"mairie.stemargueritesurmer@wanadoo.fr\" \/>\n\t<meta name=\"twitter:label2\" content=\"Gesch\u00e4tzte Lesezeit\" \/>\n\t<meta name=\"twitter:data2\" content=\"12\u00a0Minuten\" \/>\n<script type=\"application\/ld+json\" class=\"yoast-schema-graph\">{\"@context\":\"https:\/\/schema.org\",\"@graph\":[{\"@type\":\"WebPage\",\"@id\":\"https:\/\/www.ste-marguerite-sur-mer.fr\/proces-verbal-de-la-reunion-du-conseil-municipal-seance-du-10-juillet-2020\/\",\"url\":\"https:\/\/www.ste-marguerite-sur-mer.fr\/proces-verbal-de-la-reunion-du-conseil-municipal-seance-du-10-juillet-2020\/\",\"name\":\"PROC\u00c8S-VERBAL DE LA R\u00c9UNION DU CONSEIL MUNICIPAL S\u00c9ANCE DU 10 JUILLET 2020 - Mairie de Sainte-Marguerite Sur Mer\",\"isPartOf\":{\"@id\":\"https:\/\/www.ste-marguerite-sur-mer.fr\/#website\"},\"datePublished\":\"2020-09-08T08:18:25+00:00\",\"author\":{\"@id\":\"https:\/\/www.ste-marguerite-sur-mer.fr\/#\/schema\/person\/4875f0d9570fa9643b4953b06cadbd28\"},\"breadcrumb\":{\"@id\":\"https:\/\/www.ste-marguerite-sur-mer.fr\/proces-verbal-de-la-reunion-du-conseil-municipal-seance-du-10-juillet-2020\/#breadcrumb\"},\"inLanguage\":\"de\",\"potentialAction\":[{\"@type\":\"ReadAction\",\"target\":[\"https:\/\/www.ste-marguerite-sur-mer.fr\/proces-verbal-de-la-reunion-du-conseil-municipal-seance-du-10-juillet-2020\/\"]}]},{\"@type\":\"BreadcrumbList\",\"@id\":\"https:\/\/www.ste-marguerite-sur-mer.fr\/proces-verbal-de-la-reunion-du-conseil-municipal-seance-du-10-juillet-2020\/#breadcrumb\",\"itemListElement\":[{\"@type\":\"ListItem\",\"position\":1,\"name\":\"Accueil\",\"item\":\"https:\/\/www.ste-marguerite-sur-mer.fr\/\"},{\"@type\":\"ListItem\",\"position\":2,\"name\":\"PROC\u00c8S-VERBAL DE LA R\u00c9UNION DU CONSEIL MUNICIPAL S\u00c9ANCE DU 10 JUILLET 2020\"}]},{\"@type\":\"WebSite\",\"@id\":\"https:\/\/www.ste-marguerite-sur-mer.fr\/#website\",\"url\":\"https:\/\/www.ste-marguerite-sur-mer.fr\/\",\"name\":\"Mairie de Sainte-Marguerite Sur Mer\",\"description\":\"commune de normandie\",\"potentialAction\":[{\"@type\":\"SearchAction\",\"target\":{\"@type\":\"EntryPoint\",\"urlTemplate\":\"https:\/\/www.ste-marguerite-sur-mer.fr\/?s={search_term_string}\"},\"query-input\":{\"@type\":\"PropertyValueSpecification\",\"valueRequired\":true,\"valueName\":\"search_term_string\"}}],\"inLanguage\":\"de\"},{\"@type\":\"Person\",\"@id\":\"https:\/\/www.ste-marguerite-sur-mer.fr\/#\/schema\/person\/4875f0d9570fa9643b4953b06cadbd28\",\"name\":\"mairie.stemargueritesurmer@wanadoo.fr\",\"image\":{\"@type\":\"ImageObject\",\"inLanguage\":\"de\",\"@id\":\"https:\/\/www.ste-marguerite-sur-mer.fr\/#\/schema\/person\/image\/\",\"url\":\"https:\/\/secure.gravatar.com\/avatar\/40ab497ab45615f9e8602bea4f1611c6cec0aa64725a35223b24c4c66a09055d?s=96&d=mm&r=g\",\"contentUrl\":\"https:\/\/secure.gravatar.com\/avatar\/40ab497ab45615f9e8602bea4f1611c6cec0aa64725a35223b24c4c66a09055d?s=96&d=mm&r=g\",\"caption\":\"mairie.stemargueritesurmer@wanadoo.fr\"},\"sameAs\":[\"www.facebook.com\/MairieSainteMargueritesurmer\"]}]}<\/script>\n<!-- \/ Yoast SEO plugin. -->","yoast_head_json":{"title":"PROC\u00c8S-VERBAL DE LA R\u00c9UNION DU CONSEIL MUNICIPAL S\u00c9ANCE DU 10 JUILLET 2020 - Mairie de Sainte-Marguerite Sur Mer","robots":{"index":"index","follow":"follow","max-snippet":"max-snippet:-1","max-image-preview":"max-image-preview:large","max-video-preview":"max-video-preview:-1"},"canonical":"https:\/\/www.ste-marguerite-sur-mer.fr\/de\/proces-verbal-de-la-reunion-du-conseil-municipal-seance-du-10-juillet-2020\/","og_locale":"de_DE","og_type":"article","og_title":"PROC\u00c8S-VERBAL DE LA R\u00c9UNION DU CONSEIL MUNICIPAL S\u00c9ANCE DU 10 JUILLET 2020 - Mairie de Sainte-Marguerite Sur Mer","og_description":"Proc\u00e8s-Verbal de la R\u00e9union du Conseil Municipal S\u00e9ance du 10 juillet 2020 L\u2019an deux mil VINGT, le DIX du mois de JUILLET, \u00e0 DIX-HUIT heures TRENTE minutes, le Conseil Municipal l\u00e9galement convoqu\u00e9 s\u2019est r\u00e9uni, en s\u00e9ance publique, sous la pr\u00e9sidence de Monsieur Olivier de CONIHOUT, Maire \u00a0Etaient pr\u00e9sents : Messieurs Olivier de [&hellip;]","og_url":"https:\/\/www.ste-marguerite-sur-mer.fr\/de\/proces-verbal-de-la-reunion-du-conseil-municipal-seance-du-10-juillet-2020\/","og_site_name":"Mairie de Sainte-Marguerite Sur Mer","article_author":"www.facebook.com\/MairieSainteMargueritesurmer","article_published_time":"2020-09-08T08:18:25+00:00","author":"mairie.stemargueritesurmer@wanadoo.fr","twitter_card":"summary_large_image","twitter_misc":{"Verfasst von":"mairie.stemargueritesurmer@wanadoo.fr","Gesch\u00e4tzte Lesezeit":"12\u00a0Minuten"},"schema":{"@context":"https:\/\/schema.org","@graph":[{"@type":"WebPage","@id":"https:\/\/www.ste-marguerite-sur-mer.fr\/proces-verbal-de-la-reunion-du-conseil-municipal-seance-du-10-juillet-2020\/","url":"https:\/\/www.ste-marguerite-sur-mer.fr\/proces-verbal-de-la-reunion-du-conseil-municipal-seance-du-10-juillet-2020\/","name":"PROC\u00c8S-VERBAL DE LA R\u00c9UNION DU CONSEIL MUNICIPAL S\u00c9ANCE DU 10 JUILLET 2020 - Mairie de Sainte-Marguerite Sur Mer","isPartOf":{"@id":"https:\/\/www.ste-marguerite-sur-mer.fr\/#website"},"datePublished":"2020-09-08T08:18:25+00:00","author":{"@id":"https:\/\/www.ste-marguerite-sur-mer.fr\/#\/schema\/person\/4875f0d9570fa9643b4953b06cadbd28"},"breadcrumb":{"@id":"https:\/\/www.ste-marguerite-sur-mer.fr\/proces-verbal-de-la-reunion-du-conseil-municipal-seance-du-10-juillet-2020\/#breadcrumb"},"inLanguage":"de","potentialAction":[{"@type":"ReadAction","target":["https:\/\/www.ste-marguerite-sur-mer.fr\/proces-verbal-de-la-reunion-du-conseil-municipal-seance-du-10-juillet-2020\/"]}]},{"@type":"BreadcrumbList","@id":"https:\/\/www.ste-marguerite-sur-mer.fr\/proces-verbal-de-la-reunion-du-conseil-municipal-seance-du-10-juillet-2020\/#breadcrumb","itemListElement":[{"@type":"ListItem","position":1,"name":"Accueil","item":"https:\/\/www.ste-marguerite-sur-mer.fr\/"},{"@type":"ListItem","position":2,"name":"PROC\u00c8S-VERBAL DE LA R\u00c9UNION DU CONSEIL MUNICIPAL S\u00c9ANCE DU 10 JUILLET 2020"}]},{"@type":"WebSite","@id":"https:\/\/www.ste-marguerite-sur-mer.fr\/#website","url":"https:\/\/www.ste-marguerite-sur-mer.fr\/","name":"Mairie de Sainte-Marguerite Sur Mer","description":"commune de normandie","potentialAction":[{"@type":"SearchAction","target":{"@type":"EntryPoint","urlTemplate":"https:\/\/www.ste-marguerite-sur-mer.fr\/?s={search_term_string}"},"query-input":{"@type":"PropertyValueSpecification","valueRequired":true,"valueName":"search_term_string"}}],"inLanguage":"de"},{"@type":"Person","@id":"https:\/\/www.ste-marguerite-sur-mer.fr\/#\/schema\/person\/4875f0d9570fa9643b4953b06cadbd28","name":"mairie.stemargueritesurmer@wanadoo.fr","image":{"@type":"ImageObject","inLanguage":"de","@id":"https:\/\/www.ste-marguerite-sur-mer.fr\/#\/schema\/person\/image\/","url":"https:\/\/secure.gravatar.com\/avatar\/40ab497ab45615f9e8602bea4f1611c6cec0aa64725a35223b24c4c66a09055d?s=96&d=mm&r=g","contentUrl":"https:\/\/secure.gravatar.com\/avatar\/40ab497ab45615f9e8602bea4f1611c6cec0aa64725a35223b24c4c66a09055d?s=96&d=mm&r=g","caption":"mairie.stemargueritesurmer@wanadoo.fr"},"sameAs":["www.facebook.com\/MairieSainteMargueritesurmer"]}]}},"_links":{"self":[{"href":"https:\/\/www.ste-marguerite-sur-mer.fr\/de\/wp-json\/wp\/v2\/posts\/3448","targetHints":{"allow":["GET"]}}],"collection":[{"href":"https:\/\/www.ste-marguerite-sur-mer.fr\/de\/wp-json\/wp\/v2\/posts"}],"about":[{"href":"https:\/\/www.ste-marguerite-sur-mer.fr\/de\/wp-json\/wp\/v2\/types\/post"}],"author":[{"embeddable":true,"href":"https:\/\/www.ste-marguerite-sur-mer.fr\/de\/wp-json\/wp\/v2\/users\/5"}],"replies":[{"embeddable":true,"href":"https:\/\/www.ste-marguerite-sur-mer.fr\/de\/wp-json\/wp\/v2\/comments?post=3448"}],"version-history":[{"count":3,"href":"https:\/\/www.ste-marguerite-sur-mer.fr\/de\/wp-json\/wp\/v2\/posts\/3448\/revisions"}],"predecessor-version":[{"id":3453,"href":"https:\/\/www.ste-marguerite-sur-mer.fr\/de\/wp-json\/wp\/v2\/posts\/3448\/revisions\/3453"}],"wp:attachment":[{"href":"https:\/\/www.ste-marguerite-sur-mer.fr\/de\/wp-json\/wp\/v2\/media?parent=3448"}],"wp:term":[{"taxonomy":"category","embeddable":true,"href":"https:\/\/www.ste-marguerite-sur-mer.fr\/de\/wp-json\/wp\/v2\/categories?post=3448"},{"taxonomy":"post_tag","embeddable":true,"href":"https:\/\/www.ste-marguerite-sur-mer.fr\/de\/wp-json\/wp\/v2\/tags?post=3448"}],"curies":[{"name":"wp","href":"https:\/\/api.w.org\/{rel}","templated":true}]}}