{"id":3454,"date":"2020-09-08T10:26:25","date_gmt":"2020-09-08T08:26:25","guid":{"rendered":"https:\/\/www.ste-marguerite-sur-mer.fr\/?p=3454"},"modified":"2020-09-08T10:26:25","modified_gmt":"2020-09-08T08:26:25","slug":"proces-verbal-de-la-reunion-du-conseil-municipal-seance-du-31-juillet-2020","status":"publish","type":"post","link":"https:\/\/www.ste-marguerite-sur-mer.fr\/de\/proces-verbal-de-la-reunion-du-conseil-municipal-seance-du-31-juillet-2020\/","title":{"rendered":"PROTOKOLL DER STADTRATSSITZUNG SITZUNG VOM 31. JULI 2020"},"content":{"rendered":"<p><strong><em><u>Protokoll der Sitzung des Gemeinderats<\/u><\/em><\/strong><\/p>\n<p><strong><em><u>Sitzung vom 31. Juli 2020<\/u><\/em><\/strong><\/p>\n<p>&nbsp;<\/p>\n<p><em>Im Jahr zweitausendzwanzig, am NEUNZEHNTAG DES MONATS JULI, um achtundneunzig Uhr, traf sich der ordnungsgem\u00e4\u00df einberufene Gemeinderat zu einer \u00f6ffentlichen Sitzung unter dem Vorsitz von Herrn Olivier de CONIHOUT, B\u00fcrgermeister.<\/em><\/p>\n<p><em>\u00a0<\/em><em><u>Anwesend waren <\/u>: <\/em><\/p>\n<ul>\n<li><em>Die Herren Olivier de CONIHOUT, Francis LEGROUT, Philippe HERITIER, David PETITON, <\/em><\/li>\n<li><em>Damen V\u00e9ronique DEPREUX, Catherine CORNILLOT, Christine MOUQUET, Brigitte GAUTHIER-DARCET<\/em><\/li>\n<\/ul>\n<p><em>\u00a0<\/em><em><u>Entschuldigte Abwesende <\/u>: Die Herren Jean-Fran\u00e7ois DEROIDE, Christophe TIRARD und Philippe BOSQUET<\/em><\/p>\n<p><em>\u00a0<\/em><em><u>Befugnisse<\/u>\u00a0Herr Jean-Fran\u00e7ois DEROIDE an Herrn Philippe HERITIER, Herr Christophe TIRARD an Herrn David PETITON und Herr Philippe BOSQUET an Frau Brigitte GAUTHIER-DARCET<\/em><\/p>\n<p><em>\u00a0<\/em><em>\u00a0<\/em><\/p>\n<p><em>Frau Catherine CORNILLOT wurde zur Sitzungssekret\u00e4rin gew\u00e4hlt.<\/em><\/p>\n<p><em>\u00a0<\/em><em>\u00a0<\/em><\/p>\n<p><em><u>Datum der Einberufung<\/u>\u00a0: am 21. Juli 2020\u00a0\u00a0\u00a0\u00a0\u00a0 \u00a0\u00a0\u00a0\u00a0\u00a0\u00a0\u00a0\u00a0\u00a0 \u00a0\u00a0\u00a0\u00a0\u00a0\u00a0\u00a0\u00a0\u00a0\u00a0\u00a0\u00a0\u00a0\u00a0\u00a0\u00a0\u00a0\u00a0\u00a0<u>Datum der Anzeige<\/u>\u00a0: am 21. Juli 2020<\/em><\/p>\n<p><em>\u00a0<\/em><\/p>\n<p><strong><em><u>Tagesordnung :<\/u><\/em><\/strong><\/p>\n<p><em>\u00a0<\/em><em>\u00a0<\/em><em>Annahme des Protokolls der vorangegangenen Sitzung<\/em><\/p>\n<ul>\n<li><em>Mitteilungen des B\u00fcrgermeisters<\/em><\/li>\n<li><em>Ernennung eines Verteidigungsreferenten<\/em><\/li>\n<li><em>Einstellung von Personal (technischer Dienst) - Herr Damien RAMBERG<\/em><\/li>\n<li><em>Antrag von Frau BOURLET - Genehmigung f\u00fcr die Organisation eines Ehrenweins<\/em><\/li>\n<li><em>Punkt Kommissionen<\/em><\/li>\n<li><em>Verschiedene Fragen<\/em><\/li>\n<\/ul>\n<p>&nbsp;<\/p>\n<p><strong><em><u>Verabschiedung des Protokolls der vorherigen Sitzung<\/u><\/em><\/strong><\/p>\n<p><em>\u00a0<\/em><\/p>\n<p><em>Das Protokoll der vorangegangenen Sitzung, das jedem Mitglied des Gemeinderats vorab \u00fcbermittelt wurde, wurde einstimmig angenommen, da es keine Anmerkungen gab.<\/em><\/p>\n<p><strong><em><u>Mitteilungen des B\u00fcrgermeisters<\/u><\/em><\/strong><\/p>\n<p><strong><em>Agenda seit dem letzten Treffen <\/em><\/strong><\/p>\n<p><em>\u00a0<\/em><em>11. Juli: Treffen mit Herrn CHAMBELLAN - Vorstellung der ASA Vasterival<\/em><\/p>\n<p><em>18. Juli: Treffen mit dem B\u00fcrgermeister von St Aubin sur Mer bez\u00fcglich der Telefonabdeckung.<\/em><\/p>\n<p><em>31. Juli: Service Gestion des Espaces Naturels (K\u00fcstenpfad) - Entwicklung von Wanderwegen (Schleifen nach Schwierigkeitsgrad), Projekte auf bestimmten Grundst\u00fccken...<\/em><\/p>\n<p><em>\u00a0<\/em><em>In Bezug auf die Sitzungen des Gemeinderats der Agglomeration Dieppe (16. und 23. Juli dieses Jahres) informierte der B\u00fcrgermeister \u00fcber die Wahl von Herrn Patrick BOULIER zum Vorsitzenden. Er wies auch auf einige Neuerungen hin, insbesondere in Bezug auf die Einrichtung von Querschnittsaussch\u00fcssen (Attraktivit\u00e4t, Lebensqualit\u00e4t und digitaler \u00dcbergang).<\/em><\/p>\n<p><em>Einige Ratsmitglieder haben auch ihr Interesse an der Teilnahme an einigen Arbeitsgruppen bekundet: Frau CORNILLOT bez\u00fcglich des Tourismus, Frau MOUQUET bez\u00fcglich der Wassereinzugsgebiete, Herr de CONIHOUT bez\u00fcglich der digitalen Entwicklung und Herr HERITIER bez\u00fcglich der Kultur und des Kulturerbes.<\/em><\/p>\n<p><em>\u00a0<\/em><strong><em>\u00a0<\/em><\/strong><\/p>\n<p><strong><em>Kommende Agenda <\/em><\/strong><\/p>\n<p><em>\u00a0<\/em><em>6. August 14:30 Uhr: DDTM \/ PLU - Frau FOUGY <\/em><\/p>\n<p><em>21. August 16 Uhr: Abgeordneter Xavier Batut (nach dem Treffen mit dem B\u00fcrgermeister von St Aubin sur Mer): Vorstellung der Gemeinde<\/em><\/p>\n<p><em>24. August 18 Uhr: SMVOS-Treffen<\/em><\/p>\n<p><em>29. August 15 Uhr: AG ASA Vasterival<\/em><\/p>\n<p><em>5. September 12 Uhr: Abschiedsfeier von Frau Catherine Quessandier, Sekret\u00e4rin des Rathauses<\/em><\/p>\n<p><strong><em>\u00a0<\/em><\/strong><\/p>\n<p><em>\u00a0<\/em><em>Ankunft von Herrn David PETITON um 18:40 Uhr.<\/em><\/p>\n<p><em>\u00a0<\/em><\/p>\n<p><strong><em><u>Ernennung eines Verteidigungsreferenten<\/u><\/em><\/strong><\/p>\n<p><em>\u00a0<\/em><em>Im Anschluss an die Mitteilung des Centre du Service National de Rouen m\u00fcssen wir den Namen des Verteidigungskorrespondenten der Gemeinde \u00fcbermitteln.<\/em><\/p>\n<p><em>Die Verteidigungskorrespondenten erf\u00fcllen in erster Linie die Aufgabe, die B\u00fcrger ihrer Gemeinde \u00fcber Verteidigungsfragen zu informieren und zu sensibilisieren (Milit\u00e4rz\u00e4hlung, Journ\u00e9es d'Appel et de Pr\u00e9paration \u00e0 la D\u00e9fense...). Sie sind auch die bevorzugten Ansprechpartner f\u00fcr die zivilen und milit\u00e4rischen Beh\u00f6rden des Departements und der Region.<\/em><\/p>\n<p><em>Nach seiner Kandidatur wird Herr David PETITON einstimmig zum Verteidigungskorrespondenten f\u00fcr die Gemeinde ernannt.<\/em><\/p>\n<p><em>\u00a0<\/em><em>\u00a0<\/em><\/p>\n<p><strong><em><u>Einstellung von Personal - Herr Damien RAMBERG<\/u><\/em><\/strong><\/p>\n<p><em>\u00a0<\/em><em>Herr LEGROUT spricht die Akte von Herrn RAMBERG an.<\/em><\/p>\n<p><em>Dieser ist seit dem 04. Juni 2018 mit einem befristeten Vertrag bei den technischen Diensten besch\u00e4ftigt. Sein dritter befristeter Vertrag l\u00e4uft am 30. September 2020 aus und kann nicht verl\u00e4ngert werden. Eine Entscheidung muss dem Bediensteten mindestens einen Monat vor Ablauf des Vertrags zugestellt werden.<\/em><\/p>\n<p><em>Herr LEGROUT erkl\u00e4rt, dass der Umfang der zu erledigenden Aufgaben die Anwesenheit von drei Bediensteten erforderlich macht (Urlaubs- und Krankheitsvertretung, erh\u00f6hte Aktivit\u00e4t in der Sommersaison...). Der Agent ist bereit, sich zu engagieren und sich weiterzubilden.<\/em><\/p>\n<p><em>Das Centre de Gestion de la Fonction Publique (CDG) wurde kontaktiert, um die Einstufung (Dienstaltersstufe) f\u00fcr die Besoldungsgruppe des technischen Assistenten (1. Grad in Technik) zu erhalten. Sie m\u00fcssen noch die Berechnungen mit der \u00dcbernahme der vorherigen Dienste durchf\u00fchren.<\/em><\/p>\n<p><em>\u00a0<\/em><em>Bruttogehalt heute: 1539,45\u20ac ;<\/em><\/p>\n<p><em>Mindestbruttogehalt bei Eintritt in den Ruhestand ohne \u00dcbernahme der Dienstzeit: 1532,33 \u20ac.<\/em><\/p>\n<p><em>Maximales Bruttogehalt, das vom CDG angeboten werden kann - Stufe 5 - 1555,39 \u20ac.<\/em><\/p>\n<p><em>\u00a0<\/em><em>Aufgrund der sehr guten Leistungen von Herrn RAMBERG schl\u00e4gt Herr LEGROUT vor, dass Herr RAMBERG ab dem 1. Januar 2009 eine Stelle als Beamter auf Probe antritt.<sup>er<\/sup> Oktober 2020 in Kraft treten. Der Rat stimmt dem einstimmig zu.<\/em><\/p>\n<p><em>\u00a0<\/em><\/p>\n<p><em>\u00a0<\/em><strong><em><u>Antrag von Frau BOURLET - Genehmigung Ehrenwein<\/u><\/em><\/strong><\/p>\n<p><em>\u00a0<\/em><em>Das B\u00fcrgermeisteramt wurde von Frau BOURLET um die Erlaubnis gebeten, den Ehrenwein f\u00fcr ihre Hochzeit (am 05. Juni 2021 um ca. 17 Uhr) an der Strandpromenade auf der Rasenfl\u00e4che abzuhalten.<\/em><\/p>\n<p><em>\u00a0<\/em><em>Die Frage wurde in der Sitzung des Ausschusses \"Gemeindeleben\" angesprochen; die Meinungen sind geteilt. Es handelt sich um einen wertvollen Raum. Die Rasenfl\u00e4chen, die von Architekten angelegt wurden, um einen Vorsprung zum Meer zu schaffen, sind nach wie vor sehr empfindlich. Es handelt sich um einen \u00f6ffentlichen Raum, von dem alle profitieren k\u00f6nnen, vor allem \u00fcbrigens ab Juni, wenn der Andrang an den Wochenenden st\u00e4rker wird.<\/em><\/p>\n<p><em>\u00a0<\/em><em>Nach einer Diskussion beschlie\u00dft der Rat, den Antrag nicht positiv zu beantworten.<\/em><\/p>\n<p><em>\u00a0<\/em><em>\u00a0<\/em><\/p>\n<p><strong><em><u>Punkt Kommissionen<\/u><\/em><\/strong><\/p>\n<p><strong><em>Stadtplanung \/ PLU<\/em><\/strong><\/p>\n<p><em>\u00a0<\/em><em>Es fanden Ausschusssitzungen statt und es sind bereits Treffen mit der Direction D\u00e9partementale des Territoires et de la Mer am 6. August und ein zweites, noch zu best\u00e4tigendes Treffen mit der Firma EUCLYD (f\u00fcr die Erstellung der Akte) am 8. September vormittags geplant.<\/em><\/p>\n<p>&nbsp;<\/p>\n<p><strong><em>Kommunales Leben<\/em><\/strong><\/p>\n<p><em>\u00a0<\/em><em>Frau MOUQUET kam auf die Organisation des Essens f\u00fcr alte Menschen (am 29. November 2020) zur\u00fcck. Sie weist darauf hin, dass mehrere umliegende Gemeinden abgesagt haben. Herr B\u00fcrgermeister pl\u00e4diert daf\u00fcr, das Treffen beizubehalten, aber bei der Einladung den Hinweis \"unter Vorbehalt gesundheitspolizeilicher Ma\u00dfnahmen\" deutlich zu machen.<\/em><\/p>\n<p><em>\u00a0<\/em><\/p>\n<p><strong><em>Wartung<\/em><\/strong><\/p>\n<p><em>\u00a0<\/em><em>Die Anfragen bei verschiedenen Stellen bez\u00fcglich der Sicherung des Abstiegs zum Strand von Vasterival blieben ohne Reaktion. Der B\u00fcrgermeister weist darauf hin, dass die Arbeiten angesichts der Sommersaison und der Gef\u00e4hrlichkeit dringend erforderlich sind. Herr LEGROUT schl\u00e4gt eine Partnerschaft mit der Gemeinde Varengeville Sur Mer und das Anbringen von Pfosten und einem Seil vor, um ein Gel\u00e4nder entlang der Treppe zu errichten. Frau GAUTHIER-DARCET f\u00fcgte hinzu, dass dies eine Kostenteilung erm\u00f6glichen w\u00fcrde.<\/em><\/p>\n<p><em>Die Arbeiten sind daher f\u00fcr die Kalenderwoche 32 geplant und werden von den Gemeindearbeitern durchgef\u00fchrt.<\/em><\/p>\n<p><em>\u00a0<\/em><\/p>\n<p><strong><em><u>Verschiedene Fragen<\/u><\/em><\/strong><\/p>\n<p><em>Frau Catherine CORNILLOT erhielt den Antrag des Gesch\u00e4fts \"Chez C\u00e9line\" (ger\u00e4ucherter Lachs), einen Platz auf dem Markt zu bekommen. Der Rat best\u00e4tigte den Vorschlag und w\u00fcnschte, dass diese Art von Anfrage direkt von Herrn BOSQUET, dem Marktreferenten, bearbeitet wird.<\/em><\/p>\n<p><em>Der 05. September 2021 wurde als Datum f\u00fcr die Organisation eines Umtrunks anl\u00e4sslich der Pensionierung von Frau Catherine QUESSANDIER, Sekret\u00e4rin des B\u00fcrgermeisteramts, festgelegt.<\/em><\/p>\n<p><em>Herr HERITIER informiert den Rat, dass die Einladungskarten vorbereitet wurden und in K\u00fcrze verteilt werden.<\/em><\/p>\n<p><em>Nach Pr\u00fcfung der Vorschl\u00e4ge best\u00e4tigt der Gemeinderat einstimmig die \u00dcbergabe einer Geschenkkarte sowie die Bestellung eines Blumenstrau\u00dfes.<\/em><\/p>\n<p>&nbsp;<\/p>\n<p><em>Der B\u00fcrgermeister schlie\u00dft die Sitzung um 20.15 Uhr .<\/em><\/p>\n<p><em>\u00a0<\/em><\/p>\n<p><em>\u00a0<\/em><\/p>\n<p><em>F\u00fcr Auszug<\/em><\/p>\n<p><em>Beglaubigt<\/em><\/p>\n<p>&nbsp;<\/p>\n<p><strong><em>Der B\u00fcrgermeister,<\/em><\/strong><\/p>\n<p><strong><em>Olivier de CONIHOUT<\/em><\/strong><\/p>","protected":false},"excerpt":{"rendered":"<p>Protokoll der Sitzung des Gemeinderats Sitzung vom 31. Juli 2020 Im Jahr Zweitausendzwanzig, am Zehnten des Monats Juli, um Achtundneunzig Uhr, kam der ordnungsgem\u00e4\u00df einberufene Gemeinderat unter dem Vorsitz von Herrn Olivier de CONIHOUT, B\u00fcrgermeister, zu einer \u00f6ffentlichen Sitzung zusammen Anwesend waren: Die Herren Olivier de CONIHOUT, [...].<\/p>","protected":false},"author":5,"featured_media":0,"comment_status":"open","ping_status":"open","sticky":false,"template":"","format":"standard","meta":{"footnotes":""},"categories":[19],"tags":[],"class_list":["post-3454","post","type-post","status-publish","format-standard","hentry","category-affichage_municipal"],"yoast_head":"<!-- This site is optimized with the Yoast SEO plugin v25.3 - https:\/\/yoast.com\/wordpress\/plugins\/seo\/ -->\n<title>PROC\u00c8S-VERBAL DE LA R\u00c9UNION DU CONSEIL MUNICIPAL S\u00c9ANCE DU 31 JUILLET 2020 - Mairie de Sainte-Marguerite Sur Mer<\/title>\n<meta name=\"robots\" content=\"index, follow, max-snippet:-1, max-image-preview:large, max-video-preview:-1\" \/>\n<link rel=\"canonical\" href=\"https:\/\/www.ste-marguerite-sur-mer.fr\/de\/proces-verbal-de-la-reunion-du-conseil-municipal-seance-du-31-juillet-2020\/\" \/>\n<meta property=\"og:locale\" content=\"de_DE\" \/>\n<meta property=\"og:type\" content=\"article\" \/>\n<meta property=\"og:title\" content=\"PROC\u00c8S-VERBAL DE LA R\u00c9UNION DU CONSEIL MUNICIPAL S\u00c9ANCE DU 31 JUILLET 2020 - Mairie de Sainte-Marguerite Sur Mer\" \/>\n<meta property=\"og:description\" content=\"Proc\u00e8s-Verbal de la R\u00e9union du Conseil Municipal S\u00e9ance du 31 juillet 2020 &nbsp; L\u2019an deux mil VINGT, le DIX du mois de JUILLET, \u00e0 DIX-HUIT heures, le Conseil Municipal l\u00e9galement convoqu\u00e9 s\u2019est r\u00e9uni, en s\u00e9ance publique, sous la pr\u00e9sidence de Monsieur Olivier de CONIHOUT, Maire \u00a0Etaient pr\u00e9sents : Messieurs Olivier de CONIHOUT, [&hellip;]\" \/>\n<meta property=\"og:url\" content=\"https:\/\/www.ste-marguerite-sur-mer.fr\/de\/proces-verbal-de-la-reunion-du-conseil-municipal-seance-du-31-juillet-2020\/\" \/>\n<meta property=\"og:site_name\" content=\"Mairie de Sainte-Marguerite Sur Mer\" \/>\n<meta property=\"article:author\" content=\"www.facebook.com\/MairieSainteMargueritesurmer\" \/>\n<meta property=\"article:published_time\" content=\"2020-09-08T08:26:25+00:00\" \/>\n<meta name=\"author\" content=\"mairie.stemargueritesurmer@wanadoo.fr\" \/>\n<meta name=\"twitter:card\" content=\"summary_large_image\" \/>\n<meta name=\"twitter:label1\" content=\"Verfasst von\" \/>\n\t<meta name=\"twitter:data1\" content=\"mairie.stemargueritesurmer@wanadoo.fr\" \/>\n\t<meta name=\"twitter:label2\" content=\"Gesch\u00e4tzte Lesezeit\" \/>\n\t<meta name=\"twitter:data2\" content=\"6\u00a0Minuten\" \/>\n<script type=\"application\/ld+json\" class=\"yoast-schema-graph\">{\"@context\":\"https:\/\/schema.org\",\"@graph\":[{\"@type\":\"WebPage\",\"@id\":\"https:\/\/www.ste-marguerite-sur-mer.fr\/proces-verbal-de-la-reunion-du-conseil-municipal-seance-du-31-juillet-2020\/\",\"url\":\"https:\/\/www.ste-marguerite-sur-mer.fr\/proces-verbal-de-la-reunion-du-conseil-municipal-seance-du-31-juillet-2020\/\",\"name\":\"PROC\u00c8S-VERBAL DE LA R\u00c9UNION DU CONSEIL MUNICIPAL S\u00c9ANCE DU 31 JUILLET 2020 - Mairie de Sainte-Marguerite Sur Mer\",\"isPartOf\":{\"@id\":\"https:\/\/www.ste-marguerite-sur-mer.fr\/#website\"},\"datePublished\":\"2020-09-08T08:26:25+00:00\",\"author\":{\"@id\":\"https:\/\/www.ste-marguerite-sur-mer.fr\/#\/schema\/person\/4875f0d9570fa9643b4953b06cadbd28\"},\"breadcrumb\":{\"@id\":\"https:\/\/www.ste-marguerite-sur-mer.fr\/proces-verbal-de-la-reunion-du-conseil-municipal-seance-du-31-juillet-2020\/#breadcrumb\"},\"inLanguage\":\"de\",\"potentialAction\":[{\"@type\":\"ReadAction\",\"target\":[\"https:\/\/www.ste-marguerite-sur-mer.fr\/proces-verbal-de-la-reunion-du-conseil-municipal-seance-du-31-juillet-2020\/\"]}]},{\"@type\":\"BreadcrumbList\",\"@id\":\"https:\/\/www.ste-marguerite-sur-mer.fr\/proces-verbal-de-la-reunion-du-conseil-municipal-seance-du-31-juillet-2020\/#breadcrumb\",\"itemListElement\":[{\"@type\":\"ListItem\",\"position\":1,\"name\":\"Accueil\",\"item\":\"https:\/\/www.ste-marguerite-sur-mer.fr\/\"},{\"@type\":\"ListItem\",\"position\":2,\"name\":\"PROC\u00c8S-VERBAL DE LA R\u00c9UNION DU CONSEIL MUNICIPAL S\u00c9ANCE DU 31 JUILLET 2020\"}]},{\"@type\":\"WebSite\",\"@id\":\"https:\/\/www.ste-marguerite-sur-mer.fr\/#website\",\"url\":\"https:\/\/www.ste-marguerite-sur-mer.fr\/\",\"name\":\"Mairie de Sainte-Marguerite Sur Mer\",\"description\":\"commune de normandie\",\"potentialAction\":[{\"@type\":\"SearchAction\",\"target\":{\"@type\":\"EntryPoint\",\"urlTemplate\":\"https:\/\/www.ste-marguerite-sur-mer.fr\/?s={search_term_string}\"},\"query-input\":{\"@type\":\"PropertyValueSpecification\",\"valueRequired\":true,\"valueName\":\"search_term_string\"}}],\"inLanguage\":\"de\"},{\"@type\":\"Person\",\"@id\":\"https:\/\/www.ste-marguerite-sur-mer.fr\/#\/schema\/person\/4875f0d9570fa9643b4953b06cadbd28\",\"name\":\"mairie.stemargueritesurmer@wanadoo.fr\",\"image\":{\"@type\":\"ImageObject\",\"inLanguage\":\"de\",\"@id\":\"https:\/\/www.ste-marguerite-sur-mer.fr\/#\/schema\/person\/image\/\",\"url\":\"https:\/\/secure.gravatar.com\/avatar\/40ab497ab45615f9e8602bea4f1611c6cec0aa64725a35223b24c4c66a09055d?s=96&d=mm&r=g\",\"contentUrl\":\"https:\/\/secure.gravatar.com\/avatar\/40ab497ab45615f9e8602bea4f1611c6cec0aa64725a35223b24c4c66a09055d?s=96&d=mm&r=g\",\"caption\":\"mairie.stemargueritesurmer@wanadoo.fr\"},\"sameAs\":[\"www.facebook.com\/MairieSainteMargueritesurmer\"]}]}<\/script>\n<!-- \/ Yoast SEO plugin. -->","yoast_head_json":{"title":"PROC\u00c8S-VERBAL DE LA R\u00c9UNION DU CONSEIL MUNICIPAL S\u00c9ANCE DU 31 JUILLET 2020 - Mairie de Sainte-Marguerite Sur Mer","robots":{"index":"index","follow":"follow","max-snippet":"max-snippet:-1","max-image-preview":"max-image-preview:large","max-video-preview":"max-video-preview:-1"},"canonical":"https:\/\/www.ste-marguerite-sur-mer.fr\/de\/proces-verbal-de-la-reunion-du-conseil-municipal-seance-du-31-juillet-2020\/","og_locale":"de_DE","og_type":"article","og_title":"PROC\u00c8S-VERBAL DE LA R\u00c9UNION DU CONSEIL MUNICIPAL S\u00c9ANCE DU 31 JUILLET 2020 - Mairie de Sainte-Marguerite Sur Mer","og_description":"Proc\u00e8s-Verbal de la R\u00e9union du Conseil Municipal S\u00e9ance du 31 juillet 2020 &nbsp; L\u2019an deux mil VINGT, le DIX du mois de JUILLET, \u00e0 DIX-HUIT heures, le Conseil Municipal l\u00e9galement convoqu\u00e9 s\u2019est r\u00e9uni, en s\u00e9ance publique, sous la pr\u00e9sidence de Monsieur Olivier de CONIHOUT, Maire \u00a0Etaient pr\u00e9sents : Messieurs Olivier de CONIHOUT, [&hellip;]","og_url":"https:\/\/www.ste-marguerite-sur-mer.fr\/de\/proces-verbal-de-la-reunion-du-conseil-municipal-seance-du-31-juillet-2020\/","og_site_name":"Mairie de Sainte-Marguerite Sur Mer","article_author":"www.facebook.com\/MairieSainteMargueritesurmer","article_published_time":"2020-09-08T08:26:25+00:00","author":"mairie.stemargueritesurmer@wanadoo.fr","twitter_card":"summary_large_image","twitter_misc":{"Verfasst von":"mairie.stemargueritesurmer@wanadoo.fr","Gesch\u00e4tzte Lesezeit":"6\u00a0Minuten"},"schema":{"@context":"https:\/\/schema.org","@graph":[{"@type":"WebPage","@id":"https:\/\/www.ste-marguerite-sur-mer.fr\/proces-verbal-de-la-reunion-du-conseil-municipal-seance-du-31-juillet-2020\/","url":"https:\/\/www.ste-marguerite-sur-mer.fr\/proces-verbal-de-la-reunion-du-conseil-municipal-seance-du-31-juillet-2020\/","name":"PROC\u00c8S-VERBAL DE LA R\u00c9UNION DU CONSEIL MUNICIPAL S\u00c9ANCE DU 31 JUILLET 2020 - Mairie de Sainte-Marguerite Sur Mer","isPartOf":{"@id":"https:\/\/www.ste-marguerite-sur-mer.fr\/#website"},"datePublished":"2020-09-08T08:26:25+00:00","author":{"@id":"https:\/\/www.ste-marguerite-sur-mer.fr\/#\/schema\/person\/4875f0d9570fa9643b4953b06cadbd28"},"breadcrumb":{"@id":"https:\/\/www.ste-marguerite-sur-mer.fr\/proces-verbal-de-la-reunion-du-conseil-municipal-seance-du-31-juillet-2020\/#breadcrumb"},"inLanguage":"de","potentialAction":[{"@type":"ReadAction","target":["https:\/\/www.ste-marguerite-sur-mer.fr\/proces-verbal-de-la-reunion-du-conseil-municipal-seance-du-31-juillet-2020\/"]}]},{"@type":"BreadcrumbList","@id":"https:\/\/www.ste-marguerite-sur-mer.fr\/proces-verbal-de-la-reunion-du-conseil-municipal-seance-du-31-juillet-2020\/#breadcrumb","itemListElement":[{"@type":"ListItem","position":1,"name":"Accueil","item":"https:\/\/www.ste-marguerite-sur-mer.fr\/"},{"@type":"ListItem","position":2,"name":"PROC\u00c8S-VERBAL DE LA R\u00c9UNION DU CONSEIL MUNICIPAL S\u00c9ANCE DU 31 JUILLET 2020"}]},{"@type":"WebSite","@id":"https:\/\/www.ste-marguerite-sur-mer.fr\/#website","url":"https:\/\/www.ste-marguerite-sur-mer.fr\/","name":"Mairie de Sainte-Marguerite Sur Mer","description":"commune de normandie","potentialAction":[{"@type":"SearchAction","target":{"@type":"EntryPoint","urlTemplate":"https:\/\/www.ste-marguerite-sur-mer.fr\/?s={search_term_string}"},"query-input":{"@type":"PropertyValueSpecification","valueRequired":true,"valueName":"search_term_string"}}],"inLanguage":"de"},{"@type":"Person","@id":"https:\/\/www.ste-marguerite-sur-mer.fr\/#\/schema\/person\/4875f0d9570fa9643b4953b06cadbd28","name":"mairie.stemargueritesurmer@wanadoo.fr","image":{"@type":"ImageObject","inLanguage":"de","@id":"https:\/\/www.ste-marguerite-sur-mer.fr\/#\/schema\/person\/image\/","url":"https:\/\/secure.gravatar.com\/avatar\/40ab497ab45615f9e8602bea4f1611c6cec0aa64725a35223b24c4c66a09055d?s=96&d=mm&r=g","contentUrl":"https:\/\/secure.gravatar.com\/avatar\/40ab497ab45615f9e8602bea4f1611c6cec0aa64725a35223b24c4c66a09055d?s=96&d=mm&r=g","caption":"mairie.stemargueritesurmer@wanadoo.fr"},"sameAs":["www.facebook.com\/MairieSainteMargueritesurmer"]}]}},"_links":{"self":[{"href":"https:\/\/www.ste-marguerite-sur-mer.fr\/de\/wp-json\/wp\/v2\/posts\/3454","targetHints":{"allow":["GET"]}}],"collection":[{"href":"https:\/\/www.ste-marguerite-sur-mer.fr\/de\/wp-json\/wp\/v2\/posts"}],"about":[{"href":"https:\/\/www.ste-marguerite-sur-mer.fr\/de\/wp-json\/wp\/v2\/types\/post"}],"author":[{"embeddable":true,"href":"https:\/\/www.ste-marguerite-sur-mer.fr\/de\/wp-json\/wp\/v2\/users\/5"}],"replies":[{"embeddable":true,"href":"https:\/\/www.ste-marguerite-sur-mer.fr\/de\/wp-json\/wp\/v2\/comments?post=3454"}],"version-history":[{"count":1,"href":"https:\/\/www.ste-marguerite-sur-mer.fr\/de\/wp-json\/wp\/v2\/posts\/3454\/revisions"}],"predecessor-version":[{"id":3455,"href":"https:\/\/www.ste-marguerite-sur-mer.fr\/de\/wp-json\/wp\/v2\/posts\/3454\/revisions\/3455"}],"wp:attachment":[{"href":"https:\/\/www.ste-marguerite-sur-mer.fr\/de\/wp-json\/wp\/v2\/media?parent=3454"}],"wp:term":[{"taxonomy":"category","embeddable":true,"href":"https:\/\/www.ste-marguerite-sur-mer.fr\/de\/wp-json\/wp\/v2\/categories?post=3454"},{"taxonomy":"post_tag","embeddable":true,"href":"https:\/\/www.ste-marguerite-sur-mer.fr\/de\/wp-json\/wp\/v2\/tags?post=3454"}],"curies":[{"name":"wp","href":"https:\/\/api.w.org\/{rel}","templated":true}]}}