{"id":3456,"date":"2020-09-08T10:32:27","date_gmt":"2020-09-08T08:32:27","guid":{"rendered":"https:\/\/www.ste-marguerite-sur-mer.fr\/?p=3456"},"modified":"2020-10-01T09:54:47","modified_gmt":"2020-10-01T07:54:47","slug":"proces-verbal-de-la-reunion-du-conseil-municipal-seance-du-28-aout-2020","status":"publish","type":"post","link":"https:\/\/www.ste-marguerite-sur-mer.fr\/de\/proces-verbal-de-la-reunion-du-conseil-municipal-seance-du-28-aout-2020\/","title":{"rendered":"PROTOKOLL DER STADTRATSSITZUNG SITZUNG VOM 28. AUGUST 2020"},"content":{"rendered":"<div class=\"fusion-fullwidth fullwidth-box fusion-builder-row-1 nonhundred-percent-fullwidth non-hundred-percent-height-scrolling\" style=\"background-color: rgba(255,255,255,0);background-position: center center;background-repeat: no-repeat;padding-top:0px;padding-right:30px;padding-bottom:0px;padding-left:30px;margin-bottom: 0px;margin-top: 0px;border-width: 0px 0px 0px 0px;border-color:#e7e4e2;border-style:solid;\" ><div class=\"fusion-builder-row fusion-row\"><div class=\"fusion-layout-column fusion_builder_column fusion-builder-column-0 fusion_builder_column_1_1 1_1 fusion-one-full fusion-column-first fusion-column-last\" style=\"margin-top:0px;margin-bottom:0px;\"><div class=\"fusion-column-wrapper fusion-flex-column-wrapper-legacy\" style=\"background-position:left top;background-repeat:no-repeat;-webkit-background-size:cover;-moz-background-size:cover;-o-background-size:cover;background-size:cover;padding: 0px 0px 0px 0px;\"><div class=\"fusion-text fusion-text-1\"><p><strong><em><u>Protokoll der Sitzung des Gemeinderats<\/u><\/em><\/strong><\/p>\n<p><strong><em><u>Sitzung vom 28. August 2020<\/u><\/em><\/strong><\/p>\n<\/p>\n<p><em>Im Jahr zweitausendachtundzwanzig, am achtundzwanzigsten August um achtundneunzig Uhr trat der ordnungsgem\u00e4\u00df einberufene Gemeinderat unter dem Vorsitz von Herrn Olivier de CONIHOUT, B\u00fcrgermeister, zu einer \u00f6ffentlichen Sitzung zusammen.<\/em><\/p>\n<p><em> <\/em><em><u>Anwesend waren <\/u>: <\/em><\/p>\n<ul>\n<li><em>Herren Olivier de CONIHOUT, Francis LEGROUT, Jean-Fran\u00e7ois DEROIDE, Philippe BOSQUET, Christophe TIRARD,<\/em><\/li>\n<li><em>Damen V\u00e9ronique DEPREUX, Catherine CORNILLOT, Christine MOUQUET, Brigitte GAUTHIER-DARCET<\/em><\/li>\n<\/ul>\n<p><em> <\/em><em><u>Entschuldigte Abwesende <\/u>: Herren Philippe HERITIER, David PETITON<\/em><\/p>\n<p><em> <\/em><em><u>Befugnisse<\/u> : Herr Philippe HERITIER an Herrn Francis LEGROUT<\/em><\/p>\n<p><em>                 Herr David PETITON an Frau V\u00e9ronique DEPREUX<\/em><\/p>\n<p><em> <\/em><em> <\/em><\/p>\n<p><em>Herr Jean-Fran\u00e7ois DEROIDE wurde zum Sitzungssekret\u00e4r gew\u00e4hlt.<\/em><\/p>\n<p><em> <\/em><\/p>\n<p><em> <\/em><em><u>Datum der Einberufung<\/u> : am 18. August 2020              <u>Datum der Anzeige<\/u> : am 18. August 2020<\/em><\/p>\n<p><em> <\/em><\/p>\n<p><em> <\/em><span style=\"background-color: rgba(255, 255, 255, 0); color: var(--body_typography-color); font-family: var(--body_typography-font-family); font-size: var(--body_typography-font-size); font-weight: var(--body_typography-font-weight); letter-spacing: var(--body_typography-letter-spacing);\"><u style=\"\"><i>Tagesordnung<\/i><\/u><span style=\"font-style: var(--body_typography-font-style,normal);\"> :<\/span><\/span><\/p>\n<p>- Genehmigung des Protokolls der vorangegangenen Sitzung<\/p>\n<p>- Mitteilungen des B\u00fcrgermeisters<\/p>\n<p>- Projekte 2021 - Syndicat D\u00e9partemental d'Energies (Departementale Energiegenossenschaft)<\/p>\n<p>- Schaffung einer Stelle eines territorialen Redakteurs (Frau Magali LAFOREST)<\/p>\n<p>- \u00c4nderung des Beschlusses \u00fcber die Entsch\u00e4digungsregelung (Verwaltungsdienst)<\/p>\n<p>- Verschiedene Fragen<\/p>\n<\/p>\n<p><b>ANNAHME DES PROTOKOLLS DER VORANGEGANGENEN SITZUNG<\/b><\/p>\n<p>Das Protokoll der vorangegangenen Sitzung, das jedem Mitglied des Gemeinderats vorab \u00fcbermittelt wurde, wurde einstimmig angenommen, da es keine Anmerkungen gab.<\/p>\n<p><b>MITTEILUNGEN DES B\u00dcRGERMEISTERS<\/b><\/p>\n<p><i>Agenda seit dem letzten Treffen <\/i><\/p>\n<ul>\n<li>6. August 14:30 Uhr: Treffen DDTM \/ PLU - Frau FOUGY<\/li>\n<li><span style=\"background-color: rgba(255, 255, 255, 0); color: var(--body_typography-color); font-family: var(--body_typography-font-family); font-size: var(--body_typography-font-size); font-style: var(--body_typography-font-style,normal); font-weight: var(--body_typography-font-weight); letter-spacing: var(--body_typography-letter-spacing);\">19. August: Gedenkfeiern<\/span><\/li>\n<li>21. August 16 Uhr: Abgeordneter Xavier Batut (nach dem Treffen mit dem B\u00fcrgermeister von St Aubin sur Mer): Vorstellung der Gemeinde<\/li>\n<li>24. August 18 Uhr: SMVOS-Treffen<\/li>\n<\/ul>\n<p><i>Kommende Agenda <\/i><\/p>\n<ul>\n<li>29. August 15 Uhr: AG ASA Vasterival<\/li>\n<li>1. September 14.30 Uhr: Pressetermin - Sa\u00e2ne-Projekt<\/li>\n<li>3. September 18 Uhr: Sitzung des Syndicat des Bassins Versants (Wassereinzugsgebietsverband)<\/li>\n<li>5. September 12 Uhr: Abschiedsfeier von Frau Catherine Quessandier, Sekret\u00e4rin des Rathauses<\/li>\n<li>7. September 18 Uhr: Konferenz der B\u00fcrgermeister der Agglomeration Dieppe<\/li>\n<li>8. September 10.30 Uhr: Treffen mit EUCLYD (PLU)<\/li>\n<li>8. September 18 Uhr: Treffen der B\u00fcrgermeister (Sicherheit und \u00f6ffentliche Ordnung)<\/li>\n<li>9. September 18 Uhr: Rat des P\u00f4le d'\u00c9quilibre Territorial et Rural (Pol des territorialen und l\u00e4ndlichen Gleichgewichts)<\/li>\n<li>9. September 18 Uhr: GV CSLA<\/li>\n<li>10. September 10 Uhr: Besuch von Herrn JUMEL<\/li>\n<li>11. September 18 Uhr: Treffen der B\u00fcrgermeister von Seine-Maritime (ADM 76)<\/li>\n<li>22. September 18 Uhr: Konferenz der B\u00fcrgermeister der Agglomeration Dieppe<\/li>\n<\/ul>\n<p><b>Einl\u00f6sen von Schecks<\/b><\/p>\n<p>Die Gemeinde ist Empf\u00e4nger von 2 Schecks:<\/p>\n<p>- 100 \u20ac als Dankesch\u00f6n von Herrn BELHOMME f\u00fcr das Ausleihen von Teppichen, die ihm die Fortbewegung im Rollstuhl erm\u00f6glichen;<\/p>\n<p>- 500 \u20ac von der Association des Clochers de l'Ailly, gespendet infolge der Kirmes der 2 Kircht\u00fcrme am Sonntag, den 2. August 2020.<\/p>\n<p>Der Gemeinderat genehmigt einstimmig die Einl\u00f6sung dieser Schecks.<\/p>\n<p><b>Schaffung einer Stelle eines territorialen Redakteurs <\/b><\/p>\n<p>Die Stelle der Gemeindesekret\u00e4rin war zuvor in der Besoldungsgruppe eines Verwaltungsassistenten ausgeschrieben. Angesichts der Ankunft von Frau LAFOREST (Grad eines territorialen Redakteurs) am 1. September ist es notwendig, die Stelle des Verwaltungsassistenten zu schlie\u00dfen, um die Stelle im Grad eines Redakteurs neu zu schaffen.<\/p>\n<p>Der Rat best\u00e4tigt den Vorschlag einstimmig.<\/p>\n<p><b>\u00dcberarbeitung des Beschlusses \u00fcber die Entsch\u00e4digungsregelung (Verwaltungsdienst)<\/b><\/p>\n<p>Der B\u00fcrgermeister informiert den Rat, dass im Rahmen der Ankunft von Frau LAFOREST das Centre de Gestion eine \u00c4nderung des Beschlusses im Rahmen des RIFSEEP (R\u00e9gime Indemnitaire tenant compte des Fonctions, Suj\u00e9tions, Expertise et Engagement Professionnel) vorschreibt.<\/p>\n<p> Die staatliche Obergrenze f\u00fcr die Besoldungsgruppe des Redakteurs liegt bei 17 480 \u20ac. <\/p>\n<p>F\u00fcr die n\u00e4chste Beratung wird eine Obergrenze von 10.000 \u20ac vorgeschlagen (nach einer Finanzstudie).<\/p>\n<p>In Bezug auf den CIA (Compl\u00e9ment Indemnitaire Annuel) betr\u00e4gt die staatliche Obergrenze <\/p>\n<p>1 134 \u20ac. Die vorgeschlagene Obergrenze liegt bei 1.000 \u20ac.<\/p>\n<p>Der Erlass kann mit einem IFSE in H\u00f6he von 4000 \u20ac (monatlich ausgezahlt) und einem CIA in H\u00f6he von 400 \u20ac erstellt werden.<\/p>\n<\/p>\n<p>Der Rat best\u00e4tigt diese Vorschl\u00e4ge einstimmig.<\/p>\n<p><b>MITTEILUNGEN DER STELLVERTRETER<\/b><\/p>\n<p><b>Technischer Dienst<\/b><\/p>\n<p>Das Syndicat D\u00e9partemental d'Energies (SDE 76) hat uns seinen Projektaufruf f\u00fcr das Jahr 2021 zugesandt. Der Rat beauftragt Herrn LEGROUT, sich mit dem Syndikat in Verbindung zu setzen, um eine Bestandsaufnahme der laufenden Projekte vorzunehmen und die durchgef\u00fchrten Studien zu \u00fcberpr\u00fcfen. <\/p>\n<p>Au\u00dferdem wurde vom SDE ein Kostenvoranschlag f\u00fcr den Austausch eines Mastes der \u00f6ffentlichen Beleuchtung vorgelegt (der Mast war vor \u00fcber einem Monat aufgrund seines Alters umgefallen). Der Betrag bel\u00e4uft sich auf 1869,72 \u20ac (inkl. MwSt.).<\/p>\n<p>Es wurde eine Feststellung \u00fcber die Zeitsteuerung der Stra\u00dfenbeleuchtung gemacht: sp\u00e4tes Einschalten, zu fr\u00fches Ausschalten.<\/p>\n<p><b>Kommunikation<\/b><\/p>\n<p>Herr DEROIDE informiert den Rat \u00fcber die Verteilung des ersten Gemeindebriefs ab dem 1. September. Dieser viertelj\u00e4hrlich erscheinende Brief kann auch digital an die Einwohner verteilt werden, die sich daf\u00fcr entscheiden. Er f\u00fcgte hinzu, dass eine Facebook-Seite erstellt wird, die in K\u00fcrze ver\u00f6ffentlicht wird.<\/p>\n<p><b>VERSCHIEDENE FRAGEN<\/b><\/p>\n<p>Frau MOUQUET betonte, dass die Geschwindigkeitsbegrenzung auf 30 km\/h in Chemin des Ruguets und Chemin des Fr\u00eanes nicht eingehalten werde. Es gab zwar eine Bodenmarkierung, diese ist jedoch verblasst. <\/p>\n<p>Eine Erinnerung daran wird in dem demn\u00e4chst erscheinenden Gemeindebrief erfolgen. Frau CORNILLOT spricht auch die gleiche Beschr\u00e4nkung f\u00fcr den Weg unter den Bruy\u00e8res an.<\/p>\n<p>Es scheint interessant zu sein, eine \u00dcbersicht \u00fcber die Kosten f\u00fcr die Lieferung und Wartung von Strom zu erstellen. Frau GAUTHIER-DARCET und Frau LAFOREST wurden beauftragt, eine Studie \u00fcber drei Jahre zu erstellen.<\/p>\n<p>\t\t\t\t\tDer B\u00fcrgermeister schloss die Sitzung um 20.15 Uhr.<\/p>\n<\/p>\n<p><i>F\u00fcr einen beglaubigten Auszug<\/i><\/p>\n<p><i>Der B\u00fcrgermeister,<\/i><\/p>\n<p><i>Olivier de CONIHOUT<\/i><\/p>\n<\/div><div class=\"fusion-clearfix\"><\/div><\/div><\/div><\/div><\/div>","protected":false},"excerpt":{"rendered":"","protected":false},"author":5,"featured_media":0,"comment_status":"open","ping_status":"open","sticky":false,"template":"","format":"standard","meta":{"footnotes":""},"categories":[19],"tags":[],"class_list":["post-3456","post","type-post","status-publish","format-standard","hentry","category-affichage_municipal"],"yoast_head":"<!-- This site is optimized with the Yoast SEO plugin v25.3 - https:\/\/yoast.com\/wordpress\/plugins\/seo\/ -->\n<title>PROC\u00c8S-VERBAL DE LA R\u00c9UNION DU CONSEIL MUNICIPAL S\u00c9ANCE DU 28 AO\u00dbT 2020 - Mairie de Sainte-Marguerite Sur Mer<\/title>\n<meta name=\"robots\" content=\"index, follow, max-snippet:-1, max-image-preview:large, max-video-preview:-1\" \/>\n<link rel=\"canonical\" href=\"https:\/\/www.ste-marguerite-sur-mer.fr\/de\/proces-verbal-de-la-reunion-du-conseil-municipal-seance-du-28-aout-2020\/\" \/>\n<meta property=\"og:locale\" content=\"de_DE\" \/>\n<meta property=\"og:type\" content=\"article\" \/>\n<meta property=\"og:title\" content=\"PROC\u00c8S-VERBAL DE LA R\u00c9UNION DU CONSEIL MUNICIPAL S\u00c9ANCE DU 28 AO\u00dbT 2020 - Mairie de Sainte-Marguerite Sur Mer\" \/>\n<meta property=\"og:url\" content=\"https:\/\/www.ste-marguerite-sur-mer.fr\/de\/proces-verbal-de-la-reunion-du-conseil-municipal-seance-du-28-aout-2020\/\" \/>\n<meta property=\"og:site_name\" content=\"Mairie de Sainte-Marguerite Sur Mer\" \/>\n<meta property=\"article:author\" content=\"www.facebook.com\/MairieSainteMargueritesurmer\" \/>\n<meta property=\"article:published_time\" content=\"2020-09-08T08:32:27+00:00\" \/>\n<meta property=\"article:modified_time\" content=\"2020-10-01T07:54:47+00:00\" \/>\n<meta name=\"author\" content=\"mairie.stemargueritesurmer@wanadoo.fr\" \/>\n<meta name=\"twitter:card\" content=\"summary_large_image\" \/>\n<meta name=\"twitter:label1\" content=\"Verfasst von\" \/>\n\t<meta name=\"twitter:data1\" content=\"mairie.stemargueritesurmer@wanadoo.fr\" \/>\n\t<meta name=\"twitter:label2\" content=\"Gesch\u00e4tzte Lesezeit\" \/>\n\t<meta name=\"twitter:data2\" content=\"5\u00a0Minuten\" \/>\n<script type=\"application\/ld+json\" class=\"yoast-schema-graph\">{\"@context\":\"https:\/\/schema.org\",\"@graph\":[{\"@type\":\"WebPage\",\"@id\":\"https:\/\/www.ste-marguerite-sur-mer.fr\/proces-verbal-de-la-reunion-du-conseil-municipal-seance-du-28-aout-2020\/\",\"url\":\"https:\/\/www.ste-marguerite-sur-mer.fr\/proces-verbal-de-la-reunion-du-conseil-municipal-seance-du-28-aout-2020\/\",\"name\":\"PROC\u00c8S-VERBAL DE LA R\u00c9UNION DU CONSEIL MUNICIPAL S\u00c9ANCE DU 28 AO\u00dbT 2020 - Mairie de Sainte-Marguerite Sur Mer\",\"isPartOf\":{\"@id\":\"https:\/\/www.ste-marguerite-sur-mer.fr\/#website\"},\"datePublished\":\"2020-09-08T08:32:27+00:00\",\"dateModified\":\"2020-10-01T07:54:47+00:00\",\"author\":{\"@id\":\"https:\/\/www.ste-marguerite-sur-mer.fr\/#\/schema\/person\/4875f0d9570fa9643b4953b06cadbd28\"},\"breadcrumb\":{\"@id\":\"https:\/\/www.ste-marguerite-sur-mer.fr\/proces-verbal-de-la-reunion-du-conseil-municipal-seance-du-28-aout-2020\/#breadcrumb\"},\"inLanguage\":\"de\",\"potentialAction\":[{\"@type\":\"ReadAction\",\"target\":[\"https:\/\/www.ste-marguerite-sur-mer.fr\/proces-verbal-de-la-reunion-du-conseil-municipal-seance-du-28-aout-2020\/\"]}]},{\"@type\":\"BreadcrumbList\",\"@id\":\"https:\/\/www.ste-marguerite-sur-mer.fr\/proces-verbal-de-la-reunion-du-conseil-municipal-seance-du-28-aout-2020\/#breadcrumb\",\"itemListElement\":[{\"@type\":\"ListItem\",\"position\":1,\"name\":\"Accueil\",\"item\":\"https:\/\/www.ste-marguerite-sur-mer.fr\/\"},{\"@type\":\"ListItem\",\"position\":2,\"name\":\"PROC\u00c8S-VERBAL DE LA R\u00c9UNION DU CONSEIL MUNICIPAL S\u00c9ANCE DU 28 AO\u00dbT 2020\"}]},{\"@type\":\"WebSite\",\"@id\":\"https:\/\/www.ste-marguerite-sur-mer.fr\/#website\",\"url\":\"https:\/\/www.ste-marguerite-sur-mer.fr\/\",\"name\":\"Mairie de Sainte-Marguerite Sur Mer\",\"description\":\"commune de normandie\",\"potentialAction\":[{\"@type\":\"SearchAction\",\"target\":{\"@type\":\"EntryPoint\",\"urlTemplate\":\"https:\/\/www.ste-marguerite-sur-mer.fr\/?s={search_term_string}\"},\"query-input\":{\"@type\":\"PropertyValueSpecification\",\"valueRequired\":true,\"valueName\":\"search_term_string\"}}],\"inLanguage\":\"de\"},{\"@type\":\"Person\",\"@id\":\"https:\/\/www.ste-marguerite-sur-mer.fr\/#\/schema\/person\/4875f0d9570fa9643b4953b06cadbd28\",\"name\":\"mairie.stemargueritesurmer@wanadoo.fr\",\"image\":{\"@type\":\"ImageObject\",\"inLanguage\":\"de\",\"@id\":\"https:\/\/www.ste-marguerite-sur-mer.fr\/#\/schema\/person\/image\/\",\"url\":\"https:\/\/secure.gravatar.com\/avatar\/40ab497ab45615f9e8602bea4f1611c6cec0aa64725a35223b24c4c66a09055d?s=96&d=mm&r=g\",\"contentUrl\":\"https:\/\/secure.gravatar.com\/avatar\/40ab497ab45615f9e8602bea4f1611c6cec0aa64725a35223b24c4c66a09055d?s=96&d=mm&r=g\",\"caption\":\"mairie.stemargueritesurmer@wanadoo.fr\"},\"sameAs\":[\"www.facebook.com\/MairieSainteMargueritesurmer\"]}]}<\/script>\n<!-- \/ Yoast SEO plugin. -->","yoast_head_json":{"title":"PROC\u00c8S-VERBAL DE LA R\u00c9UNION DU CONSEIL MUNICIPAL S\u00c9ANCE DU 28 AO\u00dbT 2020 - Mairie de Sainte-Marguerite Sur Mer","robots":{"index":"index","follow":"follow","max-snippet":"max-snippet:-1","max-image-preview":"max-image-preview:large","max-video-preview":"max-video-preview:-1"},"canonical":"https:\/\/www.ste-marguerite-sur-mer.fr\/de\/proces-verbal-de-la-reunion-du-conseil-municipal-seance-du-28-aout-2020\/","og_locale":"de_DE","og_type":"article","og_title":"PROC\u00c8S-VERBAL DE LA R\u00c9UNION DU CONSEIL MUNICIPAL S\u00c9ANCE DU 28 AO\u00dbT 2020 - Mairie de Sainte-Marguerite Sur Mer","og_url":"https:\/\/www.ste-marguerite-sur-mer.fr\/de\/proces-verbal-de-la-reunion-du-conseil-municipal-seance-du-28-aout-2020\/","og_site_name":"Mairie de Sainte-Marguerite Sur Mer","article_author":"www.facebook.com\/MairieSainteMargueritesurmer","article_published_time":"2020-09-08T08:32:27+00:00","article_modified_time":"2020-10-01T07:54:47+00:00","author":"mairie.stemargueritesurmer@wanadoo.fr","twitter_card":"summary_large_image","twitter_misc":{"Verfasst von":"mairie.stemargueritesurmer@wanadoo.fr","Gesch\u00e4tzte Lesezeit":"5\u00a0Minuten"},"schema":{"@context":"https:\/\/schema.org","@graph":[{"@type":"WebPage","@id":"https:\/\/www.ste-marguerite-sur-mer.fr\/proces-verbal-de-la-reunion-du-conseil-municipal-seance-du-28-aout-2020\/","url":"https:\/\/www.ste-marguerite-sur-mer.fr\/proces-verbal-de-la-reunion-du-conseil-municipal-seance-du-28-aout-2020\/","name":"PROC\u00c8S-VERBAL DE LA R\u00c9UNION DU CONSEIL MUNICIPAL S\u00c9ANCE DU 28 AO\u00dbT 2020 - Mairie de Sainte-Marguerite Sur Mer","isPartOf":{"@id":"https:\/\/www.ste-marguerite-sur-mer.fr\/#website"},"datePublished":"2020-09-08T08:32:27+00:00","dateModified":"2020-10-01T07:54:47+00:00","author":{"@id":"https:\/\/www.ste-marguerite-sur-mer.fr\/#\/schema\/person\/4875f0d9570fa9643b4953b06cadbd28"},"breadcrumb":{"@id":"https:\/\/www.ste-marguerite-sur-mer.fr\/proces-verbal-de-la-reunion-du-conseil-municipal-seance-du-28-aout-2020\/#breadcrumb"},"inLanguage":"de","potentialAction":[{"@type":"ReadAction","target":["https:\/\/www.ste-marguerite-sur-mer.fr\/proces-verbal-de-la-reunion-du-conseil-municipal-seance-du-28-aout-2020\/"]}]},{"@type":"BreadcrumbList","@id":"https:\/\/www.ste-marguerite-sur-mer.fr\/proces-verbal-de-la-reunion-du-conseil-municipal-seance-du-28-aout-2020\/#breadcrumb","itemListElement":[{"@type":"ListItem","position":1,"name":"Accueil","item":"https:\/\/www.ste-marguerite-sur-mer.fr\/"},{"@type":"ListItem","position":2,"name":"PROC\u00c8S-VERBAL DE LA R\u00c9UNION DU CONSEIL MUNICIPAL S\u00c9ANCE DU 28 AO\u00dbT 2020"}]},{"@type":"WebSite","@id":"https:\/\/www.ste-marguerite-sur-mer.fr\/#website","url":"https:\/\/www.ste-marguerite-sur-mer.fr\/","name":"Mairie de Sainte-Marguerite Sur Mer","description":"commune de normandie","potentialAction":[{"@type":"SearchAction","target":{"@type":"EntryPoint","urlTemplate":"https:\/\/www.ste-marguerite-sur-mer.fr\/?s={search_term_string}"},"query-input":{"@type":"PropertyValueSpecification","valueRequired":true,"valueName":"search_term_string"}}],"inLanguage":"de"},{"@type":"Person","@id":"https:\/\/www.ste-marguerite-sur-mer.fr\/#\/schema\/person\/4875f0d9570fa9643b4953b06cadbd28","name":"mairie.stemargueritesurmer@wanadoo.fr","image":{"@type":"ImageObject","inLanguage":"de","@id":"https:\/\/www.ste-marguerite-sur-mer.fr\/#\/schema\/person\/image\/","url":"https:\/\/secure.gravatar.com\/avatar\/40ab497ab45615f9e8602bea4f1611c6cec0aa64725a35223b24c4c66a09055d?s=96&d=mm&r=g","contentUrl":"https:\/\/secure.gravatar.com\/avatar\/40ab497ab45615f9e8602bea4f1611c6cec0aa64725a35223b24c4c66a09055d?s=96&d=mm&r=g","caption":"mairie.stemargueritesurmer@wanadoo.fr"},"sameAs":["www.facebook.com\/MairieSainteMargueritesurmer"]}]}},"_links":{"self":[{"href":"https:\/\/www.ste-marguerite-sur-mer.fr\/de\/wp-json\/wp\/v2\/posts\/3456","targetHints":{"allow":["GET"]}}],"collection":[{"href":"https:\/\/www.ste-marguerite-sur-mer.fr\/de\/wp-json\/wp\/v2\/posts"}],"about":[{"href":"https:\/\/www.ste-marguerite-sur-mer.fr\/de\/wp-json\/wp\/v2\/types\/post"}],"author":[{"embeddable":true,"href":"https:\/\/www.ste-marguerite-sur-mer.fr\/de\/wp-json\/wp\/v2\/users\/5"}],"replies":[{"embeddable":true,"href":"https:\/\/www.ste-marguerite-sur-mer.fr\/de\/wp-json\/wp\/v2\/comments?post=3456"}],"version-history":[{"count":2,"href":"https:\/\/www.ste-marguerite-sur-mer.fr\/de\/wp-json\/wp\/v2\/posts\/3456\/revisions"}],"predecessor-version":[{"id":3490,"href":"https:\/\/www.ste-marguerite-sur-mer.fr\/de\/wp-json\/wp\/v2\/posts\/3456\/revisions\/3490"}],"wp:attachment":[{"href":"https:\/\/www.ste-marguerite-sur-mer.fr\/de\/wp-json\/wp\/v2\/media?parent=3456"}],"wp:term":[{"taxonomy":"category","embeddable":true,"href":"https:\/\/www.ste-marguerite-sur-mer.fr\/de\/wp-json\/wp\/v2\/categories?post=3456"},{"taxonomy":"post_tag","embeddable":true,"href":"https:\/\/www.ste-marguerite-sur-mer.fr\/de\/wp-json\/wp\/v2\/tags?post=3456"}],"curies":[{"name":"wp","href":"https:\/\/api.w.org\/{rel}","templated":true}]}}