{"id":3484,"date":"2020-09-08T11:54:18","date_gmt":"2020-09-08T09:54:18","guid":{"rendered":"https:\/\/www.ste-marguerite-sur-mer.fr\/?p=3484"},"modified":"2020-09-08T11:54:18","modified_gmt":"2020-09-08T09:54:18","slug":"journees-du-patrimoine-annulation-des-visites-du-phare-mesures-sanitaires","status":"publish","type":"post","link":"https:\/\/www.ste-marguerite-sur-mer.fr\/de\/journees-du-patrimoine-annulation-des-visites-du-phare-mesures-sanitaires\/","title":{"rendered":"Heritage Days - Absage der Besuche des Leuchtturms (Gesundheitsma\u00dfnahmen)"},"content":{"rendered":"<table class=\"mail-content-readonly-table\">\n<tbody>\n<tr>\n<td>\n<div id=\"message\" class=\"mail-content-read\">\n<div dir=\"ltr\">\n<div><\/div>\n<div>In Anbetracht der mit dem Covid 19 verbundenen Empfehlungen und der spezifischen Umgebung der besonderen Architektur des Leuchtturms von Ailly, die sehr einschr\u00e4nkende Merkmale hinsichtlich des verf\u00fcgbaren Raums aufweist, um den minimal notwendigen Abstand einzuhalten, sowohl f\u00fcr die Sicherheit des empfangenen Publikums als auch f\u00fcr die Sicherheit unserer ehrenamtlichen Mitglieder, haben wir kollegial beschlossen, die Besuche des Leuchtturms von Ailly f\u00fcr dieses Jahr abzusagen, in voller Verantwortung und trotz des Bedauerns, dass wir die Leidenschaft, die uns alle antreibt, nicht mit m\u00f6glichst vielen Menschen teilen k\u00f6nnen...<\/div>\n<div>Den \u00fcblichen Andrang von durchschnittlich 1500 Personen an zwei Tagen zu bew\u00e4ltigen, erschien uns v\u00f6llig unm\u00f6glich, um nicht zu sagen unrealistisch!...<\/div>\n<div><\/div>\n<div>Danke f\u00fcr Ihre bedingungslose Unterst\u00fctzung bei unseren Aktionen im Bereich Kultur, Kunst und Kulturerbe.<\/div>\n<div><\/div>\n<div>Mit freundlichen Gr\u00fc\u00dfen,<\/div>\n<div><\/div>\n<div>Ph. H\u00e9ritier,<\/div>\n<div>Vorsitzender,<\/div>\n<div><br clear=\"all\" \/><\/p>\n<div>\n<div class=\"gmail_signature\" dir=\"ltr\" data-smartmail=\"gmail_signature\">\n<div dir=\"ltr\">\n<div>\n<div dir=\"ltr\">\n<div>\n<div dir=\"ltr\">\n<div>\n<div dir=\"ltr\">\n<div><img decoding=\"async\" src=\"https:\/\/docs.google.com\/uc?export=download&amp;id=1dStXz9oaSxnZlef6x_OJoqWIA9_44frP&amp;revid=0B3cT39WogrgMNXNQRFZxVmpLZTRldlZXTUZKdnFhK2VSWDRrPQ\" width=\"96\" height=\"76\" \/><\/div>\n<div>2220 Stra\u00dfe zum Meer<\/div>\n<div>76119 Sainte Marguerite sur Mer<\/div>\n<div><a href=\"http:\/\/www.cap-ailly.com\/\" target=\"_blank\" rel=\"noopener noreferrer\">www.cap-ailly.com<\/a><\/div>\n<\/div>\n<\/div>\n<\/div>\n<\/div>\n<\/div>\n<\/div>\n<\/div>\n<\/div>\n<\/div>\n<\/div>\n<\/div>\n<\/div>\n<\/td>\n<\/tr>\n<\/tbody>\n<\/table>","protected":false},"excerpt":{"rendered":"<p>In Anbetracht der mit dem Covid 19 verbundenen Empfehlungen und der spezifischen Umgebung der besonderen Architektur des Leuchtturms von Ailly, die Merkmale aufweist, die den verf\u00fcgbaren Raum sehr einschr\u00e4nken, um die minimale Distanz einzuhalten, die sowohl f\u00fcr die Sicherheit des empfangenen Publikums als auch f\u00fcr die Sicherheit unserer ehrenamtlichen Mitglieder notwendig ist, haben wir kollegial beschlossen, f\u00fcr diese [...] abzusagen.<\/p>","protected":false},"author":5,"featured_media":0,"comment_status":"open","ping_status":"open","sticky":false,"template":"","format":"standard","meta":{"footnotes":""},"categories":[19],"tags":[],"class_list":["post-3484","post","type-post","status-publish","format-standard","hentry","category-affichage_municipal"],"yoast_head":"<!-- This site is optimized with the Yoast SEO plugin v25.3 - https:\/\/yoast.com\/wordpress\/plugins\/seo\/ -->\n<title>Journ\u00e9es du Patrimoine - Annulation des visites du Phare (mesures sanitaires) - Mairie de Sainte-Marguerite Sur Mer<\/title>\n<meta name=\"robots\" content=\"index, follow, max-snippet:-1, max-image-preview:large, max-video-preview:-1\" \/>\n<link rel=\"canonical\" href=\"https:\/\/www.ste-marguerite-sur-mer.fr\/de\/journees-du-patrimoine-annulation-des-visites-du-phare-mesures-sanitaires\/\" \/>\n<meta property=\"og:locale\" content=\"de_DE\" \/>\n<meta property=\"og:type\" content=\"article\" \/>\n<meta property=\"og:title\" content=\"Journ\u00e9es du Patrimoine - Annulation des visites du Phare (mesures sanitaires) - Mairie de Sainte-Marguerite Sur Mer\" \/>\n<meta property=\"og:description\" content=\"Au regard des pr\u00e9conisations li\u00e9es au covid 19, et\u00a0 \u00e0 l&rsquo;environnement\u00a0sp\u00e9cifique de l&rsquo;architecture sp\u00e9cifique du phare d&rsquo;Ailly qui pr\u00e9sente des caract\u00e9ristiques tr\u00e8s r\u00e9ductrices de l&rsquo;espace disponible\u00a0pour respecter la distanciation \u00e0 minima n\u00e9cessaire, tant\u00a0 \u00e0 la s\u00e9curit\u00e9 du public accueilli qu&rsquo;\u00e0 la s\u00e9curit\u00e9 de nos membres b\u00e9n\u00e9voles, nous avons d\u00e9cid\u00e9 coll\u00e9gialement\u00a0 d&rsquo;annuler\u00a0pour cette [&hellip;]\" \/>\n<meta property=\"og:url\" content=\"https:\/\/www.ste-marguerite-sur-mer.fr\/de\/journees-du-patrimoine-annulation-des-visites-du-phare-mesures-sanitaires\/\" \/>\n<meta property=\"og:site_name\" content=\"Mairie de Sainte-Marguerite Sur Mer\" \/>\n<meta property=\"article:author\" content=\"www.facebook.com\/MairieSainteMargueritesurmer\" \/>\n<meta property=\"article:published_time\" content=\"2020-09-08T09:54:18+00:00\" \/>\n<meta property=\"og:image\" content=\"https:\/\/docs.google.com\/uc?export=download&amp;id=1dStXz9oaSxnZlef6x_OJoqWIA9_44frP&amp;revid=0B3cT39WogrgMNXNQRFZxVmpLZTRldlZXTUZKdnFhK2VSWDRrPQ\" \/>\n<meta name=\"author\" content=\"mairie.stemargueritesurmer@wanadoo.fr\" \/>\n<meta name=\"twitter:card\" content=\"summary_large_image\" \/>\n<meta name=\"twitter:label1\" content=\"Verfasst von\" \/>\n\t<meta name=\"twitter:data1\" content=\"mairie.stemargueritesurmer@wanadoo.fr\" \/>\n\t<meta name=\"twitter:label2\" content=\"Gesch\u00e4tzte Lesezeit\" \/>\n\t<meta name=\"twitter:data2\" content=\"1\u00a0Minute\" \/>\n<script type=\"application\/ld+json\" class=\"yoast-schema-graph\">{\"@context\":\"https:\/\/schema.org\",\"@graph\":[{\"@type\":\"WebPage\",\"@id\":\"https:\/\/www.ste-marguerite-sur-mer.fr\/journees-du-patrimoine-annulation-des-visites-du-phare-mesures-sanitaires\/\",\"url\":\"https:\/\/www.ste-marguerite-sur-mer.fr\/journees-du-patrimoine-annulation-des-visites-du-phare-mesures-sanitaires\/\",\"name\":\"Journ\u00e9es du Patrimoine - Annulation des visites du Phare (mesures sanitaires) - Mairie de Sainte-Marguerite Sur Mer\",\"isPartOf\":{\"@id\":\"https:\/\/www.ste-marguerite-sur-mer.fr\/#website\"},\"primaryImageOfPage\":{\"@id\":\"https:\/\/www.ste-marguerite-sur-mer.fr\/journees-du-patrimoine-annulation-des-visites-du-phare-mesures-sanitaires\/#primaryimage\"},\"image\":{\"@id\":\"https:\/\/www.ste-marguerite-sur-mer.fr\/journees-du-patrimoine-annulation-des-visites-du-phare-mesures-sanitaires\/#primaryimage\"},\"thumbnailUrl\":\"https:\/\/docs.google.com\/uc?export=download&amp;id=1dStXz9oaSxnZlef6x_OJoqWIA9_44frP&amp;revid=0B3cT39WogrgMNXNQRFZxVmpLZTRldlZXTUZKdnFhK2VSWDRrPQ\",\"datePublished\":\"2020-09-08T09:54:18+00:00\",\"author\":{\"@id\":\"https:\/\/www.ste-marguerite-sur-mer.fr\/#\/schema\/person\/4875f0d9570fa9643b4953b06cadbd28\"},\"breadcrumb\":{\"@id\":\"https:\/\/www.ste-marguerite-sur-mer.fr\/journees-du-patrimoine-annulation-des-visites-du-phare-mesures-sanitaires\/#breadcrumb\"},\"inLanguage\":\"de\",\"potentialAction\":[{\"@type\":\"ReadAction\",\"target\":[\"https:\/\/www.ste-marguerite-sur-mer.fr\/journees-du-patrimoine-annulation-des-visites-du-phare-mesures-sanitaires\/\"]}]},{\"@type\":\"ImageObject\",\"inLanguage\":\"de\",\"@id\":\"https:\/\/www.ste-marguerite-sur-mer.fr\/journees-du-patrimoine-annulation-des-visites-du-phare-mesures-sanitaires\/#primaryimage\",\"url\":\"https:\/\/docs.google.com\/uc?export=download&amp;id=1dStXz9oaSxnZlef6x_OJoqWIA9_44frP&amp;revid=0B3cT39WogrgMNXNQRFZxVmpLZTRldlZXTUZKdnFhK2VSWDRrPQ\",\"contentUrl\":\"https:\/\/docs.google.com\/uc?export=download&amp;id=1dStXz9oaSxnZlef6x_OJoqWIA9_44frP&amp;revid=0B3cT39WogrgMNXNQRFZxVmpLZTRldlZXTUZKdnFhK2VSWDRrPQ\"},{\"@type\":\"BreadcrumbList\",\"@id\":\"https:\/\/www.ste-marguerite-sur-mer.fr\/journees-du-patrimoine-annulation-des-visites-du-phare-mesures-sanitaires\/#breadcrumb\",\"itemListElement\":[{\"@type\":\"ListItem\",\"position\":1,\"name\":\"Accueil\",\"item\":\"https:\/\/www.ste-marguerite-sur-mer.fr\/\"},{\"@type\":\"ListItem\",\"position\":2,\"name\":\"Journ\u00e9es du Patrimoine &#8211; Annulation des visites du Phare (mesures sanitaires)\"}]},{\"@type\":\"WebSite\",\"@id\":\"https:\/\/www.ste-marguerite-sur-mer.fr\/#website\",\"url\":\"https:\/\/www.ste-marguerite-sur-mer.fr\/\",\"name\":\"Mairie de Sainte-Marguerite Sur Mer\",\"description\":\"commune de normandie\",\"potentialAction\":[{\"@type\":\"SearchAction\",\"target\":{\"@type\":\"EntryPoint\",\"urlTemplate\":\"https:\/\/www.ste-marguerite-sur-mer.fr\/?s={search_term_string}\"},\"query-input\":{\"@type\":\"PropertyValueSpecification\",\"valueRequired\":true,\"valueName\":\"search_term_string\"}}],\"inLanguage\":\"de\"},{\"@type\":\"Person\",\"@id\":\"https:\/\/www.ste-marguerite-sur-mer.fr\/#\/schema\/person\/4875f0d9570fa9643b4953b06cadbd28\",\"name\":\"mairie.stemargueritesurmer@wanadoo.fr\",\"image\":{\"@type\":\"ImageObject\",\"inLanguage\":\"de\",\"@id\":\"https:\/\/www.ste-marguerite-sur-mer.fr\/#\/schema\/person\/image\/\",\"url\":\"https:\/\/secure.gravatar.com\/avatar\/40ab497ab45615f9e8602bea4f1611c6cec0aa64725a35223b24c4c66a09055d?s=96&d=mm&r=g\",\"contentUrl\":\"https:\/\/secure.gravatar.com\/avatar\/40ab497ab45615f9e8602bea4f1611c6cec0aa64725a35223b24c4c66a09055d?s=96&d=mm&r=g\",\"caption\":\"mairie.stemargueritesurmer@wanadoo.fr\"},\"sameAs\":[\"www.facebook.com\/MairieSainteMargueritesurmer\"]}]}<\/script>\n<!-- \/ Yoast SEO plugin. -->","yoast_head_json":{"title":"Journ\u00e9es du Patrimoine - Annulation des visites du Phare (mesures sanitaires) - Mairie de Sainte-Marguerite Sur Mer","robots":{"index":"index","follow":"follow","max-snippet":"max-snippet:-1","max-image-preview":"max-image-preview:large","max-video-preview":"max-video-preview:-1"},"canonical":"https:\/\/www.ste-marguerite-sur-mer.fr\/de\/journees-du-patrimoine-annulation-des-visites-du-phare-mesures-sanitaires\/","og_locale":"de_DE","og_type":"article","og_title":"Journ\u00e9es du Patrimoine - Annulation des visites du Phare (mesures sanitaires) - Mairie de Sainte-Marguerite Sur Mer","og_description":"Au regard des pr\u00e9conisations li\u00e9es au covid 19, et\u00a0 \u00e0 l&rsquo;environnement\u00a0sp\u00e9cifique de l&rsquo;architecture sp\u00e9cifique du phare d&rsquo;Ailly qui pr\u00e9sente des caract\u00e9ristiques tr\u00e8s r\u00e9ductrices de l&rsquo;espace disponible\u00a0pour respecter la distanciation \u00e0 minima n\u00e9cessaire, tant\u00a0 \u00e0 la s\u00e9curit\u00e9 du public accueilli qu&rsquo;\u00e0 la s\u00e9curit\u00e9 de nos membres b\u00e9n\u00e9voles, nous avons d\u00e9cid\u00e9 coll\u00e9gialement\u00a0 d&rsquo;annuler\u00a0pour cette [&hellip;]","og_url":"https:\/\/www.ste-marguerite-sur-mer.fr\/de\/journees-du-patrimoine-annulation-des-visites-du-phare-mesures-sanitaires\/","og_site_name":"Mairie de Sainte-Marguerite Sur Mer","article_author":"www.facebook.com\/MairieSainteMargueritesurmer","article_published_time":"2020-09-08T09:54:18+00:00","og_image":[{"url":"https:\/\/docs.google.com\/uc?export=download&amp;id=1dStXz9oaSxnZlef6x_OJoqWIA9_44frP&amp;revid=0B3cT39WogrgMNXNQRFZxVmpLZTRldlZXTUZKdnFhK2VSWDRrPQ","type":"","width":"","height":""}],"author":"mairie.stemargueritesurmer@wanadoo.fr","twitter_card":"summary_large_image","twitter_misc":{"Verfasst von":"mairie.stemargueritesurmer@wanadoo.fr","Gesch\u00e4tzte Lesezeit":"1\u00a0Minute"},"schema":{"@context":"https:\/\/schema.org","@graph":[{"@type":"WebPage","@id":"https:\/\/www.ste-marguerite-sur-mer.fr\/journees-du-patrimoine-annulation-des-visites-du-phare-mesures-sanitaires\/","url":"https:\/\/www.ste-marguerite-sur-mer.fr\/journees-du-patrimoine-annulation-des-visites-du-phare-mesures-sanitaires\/","name":"Journ\u00e9es du Patrimoine - Annulation des visites du Phare (mesures sanitaires) - Mairie de Sainte-Marguerite Sur Mer","isPartOf":{"@id":"https:\/\/www.ste-marguerite-sur-mer.fr\/#website"},"primaryImageOfPage":{"@id":"https:\/\/www.ste-marguerite-sur-mer.fr\/journees-du-patrimoine-annulation-des-visites-du-phare-mesures-sanitaires\/#primaryimage"},"image":{"@id":"https:\/\/www.ste-marguerite-sur-mer.fr\/journees-du-patrimoine-annulation-des-visites-du-phare-mesures-sanitaires\/#primaryimage"},"thumbnailUrl":"https:\/\/docs.google.com\/uc?export=download&amp;id=1dStXz9oaSxnZlef6x_OJoqWIA9_44frP&amp;revid=0B3cT39WogrgMNXNQRFZxVmpLZTRldlZXTUZKdnFhK2VSWDRrPQ","datePublished":"2020-09-08T09:54:18+00:00","author":{"@id":"https:\/\/www.ste-marguerite-sur-mer.fr\/#\/schema\/person\/4875f0d9570fa9643b4953b06cadbd28"},"breadcrumb":{"@id":"https:\/\/www.ste-marguerite-sur-mer.fr\/journees-du-patrimoine-annulation-des-visites-du-phare-mesures-sanitaires\/#breadcrumb"},"inLanguage":"de","potentialAction":[{"@type":"ReadAction","target":["https:\/\/www.ste-marguerite-sur-mer.fr\/journees-du-patrimoine-annulation-des-visites-du-phare-mesures-sanitaires\/"]}]},{"@type":"ImageObject","inLanguage":"de","@id":"https:\/\/www.ste-marguerite-sur-mer.fr\/journees-du-patrimoine-annulation-des-visites-du-phare-mesures-sanitaires\/#primaryimage","url":"https:\/\/docs.google.com\/uc?export=download&amp;id=1dStXz9oaSxnZlef6x_OJoqWIA9_44frP&amp;revid=0B3cT39WogrgMNXNQRFZxVmpLZTRldlZXTUZKdnFhK2VSWDRrPQ","contentUrl":"https:\/\/docs.google.com\/uc?export=download&amp;id=1dStXz9oaSxnZlef6x_OJoqWIA9_44frP&amp;revid=0B3cT39WogrgMNXNQRFZxVmpLZTRldlZXTUZKdnFhK2VSWDRrPQ"},{"@type":"BreadcrumbList","@id":"https:\/\/www.ste-marguerite-sur-mer.fr\/journees-du-patrimoine-annulation-des-visites-du-phare-mesures-sanitaires\/#breadcrumb","itemListElement":[{"@type":"ListItem","position":1,"name":"Accueil","item":"https:\/\/www.ste-marguerite-sur-mer.fr\/"},{"@type":"ListItem","position":2,"name":"Journ\u00e9es du Patrimoine &#8211; Annulation des visites du Phare (mesures sanitaires)"}]},{"@type":"WebSite","@id":"https:\/\/www.ste-marguerite-sur-mer.fr\/#website","url":"https:\/\/www.ste-marguerite-sur-mer.fr\/","name":"Mairie de Sainte-Marguerite Sur Mer","description":"commune de normandie","potentialAction":[{"@type":"SearchAction","target":{"@type":"EntryPoint","urlTemplate":"https:\/\/www.ste-marguerite-sur-mer.fr\/?s={search_term_string}"},"query-input":{"@type":"PropertyValueSpecification","valueRequired":true,"valueName":"search_term_string"}}],"inLanguage":"de"},{"@type":"Person","@id":"https:\/\/www.ste-marguerite-sur-mer.fr\/#\/schema\/person\/4875f0d9570fa9643b4953b06cadbd28","name":"mairie.stemargueritesurmer@wanadoo.fr","image":{"@type":"ImageObject","inLanguage":"de","@id":"https:\/\/www.ste-marguerite-sur-mer.fr\/#\/schema\/person\/image\/","url":"https:\/\/secure.gravatar.com\/avatar\/40ab497ab45615f9e8602bea4f1611c6cec0aa64725a35223b24c4c66a09055d?s=96&d=mm&r=g","contentUrl":"https:\/\/secure.gravatar.com\/avatar\/40ab497ab45615f9e8602bea4f1611c6cec0aa64725a35223b24c4c66a09055d?s=96&d=mm&r=g","caption":"mairie.stemargueritesurmer@wanadoo.fr"},"sameAs":["www.facebook.com\/MairieSainteMargueritesurmer"]}]}},"_links":{"self":[{"href":"https:\/\/www.ste-marguerite-sur-mer.fr\/de\/wp-json\/wp\/v2\/posts\/3484","targetHints":{"allow":["GET"]}}],"collection":[{"href":"https:\/\/www.ste-marguerite-sur-mer.fr\/de\/wp-json\/wp\/v2\/posts"}],"about":[{"href":"https:\/\/www.ste-marguerite-sur-mer.fr\/de\/wp-json\/wp\/v2\/types\/post"}],"author":[{"embeddable":true,"href":"https:\/\/www.ste-marguerite-sur-mer.fr\/de\/wp-json\/wp\/v2\/users\/5"}],"replies":[{"embeddable":true,"href":"https:\/\/www.ste-marguerite-sur-mer.fr\/de\/wp-json\/wp\/v2\/comments?post=3484"}],"version-history":[{"count":1,"href":"https:\/\/www.ste-marguerite-sur-mer.fr\/de\/wp-json\/wp\/v2\/posts\/3484\/revisions"}],"predecessor-version":[{"id":3485,"href":"https:\/\/www.ste-marguerite-sur-mer.fr\/de\/wp-json\/wp\/v2\/posts\/3484\/revisions\/3485"}],"wp:attachment":[{"href":"https:\/\/www.ste-marguerite-sur-mer.fr\/de\/wp-json\/wp\/v2\/media?parent=3484"}],"wp:term":[{"taxonomy":"category","embeddable":true,"href":"https:\/\/www.ste-marguerite-sur-mer.fr\/de\/wp-json\/wp\/v2\/categories?post=3484"},{"taxonomy":"post_tag","embeddable":true,"href":"https:\/\/www.ste-marguerite-sur-mer.fr\/de\/wp-json\/wp\/v2\/tags?post=3484"}],"curies":[{"name":"wp","href":"https:\/\/api.w.org\/{rel}","templated":true}]}}