{"id":3496,"date":"2020-10-01T10:19:05","date_gmt":"2020-10-01T08:19:05","guid":{"rendered":"https:\/\/www.ste-marguerite-sur-mer.fr\/?p=3496"},"modified":"2020-10-01T10:19:05","modified_gmt":"2020-10-01T08:19:05","slug":"proces-verbal-de-la-reunion-du-conseil-municipal-seance-du-25-septembre-2020-2","status":"publish","type":"post","link":"https:\/\/www.ste-marguerite-sur-mer.fr\/de\/proces-verbal-de-la-reunion-du-conseil-municipal-seance-du-25-septembre-2020-2\/","title":{"rendered":"PROTOKOLL DER SITZUNG DES GEMEINDERATS - SITZUNG VOM 25. SEPTEMBER 2020"},"content":{"rendered":"<p><em>Im Jahr zweitausendzwanzig, am F\u00dcNFZEHNTEN SEPTEMBER, um ACHTZEHN Uhr kam der ordnungsgem\u00e4\u00df einberufene Gemeinderat unter dem Vorsitz von Herrn Olivier de CONIHOUT, B\u00fcrgermeister, zu einer \u00f6ffentlichen Sitzung zusammen.<\/em><\/p>\n<p><em>\u00a0<\/em><\/p>\n<p><em><u>Anwesend waren <\/u>: <\/em><\/p>\n<p><em>Herren Olivier de CONIHOUT, Francis LEGROUT, Jean-Fran\u00e7ois DEROIDE, Philippe BOSQUET, Christophe TIRARD, Philippe HERITIER, David PETITON<\/em><\/p>\n<p><em>Damen V\u00e9ronique DEPREUX, Catherine CORNILLOT, Christine MOUQUET, Brigitte GAUTHIER-DARCET<\/em><\/p>\n<p><em>\u00a0<\/em><em>\u00a0<\/em><\/p>\n<p><em>Herr Jean-Fran\u00e7ois DEROIDE wurde zum Sitzungssekret\u00e4r gew\u00e4hlt.<\/em><\/p>\n<p><em>\u00a0<\/em><\/p>\n<p><em><u>Datum der Einberufung<\/u>\u00a0: am 18. September 2020\u00a0\u00a0\u00a0\u00a0\u00a0\u00a0\u00a0\u00a0 \u00a0\u00a0\u00a0\u00a0\u00a0\u00a0\u00a0\u00a0<u>Datum der Anzeige<\/u>\u00a0: am 18. September 2020<\/em><\/p>\n<p><em>\u00a0<\/em><\/p>\n<p><em>\u00a0<\/em><strong><em><u>Tagesordnung<\/u><\/em><\/strong><strong><em>\u00a0:<\/em><\/strong><em>\u00a0<\/em><\/p>\n<ul>\n<li><em>Genehmigung des Protokolls der vorangegangenen Sitzung<\/em><\/li>\n<li><em>Mitteilungen des B\u00fcrgermeisters<\/em><\/li>\n<li><em>Projekte 2021 - Syndicat D\u00e9partemental d'Energies (SDE)<\/em><\/li>\n<li><em>Beitritt zum Zweckverband f\u00fcr den Einkauf von Energielieferungen und damit verbundenen Dienstleistungen (SDE)<\/em><\/li>\n<li><em>Schaffung einer Dauerstelle im technischen Dienst (Praktikum von Herrn RAMBERG)<\/em><\/li>\n<li><em>\u00c4nderung des Beschlusses \u00fcber die Entsch\u00e4digungsregelung (Verwaltungsdienst)<\/em><\/li>\n<li><em>Verschiedene Fragen<\/em><\/li>\n<\/ul>\n<p><em>\u00a0<\/em><\/p>\n<p><em>\u00a0<\/em><\/p>\n<p><strong><em><u>Verabschiedung des Protokolls der vorherigen Sitzung<\/u><\/em><\/strong><\/p>\n<p><em>\u00a0<\/em><em>Das Protokoll der vorangegangenen Sitzung, das jedem Mitglied des Gemeinderats vorab \u00fcbermittelt wurde, wurde einstimmig angenommen, da es keine Anmerkungen gab.<\/em><\/p>\n<p><em>\u00a0<\/em><\/p>\n<p><strong><em><u>Mitteilungen des B\u00fcrgermeisters<\/u><\/em><\/strong><\/p>\n<p><strong><em>Agenda seit dem letzten Treffen <\/em><\/strong><\/p>\n<p><strong><em>\u00a0<\/em><\/strong><em>29. August 15 Uhr: AG ASA Vasterival<\/em><\/p>\n<p><em>1<sup>er<\/sup> September 14.30 Uhr: Pressetermin - Sa\u00e2ne-Projekt<\/em><\/p>\n<p><em>5. September 12 Uhr: Abschiedsfeier von Frau Catherine Quessandier, Sekret\u00e4rin des Rathauses<\/em><\/p>\n<p><em>7. September 18 Uhr: Konferenz der B\u00fcrgermeister der Agglomeration Dieppe<\/em><\/p>\n<p><em>8. September 10.30 Uhr: Treffen mit EUCLYD (PLU)<\/em><\/p>\n<p><em>8. September 18 Uhr: Treffen der B\u00fcrgermeister (Sicherheit und \u00f6ffentliche Ordnung)<\/em><\/p>\n<p><em>9. September 18 Uhr: GV CSLA<\/em><\/p>\n<p><em>11. September 18 Uhr: Treffen der B\u00fcrgermeister von Seine-Maritime (ADM 76)<\/em><\/p>\n<p><em>18. September: Beerdigung von Herrn Didier GUEROUT<\/em><\/p>\n<p><em>25. September 16 Uhr: Besichtigung der Kirche<\/em><\/p>\n<p><strong><em>\u00a0<\/em><\/strong><strong><em>Kommende Agenda <\/em><\/strong><\/p>\n<p><em>\u00a0<\/em><em>27. September: Senatswahlen<\/em><\/p>\n<p><em>28. September 10.30 Uhr: Treffen mit Herrn JUMEL, Abgeordneter <\/em><\/p>\n<p><em>28. September 18 Uhr: SMVOS-Treffen in Longueil (Rahmenabkommen)<\/em><\/p>\n<p><em>29. September 14 Uhr: SCOT-Treffen (Sch\u00e9ma de COh\u00e9rence Territoriale)<\/em><\/p>\n<p><em>29. September 18 Uhr: Gemeinderat der Agglomeration Dieppe<\/em><\/p>\n<p><em>30. September 9.30 Uhr: Austauschtreffen mit der DDR von Envermeu (Offranville)<\/em><\/p>\n<p><em>2. Oktober 15 Uhr: Informationsveranstaltung \u00fcber den R\u00fcckgang der K\u00fcstenlinie (Petit Caux)<\/em><\/p>\n<p><em>8. Oktober 9 Uhr: Treffen der Wassereinzugsgebiete (Herr LEGROUT)<\/em><\/p>\n<p><em>9. Oktober 14 Uhr: Service Architecture et Urbanisme de l'Agglom\u00e9ration (Frau DEPREUX)<\/em><\/p>\n<p><em>13. Oktober 9:30 Uhr: Generalversammlung des Comit\u00e9 d D\u00e9veloppement du Tourisme et des Sports nautiques (Komitee f\u00fcr die Entwicklung von Tourismus und Wassersport)<\/em><\/p>\n<p><em>14. Oktober 10 Uhr: Workshop der Gebiete + Mittagessen der gew\u00e4hlten Vertreter<\/em><\/p>\n<p><em>15. Oktober 14.30 Uhr: Rat f\u00fcr Architektur, St\u00e4dtebau und Umwelt (CAUE) Bungalowzone (Frau DEPREUX)<\/em><\/p>\n<p><em>\u00a0<\/em><\/p>\n<p><em>Die n\u00e4chste Sitzung des Gemeinderats der Agglomeration Dieppe findet am Dienstag, den 29. September statt.<\/em><\/p>\n<p><em>Auf der Tagesordnung steht die Ernennung verschiedener Vertreter f\u00fcr Gewerkschaften oder Aussch\u00fcsse.<\/em><\/p>\n<p><em>Die Gemeinde wird um einen Sitz in bestimmten Punkten gebeten. Der B\u00fcrgermeister informiert den Rat und sammelt die W\u00fcnsche aller f\u00fcr eine m\u00f6gliche Positionierung. Die folgende Vertretung des Gemeinderats wird vereinbart:<\/em><\/p>\n<ul>\n<li><em>Lokale Kommission zur Bewertung der \u00fcbertragenen Lasten: Herr Philippe BOSQUET<\/em><\/li>\n<li><em>Interkommunale Kommission f\u00fcr direkte Steuern: Mitglied - Herr Philippe BOSQUET; Stellvertreter - Herr Jean-Fran\u00e7ois DEROIDE<\/em><\/li>\n<li><em>Beratender Ausschuss f\u00fcr die Ausarbeitung und \u00dcberwachung des lokalen Programms zur Vermeidung von Haushaltsabf\u00e4llen und \u00e4hnlichen Abf\u00e4llen: Frau Christine MOUQUET<\/em><\/li>\n<li><em>Syndicat Mixte pour la Promotion de l'Activit\u00e9 Transmanche: Herr Olivier de CONIHOUT<\/em><\/li>\n<li><em>Seine-Maritime Attractivit\u00e9: Herr Olivier de CONIHOUT<\/em><\/li>\n<li><em>Mission Locale C\u00f4te d'Alb\u00e2tre: Frau Catherine CORNILLOT<\/em><\/li>\n<li><em>Verwaltungsr\u00e4te der \u00f6ffentlichen Mittelschulen und Gymnasien der Agglomeration: Kandidatur f\u00fcr die Stellvertretung - Frau V\u00e9ronique DEPREUX<\/em><\/li>\n<\/ul>\n<p><em>\u00a0<\/em><\/p>\n<p><em>Der B\u00fcrgermeister weist au\u00dferdem darauf hin, dass ein Vertreter von Dieppe-Maritime f\u00fcr die Association Nationale des Elus du Littoral (ANEL) ernannt werden soll. Auch wenn die Gemeinde nicht um einen Sitz gebeten wurde, scheint es interessant zu sein, der Vereinigung beizutreten. Auf ihren Vorschlag hin wird Frau Catherine CORNILLOT vom Rat dazu bestimmt, als Mitglied der Gemeinde in diese Vereinigung aufgenommen zu werden. Der Rat best\u00e4tigt auch die Zahlung des Jahresbeitrags von 141 \u20ac. <\/em><\/p>\n<p><em>\u00a0<\/em><em>\u00a0<\/em><\/p>\n<p><strong><em><u>Mitteilungen der Stellvertreter<\/u><\/em><\/strong><\/p>\n<ul>\n<li><strong><em><u>Technischer Dienst<\/u><\/em><\/strong><\/li>\n<\/ul>\n<p><em>\u00a0<\/em><em>Das Syndicat D\u00e9partemental d'Energies (SDE 76) hat uns seinen Projektaufruf f\u00fcr das Jahr 2021 zugesandt. Herr LEGROUT, traf sich am 9. September mit Herrn BOUTIN, um eine Bestandsaufnahme der laufenden Projekte vorzunehmen und die durchgef\u00fchrten Studien zu \u00fcberpr\u00fcfen. Ein zweites Treffen ist f\u00fcr den 7. Oktober geplant. <\/em><\/p>\n<p><em>\u00a0<\/em><em>Das SDE schl\u00e4gt au\u00dferdem den Beitritt zur Auftragsgruppe f\u00fcr den Kauf von Energie und damit verbundenen Dienstleistungen vor. Angesichts der durchgef\u00fchrten Kostenstudie scheint es interessant, dem Antrag stattzugeben. Der Gemeinderat best\u00e4tigt den Beitritt mit 10 Ja-Stimmen und einer Enthaltung.<\/em><\/p>\n<p><em>\u00a0<\/em><em>Die Einstellung von Herrn Damien RAMBERG in ein Beamtenverh\u00e4ltnis auf Probe wurde in einer fr\u00fcheren Ratssitzung gepr\u00fcft und beschlossen. Um diese Entscheidung umzusetzen, ist es notwendig, \u00fcber die Schaffung einer Dauerstelle zu beraten (Umwandlung der befristeten Stelle in eine Stelle f\u00fcr einen Beamten). Der Rat stimmte dem einstimmig zu.<\/em><\/p>\n<p><em>\u00a0<\/em><em>Herr LEGROUT informiert den Rat \u00fcber den Ausfall des Laubsaugers. Die Reparaturkosten w\u00fcrden sich auf etwa 1500 \u20ac belaufen. In Anbetracht des Alters des Ger\u00e4ts schl\u00e4gt er vor, es zu ersetzen. Er legte einen Kostenvoranschlag der Garage du Poin\u00e7on vor, der sich auf 4794,30 \u20ac (inkl. MwSt.) belief.<\/em><\/p>\n<p><em>Der Rat stimmt dem Kauf des Laubsaugers einstimmig zu.<\/em><\/p>\n<p><em>\u00a0<\/em><\/p>\n<ul>\n<li><strong><em><u>Kommunikation<\/u><\/em><\/strong><\/li>\n<\/ul>\n<p><em>Herr DEROIDE informiert den Rat dar\u00fcber, dass die Facebook-Seite seit dem 5. September online ist.<\/em><\/p>\n<p><em>Eine regelm\u00e4\u00dfige Kommunikation ist erw\u00fcnscht, um die Einwohner besser \u00fcber die Aktivit\u00e4ten der Gemeinde zu informieren.<\/em><\/p>\n<p><em>\u00a0<\/em><em>Er informiert auch \u00fcber die Vorbereitung der j\u00e4hrlichen Ausgabe des \"Leuchtturms\" und l\u00e4dt alle ein, Artikel f\u00fcr die Ausgabe bis zum 1. Januar 2010 vorzuschlagen.<sup>er<\/sup> Dezember 2020.<\/em><\/p>\n<p><em>\u00a0<\/em><\/p>\n<ul>\n<li><strong><em><u>Kommunales Leben<\/u><\/em><\/strong><\/li>\n<\/ul>\n<p><em>\u00a0<\/em><em>Die Soci\u00e9t\u00e9 Protectrice des Animaux (Tierschutzverein) bietet Unterst\u00fctzung bei der Verwaltung streunender Katzen an, insbesondere durch das Ausleihen von K\u00e4figfallen. Der Mindestzuschuss betr\u00e4gt 210 \u20ac pro Jahr. Der Rat best\u00e4tigt einstimmig die Gew\u00e4hrung der Subvention.<\/em><\/p>\n<p><em>\u00a0<\/em><em>Im Zusammenhang mit der Organisation von Zeremonien und Veranstaltungen bat Frau DEPREUX den Rat um Zustimmung, Frau BELLET punktuell zus\u00e4tzliche Stunden anzubieten. Der Rat stimmte einstimmig zu.<\/em><\/p>\n<p><em>\u00a0<\/em><\/p>\n<p><strong><em><u>Verschiedene Fragen<\/u><\/em><\/strong><\/p>\n<p><em>\u00a0<\/em><em>In Anbetracht der geltenden Gesundheitsma\u00dfnahmen und des Erlasses vom 25. September beschloss der Rat, das Seniorenessen abzusagen. Da er sich des Interesses an dieser Veranstaltung bewusst ist, wird der Ausschuss f\u00fcr Gemeindeleben eine Diskussion mit den ehemaligen Mitgliedern des CCAS vorsehen, um andere Vorschl\u00e4ge zu pr\u00fcfen.<\/em><\/p>\n<p><em>\u00a0<\/em><em>Frau LAFOREST, Sekret\u00e4rin des B\u00fcrgermeisteramts, wird vom 19. bis 25. Oktober im Urlaub sein. <\/em><\/p>\n<p><em>\u00a0<\/em><\/p>\n<p><em>\u00a0<\/em><em>\u00a0\u00a0\u00a0\u00a0\u00a0\u00a0\u00a0\u00a0\u00a0\u00a0\u00a0\u00a0\u00a0\u00a0\u00a0\u00a0\u00a0\u00a0\u00a0\u00a0\u00a0\u00a0\u00a0\u00a0\u00a0\u00a0\u00a0\u00a0\u00a0\u00a0\u00a0\u00a0\u00a0\u00a0\u00a0\u00a0\u00a0\u00a0\u00a0\u00a0\u00a0\u00a0\u00a0\u00a0\u00a0\u00a0\u00a0\u00a0\u00a0\u00a0\u00a0\u00a0\u00a0\u00a0\u00a0\u00a0\u00a0\u00a0\u00a0\u00a0\u00a0\u00a0\u00a0\u00a0\u00a0\u00a0\u00a0\u00a0\u00a0\u00a0 Der B\u00fcrgermeister schlie\u00dft die Sitzung um 20.30 Uhr.<\/em><\/p>\n<p><em>\u00a0<\/em><\/p>\n<p><em>F\u00fcr einen beglaubigten Auszug<\/em><\/p>\n<p><em>\u00a0<\/em><\/p>\n<p><em>Der B\u00fcrgermeister,<\/em><\/p>\n<p><em>Olivier de CONIHOUT<\/em><\/p>\n<p>&nbsp;<\/p>\n<p><em>\u00a0<\/em><\/p>","protected":false},"excerpt":{"rendered":"<p>Im Jahr zweitausendzwanzig, am F\u00dcNFZEHNTEN SEPTEMBER, um achtundneunzig Uhr, trat der ordnungsgem\u00e4\u00df einberufene Gemeinderat unter dem Vorsitz von Herrn Olivier de CONIHOUT, B\u00fcrgermeister, zu einer \u00f6ffentlichen Sitzung zusammen: Herren Olivier de CONIHOUT, Francis LEGROUT, Jean-Fran\u00e7ois DEROIDE, Philippe BOSQUET, Christophe TIRARD, Philippe HERITIER, David [...].<\/p>","protected":false},"author":5,"featured_media":0,"comment_status":"open","ping_status":"open","sticky":false,"template":"","format":"standard","meta":{"footnotes":""},"categories":[19],"tags":[],"class_list":["post-3496","post","type-post","status-publish","format-standard","hentry","category-affichage_municipal"],"yoast_head":"<!-- This site is optimized with the Yoast SEO plugin v25.3 - https:\/\/yoast.com\/wordpress\/plugins\/seo\/ -->\n<title>PROCES VERBAL DE LA REUNION DU CONSEIL MUNICIPAL - SEANCE DU 25 SEPTEMBRE 2020 - Mairie de Sainte-Marguerite Sur Mer<\/title>\n<meta name=\"robots\" content=\"index, follow, max-snippet:-1, max-image-preview:large, max-video-preview:-1\" \/>\n<link rel=\"canonical\" href=\"https:\/\/www.ste-marguerite-sur-mer.fr\/de\/proces-verbal-de-la-reunion-du-conseil-municipal-seance-du-25-septembre-2020-2\/\" \/>\n<meta property=\"og:locale\" content=\"de_DE\" \/>\n<meta property=\"og:type\" content=\"article\" \/>\n<meta property=\"og:title\" content=\"PROCES VERBAL DE LA REUNION DU CONSEIL MUNICIPAL - SEANCE DU 25 SEPTEMBRE 2020 - Mairie de Sainte-Marguerite Sur Mer\" \/>\n<meta property=\"og:description\" content=\"L\u2019an deux mil VINGT, le VINGT CINQ du mois de SEPTEMBRE, \u00e0 DIX-HUIT heures, le Conseil Municipal l\u00e9galement convoqu\u00e9 s\u2019est r\u00e9uni, en s\u00e9ance publique, sous la pr\u00e9sidence de Monsieur Olivier de CONIHOUT, Maire \u00a0 Etaient pr\u00e9sents : Messieurs Olivier de CONIHOUT, Francis LEGROUT, Jean-Fran\u00e7ois DEROIDE, Philippe BOSQUET, Christophe TIRARD, Philippe HERITIER, David [&hellip;]\" \/>\n<meta property=\"og:url\" content=\"https:\/\/www.ste-marguerite-sur-mer.fr\/de\/proces-verbal-de-la-reunion-du-conseil-municipal-seance-du-25-septembre-2020-2\/\" \/>\n<meta property=\"og:site_name\" content=\"Mairie de Sainte-Marguerite Sur Mer\" \/>\n<meta property=\"article:author\" content=\"www.facebook.com\/MairieSainteMargueritesurmer\" \/>\n<meta property=\"article:published_time\" content=\"2020-10-01T08:19:05+00:00\" \/>\n<meta name=\"author\" content=\"mairie.stemargueritesurmer@wanadoo.fr\" \/>\n<meta name=\"twitter:card\" content=\"summary_large_image\" \/>\n<meta name=\"twitter:label1\" content=\"Verfasst von\" \/>\n\t<meta name=\"twitter:data1\" content=\"mairie.stemargueritesurmer@wanadoo.fr\" \/>\n\t<meta name=\"twitter:label2\" content=\"Gesch\u00e4tzte Lesezeit\" \/>\n\t<meta name=\"twitter:data2\" content=\"6\u00a0Minuten\" \/>\n<script type=\"application\/ld+json\" class=\"yoast-schema-graph\">{\"@context\":\"https:\/\/schema.org\",\"@graph\":[{\"@type\":\"WebPage\",\"@id\":\"https:\/\/www.ste-marguerite-sur-mer.fr\/proces-verbal-de-la-reunion-du-conseil-municipal-seance-du-25-septembre-2020-2\/\",\"url\":\"https:\/\/www.ste-marguerite-sur-mer.fr\/proces-verbal-de-la-reunion-du-conseil-municipal-seance-du-25-septembre-2020-2\/\",\"name\":\"PROCES VERBAL DE LA REUNION DU CONSEIL MUNICIPAL - SEANCE DU 25 SEPTEMBRE 2020 - Mairie de Sainte-Marguerite Sur Mer\",\"isPartOf\":{\"@id\":\"https:\/\/www.ste-marguerite-sur-mer.fr\/#website\"},\"datePublished\":\"2020-10-01T08:19:05+00:00\",\"author\":{\"@id\":\"https:\/\/www.ste-marguerite-sur-mer.fr\/#\/schema\/person\/4875f0d9570fa9643b4953b06cadbd28\"},\"breadcrumb\":{\"@id\":\"https:\/\/www.ste-marguerite-sur-mer.fr\/proces-verbal-de-la-reunion-du-conseil-municipal-seance-du-25-septembre-2020-2\/#breadcrumb\"},\"inLanguage\":\"de\",\"potentialAction\":[{\"@type\":\"ReadAction\",\"target\":[\"https:\/\/www.ste-marguerite-sur-mer.fr\/proces-verbal-de-la-reunion-du-conseil-municipal-seance-du-25-septembre-2020-2\/\"]}]},{\"@type\":\"BreadcrumbList\",\"@id\":\"https:\/\/www.ste-marguerite-sur-mer.fr\/proces-verbal-de-la-reunion-du-conseil-municipal-seance-du-25-septembre-2020-2\/#breadcrumb\",\"itemListElement\":[{\"@type\":\"ListItem\",\"position\":1,\"name\":\"Accueil\",\"item\":\"https:\/\/www.ste-marguerite-sur-mer.fr\/\"},{\"@type\":\"ListItem\",\"position\":2,\"name\":\"PROCES VERBAL DE LA REUNION DU CONSEIL MUNICIPAL &#8211; SEANCE DU 25 SEPTEMBRE 2020\"}]},{\"@type\":\"WebSite\",\"@id\":\"https:\/\/www.ste-marguerite-sur-mer.fr\/#website\",\"url\":\"https:\/\/www.ste-marguerite-sur-mer.fr\/\",\"name\":\"Mairie de Sainte-Marguerite Sur Mer\",\"description\":\"commune de normandie\",\"potentialAction\":[{\"@type\":\"SearchAction\",\"target\":{\"@type\":\"EntryPoint\",\"urlTemplate\":\"https:\/\/www.ste-marguerite-sur-mer.fr\/?s={search_term_string}\"},\"query-input\":{\"@type\":\"PropertyValueSpecification\",\"valueRequired\":true,\"valueName\":\"search_term_string\"}}],\"inLanguage\":\"de\"},{\"@type\":\"Person\",\"@id\":\"https:\/\/www.ste-marguerite-sur-mer.fr\/#\/schema\/person\/4875f0d9570fa9643b4953b06cadbd28\",\"name\":\"mairie.stemargueritesurmer@wanadoo.fr\",\"image\":{\"@type\":\"ImageObject\",\"inLanguage\":\"de\",\"@id\":\"https:\/\/www.ste-marguerite-sur-mer.fr\/#\/schema\/person\/image\/\",\"url\":\"https:\/\/secure.gravatar.com\/avatar\/40ab497ab45615f9e8602bea4f1611c6cec0aa64725a35223b24c4c66a09055d?s=96&d=mm&r=g\",\"contentUrl\":\"https:\/\/secure.gravatar.com\/avatar\/40ab497ab45615f9e8602bea4f1611c6cec0aa64725a35223b24c4c66a09055d?s=96&d=mm&r=g\",\"caption\":\"mairie.stemargueritesurmer@wanadoo.fr\"},\"sameAs\":[\"www.facebook.com\/MairieSainteMargueritesurmer\"]}]}<\/script>\n<!-- \/ Yoast SEO plugin. -->","yoast_head_json":{"title":"PROCES VERBAL DE LA REUNION DU CONSEIL MUNICIPAL - SEANCE DU 25 SEPTEMBRE 2020 - Mairie de Sainte-Marguerite Sur Mer","robots":{"index":"index","follow":"follow","max-snippet":"max-snippet:-1","max-image-preview":"max-image-preview:large","max-video-preview":"max-video-preview:-1"},"canonical":"https:\/\/www.ste-marguerite-sur-mer.fr\/de\/proces-verbal-de-la-reunion-du-conseil-municipal-seance-du-25-septembre-2020-2\/","og_locale":"de_DE","og_type":"article","og_title":"PROCES VERBAL DE LA REUNION DU CONSEIL MUNICIPAL - SEANCE DU 25 SEPTEMBRE 2020 - Mairie de Sainte-Marguerite Sur Mer","og_description":"L\u2019an deux mil VINGT, le VINGT CINQ du mois de SEPTEMBRE, \u00e0 DIX-HUIT heures, le Conseil Municipal l\u00e9galement convoqu\u00e9 s\u2019est r\u00e9uni, en s\u00e9ance publique, sous la pr\u00e9sidence de Monsieur Olivier de CONIHOUT, Maire \u00a0 Etaient pr\u00e9sents : Messieurs Olivier de CONIHOUT, Francis LEGROUT, Jean-Fran\u00e7ois DEROIDE, Philippe BOSQUET, Christophe TIRARD, Philippe HERITIER, David [&hellip;]","og_url":"https:\/\/www.ste-marguerite-sur-mer.fr\/de\/proces-verbal-de-la-reunion-du-conseil-municipal-seance-du-25-septembre-2020-2\/","og_site_name":"Mairie de Sainte-Marguerite Sur Mer","article_author":"www.facebook.com\/MairieSainteMargueritesurmer","article_published_time":"2020-10-01T08:19:05+00:00","author":"mairie.stemargueritesurmer@wanadoo.fr","twitter_card":"summary_large_image","twitter_misc":{"Verfasst von":"mairie.stemargueritesurmer@wanadoo.fr","Gesch\u00e4tzte Lesezeit":"6\u00a0Minuten"},"schema":{"@context":"https:\/\/schema.org","@graph":[{"@type":"WebPage","@id":"https:\/\/www.ste-marguerite-sur-mer.fr\/proces-verbal-de-la-reunion-du-conseil-municipal-seance-du-25-septembre-2020-2\/","url":"https:\/\/www.ste-marguerite-sur-mer.fr\/proces-verbal-de-la-reunion-du-conseil-municipal-seance-du-25-septembre-2020-2\/","name":"PROCES VERBAL DE LA REUNION DU CONSEIL MUNICIPAL - SEANCE DU 25 SEPTEMBRE 2020 - Mairie de Sainte-Marguerite Sur Mer","isPartOf":{"@id":"https:\/\/www.ste-marguerite-sur-mer.fr\/#website"},"datePublished":"2020-10-01T08:19:05+00:00","author":{"@id":"https:\/\/www.ste-marguerite-sur-mer.fr\/#\/schema\/person\/4875f0d9570fa9643b4953b06cadbd28"},"breadcrumb":{"@id":"https:\/\/www.ste-marguerite-sur-mer.fr\/proces-verbal-de-la-reunion-du-conseil-municipal-seance-du-25-septembre-2020-2\/#breadcrumb"},"inLanguage":"de","potentialAction":[{"@type":"ReadAction","target":["https:\/\/www.ste-marguerite-sur-mer.fr\/proces-verbal-de-la-reunion-du-conseil-municipal-seance-du-25-septembre-2020-2\/"]}]},{"@type":"BreadcrumbList","@id":"https:\/\/www.ste-marguerite-sur-mer.fr\/proces-verbal-de-la-reunion-du-conseil-municipal-seance-du-25-septembre-2020-2\/#breadcrumb","itemListElement":[{"@type":"ListItem","position":1,"name":"Accueil","item":"https:\/\/www.ste-marguerite-sur-mer.fr\/"},{"@type":"ListItem","position":2,"name":"PROCES VERBAL DE LA REUNION DU CONSEIL MUNICIPAL &#8211; SEANCE DU 25 SEPTEMBRE 2020"}]},{"@type":"WebSite","@id":"https:\/\/www.ste-marguerite-sur-mer.fr\/#website","url":"https:\/\/www.ste-marguerite-sur-mer.fr\/","name":"Mairie de Sainte-Marguerite Sur Mer","description":"commune de normandie","potentialAction":[{"@type":"SearchAction","target":{"@type":"EntryPoint","urlTemplate":"https:\/\/www.ste-marguerite-sur-mer.fr\/?s={search_term_string}"},"query-input":{"@type":"PropertyValueSpecification","valueRequired":true,"valueName":"search_term_string"}}],"inLanguage":"de"},{"@type":"Person","@id":"https:\/\/www.ste-marguerite-sur-mer.fr\/#\/schema\/person\/4875f0d9570fa9643b4953b06cadbd28","name":"mairie.stemargueritesurmer@wanadoo.fr","image":{"@type":"ImageObject","inLanguage":"de","@id":"https:\/\/www.ste-marguerite-sur-mer.fr\/#\/schema\/person\/image\/","url":"https:\/\/secure.gravatar.com\/avatar\/40ab497ab45615f9e8602bea4f1611c6cec0aa64725a35223b24c4c66a09055d?s=96&d=mm&r=g","contentUrl":"https:\/\/secure.gravatar.com\/avatar\/40ab497ab45615f9e8602bea4f1611c6cec0aa64725a35223b24c4c66a09055d?s=96&d=mm&r=g","caption":"mairie.stemargueritesurmer@wanadoo.fr"},"sameAs":["www.facebook.com\/MairieSainteMargueritesurmer"]}]}},"_links":{"self":[{"href":"https:\/\/www.ste-marguerite-sur-mer.fr\/de\/wp-json\/wp\/v2\/posts\/3496","targetHints":{"allow":["GET"]}}],"collection":[{"href":"https:\/\/www.ste-marguerite-sur-mer.fr\/de\/wp-json\/wp\/v2\/posts"}],"about":[{"href":"https:\/\/www.ste-marguerite-sur-mer.fr\/de\/wp-json\/wp\/v2\/types\/post"}],"author":[{"embeddable":true,"href":"https:\/\/www.ste-marguerite-sur-mer.fr\/de\/wp-json\/wp\/v2\/users\/5"}],"replies":[{"embeddable":true,"href":"https:\/\/www.ste-marguerite-sur-mer.fr\/de\/wp-json\/wp\/v2\/comments?post=3496"}],"version-history":[{"count":2,"href":"https:\/\/www.ste-marguerite-sur-mer.fr\/de\/wp-json\/wp\/v2\/posts\/3496\/revisions"}],"predecessor-version":[{"id":3498,"href":"https:\/\/www.ste-marguerite-sur-mer.fr\/de\/wp-json\/wp\/v2\/posts\/3496\/revisions\/3498"}],"wp:attachment":[{"href":"https:\/\/www.ste-marguerite-sur-mer.fr\/de\/wp-json\/wp\/v2\/media?parent=3496"}],"wp:term":[{"taxonomy":"category","embeddable":true,"href":"https:\/\/www.ste-marguerite-sur-mer.fr\/de\/wp-json\/wp\/v2\/categories?post=3496"},{"taxonomy":"post_tag","embeddable":true,"href":"https:\/\/www.ste-marguerite-sur-mer.fr\/de\/wp-json\/wp\/v2\/tags?post=3496"}],"curies":[{"name":"wp","href":"https:\/\/api.w.org\/{rel}","templated":true}]}}