{"id":3606,"date":"2021-08-16T09:39:35","date_gmt":"2021-08-16T07:39:35","guid":{"rendered":"https:\/\/www.ste-marguerite-sur-mer.fr\/?p=3606"},"modified":"2021-08-16T09:39:35","modified_gmt":"2021-08-16T07:39:35","slug":"compte-rendu-du-conseil-municipal-du-09-juillet-2021","status":"publish","type":"post","link":"https:\/\/www.ste-marguerite-sur-mer.fr\/de\/compte-rendu-du-conseil-municipal-du-09-juillet-2021\/","title":{"rendered":"Protokoll des Gemeinderats vom 09. Juli 2021"},"content":{"rendered":"<p><em>Im Jahr zweitausendachthunderteinundzwanzig, am neunten Juli, um achtundneunzig Uhr dreiunddrei\u00dfig Minuten, trat der ordnungsgem\u00e4\u00df einberufene Gemeinderat unter dem Vorsitz von Herrn Olivier de CONIHOUT, B\u00fcrgermeister, zu einer \u00f6ffentlichen Sitzung zusammen.<\/em><\/p>\n<p><em>\u00a0<\/em><em><u>Anwesend waren <\/u>: <\/em><\/p>\n<ul>\n<li><em>Herren Olivier de CONIHOUT, Francis LEGROUT, Jean-Fran\u00e7ois DEROIDE, Philippe BOSQUET, David PETITON, Christophe TIRARD<\/em><\/li>\n<li><em>Damen V\u00e9ronique DEPREUX, Brigitte GAUTHIER-DARCET, Christine MOUQUET, Catherine CORNILLOT<\/em><\/li>\n<\/ul>\n<p><em><u>Macht <\/u>: <\/em><\/p>\n<ul>\n<li><em>Herr Philippe HERITIER an Herrn Francis LEGROUT<\/em><\/li>\n<\/ul>\n<p>&nbsp;<\/p>\n<p><em>Herr Jean-Fran\u00e7ois DEROIDE wurde zum Sitzungssekret\u00e4r gew\u00e4hlt.<\/em><\/p>\n<p><em><u>Datum der Einberufung<\/u>\u00a0: am 30. Juni 2021\u00a0\u00a0\u00a0\u00a0\u00a0\u00a0 \u00a0\u00a0\u00a0\u00a0\u00a0\u00a0\u00a0\u00a0 <u>Datum der Anzeige<\/u>\u00a0: am 30. Juni 2021<\/em><\/p>\n<p><em>Nachdem festgestellt wurde, dass die Gesundheitsma\u00dfnahmen (k\u00f6rperliche Distanzierung, Tragen einer Maske) eingehalten wurden, er\u00f6ffnete der B\u00fcrgermeister die Sitzung.<\/em><\/p>\n<p><em>\u00a0<\/em><\/p>\n<p><strong><em><u>Tagesordnung<\/u><\/em><\/strong><strong><em>\u00a0:<\/em><\/strong><\/p>\n<ul>\n<li><em>Annahme des Protokolls der vorangegangenen Sitzung<\/em><\/li>\n<li><em>Mitteilungen des B\u00fcrgermeisters<\/em><\/li>\n<li><em>Mitteilungen der Kommissionen<\/em><\/li>\n<li><em>\u00d6ffnung des Weges Nr. 23 - Auswahl des B\u00fcros f\u00fcr die Abmarkung<\/em><\/li>\n<li><em>PLU \/ Erg\u00e4nzende Debatte PADD<\/em><\/li>\n<li><em>Validierung des Projektplans f\u00fcr die Sanierung des Erdgeschosses des Rathauses<\/em><\/li>\n<li><em>Antrag auf Er\u00f6ffnung einer Zeitnische f\u00fcr Tischtennis<\/em><\/li>\n<\/ul>\n<p><strong><em>\u00a0<\/em><\/strong><\/p>\n<p><strong><em><u>Verabschiedung des Protokolls der vorherigen Sitzung<\/u><\/em><\/strong><\/p>\n<p><em>Das Protokoll der vorangegangenen Sitzung, das jedem Mitglied des Gemeinderats vorab \u00fcbermittelt wurde, wurde einstimmig angenommen, da es keine Anmerkungen gab.<\/em><\/p>\n<p><em>\u00a0<\/em><\/p>\n<p><strong><em><u>Mitteilungen des B\u00fcrgermeisters<\/u><\/em><\/strong><\/p>\n<p><strong><em>Agenda seit dem letzten Treffen <\/em><\/strong><\/p>\n<p><em>7. Juni: Treffen \"Eoliennes en Mer\" (Windkraftanlagen auf See)<\/em><\/p>\n<p><em>7. Juni: PLU - Treffen mit den assoziierten \u00f6ffentlichen Personen <\/em><\/p>\n<p><em>7. Juni: Kulturworkshop Agglo<\/em><\/p>\n<p><em>8. Juni: Gemeinschaftsb\u00fcro<\/em><\/p>\n<p><em>10. Juni: Generalversammlung Cap d'Ailly<\/em><\/p>\n<p><em>11. Juni: Treffpunkt Abteilung - Wege im Bois de l'Ailly<\/em><\/p>\n<p><em>11. Juni: Treffpunkt Projekt Wolftrott<\/em><\/p>\n<p><em>14. Juni: Syndicat Mixte num\u00e9rique<\/em><\/p>\n<p><em>15. Juni: Konferenz der B\u00fcrgermeister<\/em><\/p>\n<p><em>18. Juni: Ausschuss f\u00fcr Attraktivit\u00e4t Dieppe Pays Normand<\/em><\/p>\n<p><em>18. Juni: Unterzeichnung des PACS Herr Bouteiller und Frau PETIT<\/em><\/p>\n<p><em>19. Juni: Operation Sauberer Strand<\/em><\/p>\n<p><em>22. Juni: Gemeinschaftsrat<\/em><\/p>\n<p><em>28. Juni: Ausschuss f\u00fcr Attraktivit\u00e4t<\/em><\/p>\n<p><em>30. Juni: Treffen zur Vorbereitung des Gedenkens an den 19. August 1942 - Dieppe<\/em><\/p>\n<p><em>1<sup>er<\/sup> Juli: Termin mit dem Wegetechniker der Agglomeration<\/em><\/p>\n<p><em>02. Juli: PLU - \u00d6ffentliche Sitzung (18:00\/20:00 Uhr - Saal des Treffpunkts)<\/em><\/p>\n<p><em>03. Juli: Er\u00f6ffnung der Rettungsstation<\/em><\/p>\n<p><em>03. und 04. Juli: Trailwalker OXFAM<\/em><\/p>\n<p><strong><em>\u00a0<\/em><\/strong><\/p>\n<p><strong><em>Kommende Agenda <\/em><\/strong><\/p>\n<p><em>10. Juli: AG ASA<\/em><\/p>\n<p><em>10. Juli: Festival \"Sur les chemins du Phare\" - Verein MARAKANA<\/em><\/p>\n<p><em>14. Juli: Kranzniederlegung (11 Uhr) - Neujahrsw\u00fcnsche des B\u00fcrgermeisters (11.30 Uhr) - Konzert \"18h \u00e0 la plage\" (18 Uhr am Strand)<\/em><\/p>\n<p><em>19. Juli: Sicherheitstreffen zum Gedenken an den 19. August 1942<\/em><\/p>\n<p><em>20. Juli: Besuch vor Ort bei CEREMA (Vasterival-Tal)<\/em><\/p>\n<p><em>23. Juli: Einweihung des Sommersalons und 100. Geburtstag von Frau Boulongne<\/em><\/p>\n<p><em>25. Juli: Fest der Heiligen Margarete ( Messe im Freien um 10:30 Uhr)<\/em><\/p>\n<p><em>\u00a0<\/em><\/p>\n<p><em>N\u00e4chster Gemeinderat: Freitag, den 3. September um 18:30 Uhr<\/em><\/p>\n<p><em>\u00a0<\/em><\/p>\n<p><strong><em><u>Mitteilungen der Aussch\u00fcsse<\/u><\/em><\/strong><\/p>\n<ul>\n<li><strong><em><u>\u00d6ffnung des Weges Nr. 23<\/u><\/em><\/strong><\/li>\n<\/ul>\n<p><em>Nach dem Treffen vom 4. Juni, bei dem es um die m\u00f6gliche Wiederer\u00f6ffnung des Weges Nr. 23 (zwischen dem Chemin du Petit h\u00eatre und der Route de St Martin) ging, schlug ein von der Firma EUCLYD erstellter Kostenvoranschlag f\u00fcr die Wiederbefestigung dieses Grundst\u00fccks (das vor mehr als 50 Jahren zerst\u00f6rt wurde) einen Betrag von 2040 \u20ac inkl. MwSt. vor.<\/em><\/p>\n<p><em>Nach einer Beratung hatte sich der Rat daf\u00fcr entschieden, keine Entscheidung zu treffen, und einen zweiten Kostenvoranschlag f\u00fcr die Abmarkung eingeholt. <\/em><\/p>\n<p><em>Frau MOUQUET kontaktierte die Firma GE360, die einen weniger detaillierten Kostenvoranschlag von 2256 \u20ac (inkl. MwSt.) vorlegte.<\/em><\/p>\n<p><em>Nach eingehender Beratung beschlie\u00dft der Gemeinderat einstimmig, den Vorschlag der Firma EUCLYD anzunehmen und die Summe von 2040 \u20ac in Artikel 202 Kosten f\u00fcr die Erstellung von Stadtplanungs- und Katasterdokumenten einzusetzen.<\/em><\/p>\n<p><em>Frau MOUQUET schl\u00e4gt dem Rat au\u00dferdem vor, dar\u00fcber zu beraten, ob dieser Weg in die Pl\u00e4ne des Departements f\u00fcr Spazier- und Wanderwege (PDIPR) aufgenommen werden soll.<\/em><\/p>\n<p><em>Der Rat best\u00e4tigt den Vorschlag einstimmig.<\/em><\/p>\n<p><em>\u00a0<\/em><em>\u00a0<\/em><\/p>\n<ul>\n<li><strong><em><u>PLU - Erg\u00e4nzende Debatte \u00fcber den PADD-Entwurf<\/u><\/em><\/strong><\/li>\n<\/ul>\n<p><em>Der Entwurf des PADD wurde bei der \u00f6ffentlichen Sitzung am Freitag, den 2. Juli vorgestellt.<\/em><\/p>\n<p><em>Dieser gibt keinen Anlass zu besonderen Bemerkungen seitens der Mitglieder des Gemeinderats.<\/em><\/p>\n<p><em>\u00a0<\/em><\/p>\n<ul>\n<li><strong><em><u>Validierung der Pl\u00e4ne f\u00fcr das Sanierungsprojekt im Erdgeschoss des Rathauses<\/u><\/em><\/strong><\/li>\n<\/ul>\n<p><em>Die Firma BOUDET, Architekten, f\u00fcr die wir die Genehmigung zur Vorlage eines Vorentwurfs erteilt hatten, hat ihre ersten Pl\u00e4ne eingereicht.<\/em><\/p>\n<p><em>Diese wurden dem gesamten Rat am Montag, den 5. Juli, per E-Mail mitgeteilt.<\/em><\/p>\n<p><em>Die Arbeitsgruppe schl\u00e4gt vor, \u00fcber die Freigabe der Pl\u00e4ne und den Antrag auf Baugenehmigung zu beraten. Die Kostenvoranschl\u00e4ge werden zu einem sp\u00e4teren Zeitpunkt erstellt und dem Gemeinderat zur Best\u00e4tigung vorgelegt.<\/em><\/p>\n<p><em>Die von der Firma BOUDET vorgeschlagenen Pl\u00e4ne werden vom Rat einstimmig angenommen. Der Gemeinderat best\u00e4tigt ebenfalls einstimmig, dass ein Bauantrag gestellt werden soll.<\/em><\/p>\n<p><em>\u00a0<\/em><\/p>\n<ul>\n<li><strong><em><u>Antrag auf Er\u00f6ffnung einer Zeitnische f\u00fcr Tischtennis<\/u><\/em><\/strong><\/li>\n<\/ul>\n<p><em>Herr Pascal CAVECIN, ein Mann aus Saint-Margueritais und Pr\u00e4sident des Tischtennisclubs von Dieppe, m\u00f6chte den Einwohnern der Gemeinde eine Zeitnische anbieten.<\/em><\/p>\n<p><em>Das platzsparende Material w\u00fcrde von der Organisation zur Verf\u00fcgung gestellt werden.<\/em><\/p>\n<p><em>Der Raum des Treffpunkts bleibt am Montagabend frei; Frau MOUQUET schl\u00e4gt vor, dass ihr ab September die Zeit von 18:30 bis 20:30 Uhr einger\u00e4umt wird.<\/em><\/p>\n<p><em>Herr DEROIDE schl\u00e4gt au\u00dferdem vor, dass Herr CAVECIN sich an ihn wendet, damit eine Mitteilung an die Einwohner gemacht werden kann.<\/em><\/p>\n<p><em>Der Gemeinderat dankt Herrn Pascal CAVECIN f\u00fcr den Vorschlag dieser neuen Aktivit\u00e4t.<\/em><\/p>\n<p><em>Der Antrag wurde vom Gemeinderat einstimmig angenommen.<\/em><\/p>\n<p><em>\u00a0<\/em><em>\u00a0<\/em><\/p>\n<p><strong><em><u>Verschiedene Fragen<\/u><\/em><\/strong><\/p>\n<p><em>\u00a0<\/em><\/p>\n<ul>\n<li><em>\u00c4nderung der \u00d6ffnungszeiten des Rathauses<\/em><\/li>\n<\/ul>\n<p><em>Durch die \u00d6ffnung ganzt\u00e4giger Zeitfenster ist es nicht mehr m\u00f6glich, an Besprechungen, Schulungen und externen Terminen teilzunehmen.<\/em><\/p>\n<p><em>Daher wurde beschlossen, die Zeitnischen ab September neu festzulegen.<\/em><\/p>\n<p><em>Der B\u00fcrgermeister schl\u00e4gt eine \u00d6ffnung f\u00fcr die \u00d6ffentlichkeit am Montag und Freitag von 14:00 bis 17:00 Uhr und am Mittwoch von 9:00 bis 12:00 Uhr vor. Eine neue Zeitnische, der erste Samstag jedes Monats zwischen 10:00 und 12:00 Uhr, wird ebenfalls vorgeschlagen (Grundlage f\u00fcr die Bezahlung der Sekret\u00e4rin des B\u00fcrgermeisters: Sprechstunden an Samstagen, die bereits w\u00e4hrend der Sommersaison f\u00fcr die technischen Mitarbeiter genutzt wurde). Der Versuch k\u00f6nnte sechs Monate dauern.<\/em><\/p>\n<p><em>Der Gemeinderat best\u00e4tigt den Vorschlag und die Art der Bezahlung der Sekret\u00e4rin des B\u00fcrgermeisters mit 10 Ja-Stimmen und einer Enthaltung.<\/em><\/p>\n<p><em>\u00a0<\/em><\/p>\n<ul>\n<li><em>Kommunikation - Kauf eines Roll-Ups<\/em><\/li>\n<\/ul>\n<p><em>Die Gemeinde verf\u00fcgt bislang \u00fcber kein Kommunikationsmedium, mit dem sie ihre Beteiligung an der Organisation bestimmter Veranstaltungen verdeutlichen k\u00f6nnte.<\/em><\/p>\n<p><em>Herr HERITIER, Gemeinderat, schl\u00e4gt den Kauf eines Roll-Ups vor, das bei jeder Veranstaltung (Einweihungen, Ausstellungen, Neujahrsgr\u00fc\u00dfe...) aufgestellt werden kann.<\/em><\/p>\n<p><em>Es wurden zwei Angebote von der Firma Ancot Publicit\u00e9 eingeholt.<\/em><\/p>\n<p><em>Das erste Angebot im Wert von 138 \u20ac (inkl. MwSt.) bietet ein Ger\u00e4t, das kaum im Freien verwendet werden kann und ziemlich zerbrechlich ist.<\/em><\/p>\n<p><em>Das zweite Angebot in H\u00f6he von 354 \u20ac (inkl. MwSt.) schlug ein st\u00e4rkeres Material mit verschiedenen m\u00f6glichen Seiten vor.<\/em><\/p>\n<p><em>Die Ausgaben k\u00f6nnen unter 6232 Feste und Feiern verbucht werden.<\/em><\/p>\n<p><em>Nach eingehender Beratung stimmt der Gemeinderat (7 Ja-Stimmen 4 Enthaltungen) dem Kauf des im Angebot Nr. 9390 vorgeschlagenen Roll-Ups f\u00fcr 354 \u20ac (inkl. MwSt.) zu.<\/em><\/p>\n<p><em>Frau CORNILLOT, Herr HERITIER und Herr DEROIDE werden beauftragt, den Hintergrund des St\u00e4nders zu gestalten, der die Gemeinde aufwerten soll.<\/em><\/p>\n<p><em>\u00a0<\/em><\/p>\n<ul>\n<li><em>Antrag auf Einrichtung einer Ziegenfarm<\/em><\/li>\n<\/ul>\n<p><em>Wir haben den Antrag von Frau Adeline BELLENGER erhalten, die plant, einen Ziegenhof zur Herstellung von Ziegenk\u00e4se zu gr\u00fcnden, der auf dem Hof und in kleinen Gesch\u00e4ften in der Umgebung sowie auf einigen M\u00e4rkten verkauft werden soll. Ziel dieser Farm ist es, Produkte herzustellen, die direkt an die Verbraucher in einem m\u00f6glichst kurzen Kreislauf zwischen Erzeuger und Verbraucher verkauft werden. Er k\u00f6nnte auch Gegenstand einer p\u00e4dagogischen Entwicklung in den folgenden Jahren sein, sobald er gut angelaufen ist.<\/em><\/p>\n<p><em>Der Bestand w\u00fcrde etwa 70 Ziegen betragen, aber mit etwa 40 Ziegen beginnen. Dieses Projekt w\u00fcrde den Bau eines Geb\u00e4udes (den Ziegenstall) erfordern. <\/em><\/p>\n<p><em>Der Gemeinderat begr\u00fc\u00dft diese unternehmerische Initiative und stimmt der Unterst\u00fctzung dieses Projekts einstimmig zu, vorbehaltlich der Genehmigung des Baus durch die staatlichen Stellen (RNU).<\/em><\/p>\n<p><em>\u00a0<\/em><\/p>\n<ul>\n<li><em>Antrag auf Aufstellung eines Pizzaautomaten<\/em><\/li>\n<\/ul>\n<p><em>Wir haben eine Anfrage von Herrn Jean-Michel THUILLIEZ (Pizza Jean Mi) erhalten, in der er um einen m\u00f6glichen Standort f\u00fcr einen Pizzaautomaten bittet.<\/em><\/p>\n<p><em>Die Ratsmitglieder erhielten die Pr\u00e4sentationsmappe per E-Mail am Montag, den 5. Juli.<\/em><\/p>\n<p><em>Es wurde eine technische Beratung eingeholt, um den Standort und die vorhandenen Anschl\u00fcsse (Telefon und Strom) zu bestimmen.<\/em><\/p>\n<p><em>Der vertragliche Rahmen w\u00fcrde durch einen gewerblichen Mietvertrag formalisiert, der die Gemeinde f\u00fcr mindestens drei Jahre verpflichtet.<\/em><\/p>\n<p><em>Nach eingehender Beratung beschlie\u00dft der Gemeinderat einstimmig, den Vorschlag von Herrn THUILLIEZ nicht zu ber\u00fccksichtigen.<\/em><\/p>\n<p><em>\u00a0<\/em><\/p>\n<ul>\n<li><em>Antrag auf Einrichtung eines Hotdog-Foodtrucks<\/em><\/li>\n<\/ul>\n<p><em>Wir haben den Antrag von Herrn Gauthier SOULET erhalten, der einen Platz f\u00fcr die Einrichtung eines Hotdog-Foodtrucks (lokale Produkte) beantragt.<\/em><\/p>\n<p><em>Da der Vorschlag die Zustimmung des gesamten Rates fand, bot Herr DEROIDE an, sich mit dem Eigent\u00fcmer zu treffen, um eine detailliertere Pr\u00e4sentation des Projekts zu erhalten.<\/em><\/p>\n<p><em>\u00a0<\/em><\/p>\n<ul>\n<li><em>Danksagungen Club Caprimont<\/em><\/li>\n<\/ul>\n<p><em>Der B\u00fcrgermeister berichtet dem Rat von den Briefen, die er von Frau GOUYER, der Pr\u00e4sidentin des Club Caprimont, erhalten hat. Sie dankt dem gesamten Rat f\u00fcr die Gew\u00e4hrung der j\u00e4hrlichen Subvention und teilt mit, dass die Treffen der Clubmitglieder ab August wieder aufgenommen werden, und zwar am 1. August.<sup>er<\/sup> Donnerstagnachmittag jedes Monats im Rathaus.<\/em><\/p>\n<p>&nbsp;<\/p>\n<p><em>\u00a0\u00a0\u00a0\u00a0\u00a0\u00a0\u00a0\u00a0\u00a0\u00a0\u00a0\u00a0\u00a0\u00a0\u00a0\u00a0\u00a0\u00a0\u00a0\u00a0\u00a0\u00a0\u00a0\u00a0\u00a0\u00a0\u00a0\u00a0\u00a0\u00a0\u00a0\u00a0\u00a0\u00a0\u00a0\u00a0\u00a0\u00a0\u00a0\u00a0\u00a0\u00a0\u00a0\u00a0\u00a0\u00a0\u00a0\u00a0\u00a0\u00a0\u00a0\u00a0\u00a0\u00a0\u00a0\u00a0\u00a0\u00a0\u00a0\u00a0\u00a0\u00a0\u00a0\u00a0\u00a0\u00a0\u00a0\u00a0\u00a0\u00a0 Der B\u00fcrgermeister schlie\u00dft die Sitzung um 20:00 Uhr.<\/em><\/p>","protected":false},"excerpt":{"rendered":"<p>Im Jahr zweitausendachthunderteinundzwanzig, am neunten Juli, um achtundneunzig Uhr drei\u00dfig Minuten, kam der ordnungsgem\u00e4\u00df einberufene Gemeinderat unter dem Vorsitz von Herrn Olivier de CONIHOUT, B\u00fcrgermeister, zu einer \u00f6ffentlichen Sitzung zusammen Anwesend waren: Herren Olivier de CONIHOUT, Francis LEGROUT, Jean-Fran\u00e7ois DEROIDE, Philippe BOSQUET, David PETITON, Christophe [...].<\/p>","protected":false},"author":5,"featured_media":0,"comment_status":"open","ping_status":"open","sticky":false,"template":"","format":"standard","meta":{"footnotes":""},"categories":[19],"tags":[],"class_list":["post-3606","post","type-post","status-publish","format-standard","hentry","category-affichage_municipal"],"yoast_head":"<!-- This site is optimized with the Yoast SEO plugin v25.3 - https:\/\/yoast.com\/wordpress\/plugins\/seo\/ -->\n<title>Compte-rendu du Conseil Municipal du 09 juillet 2021 - Mairie de Sainte-Marguerite Sur Mer<\/title>\n<meta name=\"robots\" content=\"index, follow, max-snippet:-1, max-image-preview:large, max-video-preview:-1\" \/>\n<link rel=\"canonical\" href=\"https:\/\/www.ste-marguerite-sur-mer.fr\/de\/compte-rendu-du-conseil-municipal-du-09-juillet-2021\/\" \/>\n<meta property=\"og:locale\" content=\"de_DE\" \/>\n<meta property=\"og:type\" content=\"article\" \/>\n<meta property=\"og:title\" content=\"Compte-rendu du Conseil Municipal du 09 juillet 2021 - Mairie de Sainte-Marguerite Sur Mer\" \/>\n<meta property=\"og:description\" content=\"L\u2019an deux mil VINGT ET UN, le NEUF du mois de JUILLET, \u00e0 DIX-HUIT heures TRENTE minutes, le Conseil Municipal l\u00e9galement convoqu\u00e9 s\u2019est r\u00e9uni, en s\u00e9ance publique, sous la pr\u00e9sidence de Monsieur Olivier de CONIHOUT, Maire \u00a0Etaient pr\u00e9sents : Messieurs Olivier de CONIHOUT, Francis LEGROUT, Jean-Fran\u00e7ois DEROIDE, Philippe BOSQUET, David PETITON, Christophe [&hellip;]\" \/>\n<meta property=\"og:url\" content=\"https:\/\/www.ste-marguerite-sur-mer.fr\/de\/compte-rendu-du-conseil-municipal-du-09-juillet-2021\/\" \/>\n<meta property=\"og:site_name\" content=\"Mairie de Sainte-Marguerite Sur Mer\" \/>\n<meta property=\"article:author\" content=\"www.facebook.com\/MairieSainteMargueritesurmer\" \/>\n<meta property=\"article:published_time\" content=\"2021-08-16T07:39:35+00:00\" \/>\n<meta name=\"author\" content=\"mairie.stemargueritesurmer@wanadoo.fr\" \/>\n<meta name=\"twitter:card\" content=\"summary_large_image\" \/>\n<meta name=\"twitter:label1\" content=\"Verfasst von\" \/>\n\t<meta name=\"twitter:data1\" content=\"mairie.stemargueritesurmer@wanadoo.fr\" \/>\n\t<meta name=\"twitter:label2\" content=\"Gesch\u00e4tzte Lesezeit\" \/>\n\t<meta name=\"twitter:data2\" content=\"7\u00a0Minuten\" \/>\n<script type=\"application\/ld+json\" class=\"yoast-schema-graph\">{\"@context\":\"https:\/\/schema.org\",\"@graph\":[{\"@type\":\"WebPage\",\"@id\":\"https:\/\/www.ste-marguerite-sur-mer.fr\/compte-rendu-du-conseil-municipal-du-09-juillet-2021\/\",\"url\":\"https:\/\/www.ste-marguerite-sur-mer.fr\/compte-rendu-du-conseil-municipal-du-09-juillet-2021\/\",\"name\":\"Compte-rendu du Conseil Municipal du 09 juillet 2021 - Mairie de Sainte-Marguerite Sur Mer\",\"isPartOf\":{\"@id\":\"https:\/\/www.ste-marguerite-sur-mer.fr\/#website\"},\"datePublished\":\"2021-08-16T07:39:35+00:00\",\"author\":{\"@id\":\"https:\/\/www.ste-marguerite-sur-mer.fr\/#\/schema\/person\/4875f0d9570fa9643b4953b06cadbd28\"},\"breadcrumb\":{\"@id\":\"https:\/\/www.ste-marguerite-sur-mer.fr\/compte-rendu-du-conseil-municipal-du-09-juillet-2021\/#breadcrumb\"},\"inLanguage\":\"de\",\"potentialAction\":[{\"@type\":\"ReadAction\",\"target\":[\"https:\/\/www.ste-marguerite-sur-mer.fr\/compte-rendu-du-conseil-municipal-du-09-juillet-2021\/\"]}]},{\"@type\":\"BreadcrumbList\",\"@id\":\"https:\/\/www.ste-marguerite-sur-mer.fr\/compte-rendu-du-conseil-municipal-du-09-juillet-2021\/#breadcrumb\",\"itemListElement\":[{\"@type\":\"ListItem\",\"position\":1,\"name\":\"Accueil\",\"item\":\"https:\/\/www.ste-marguerite-sur-mer.fr\/\"},{\"@type\":\"ListItem\",\"position\":2,\"name\":\"Compte-rendu du Conseil Municipal du 09 juillet 2021\"}]},{\"@type\":\"WebSite\",\"@id\":\"https:\/\/www.ste-marguerite-sur-mer.fr\/#website\",\"url\":\"https:\/\/www.ste-marguerite-sur-mer.fr\/\",\"name\":\"Mairie de Sainte-Marguerite Sur Mer\",\"description\":\"commune de normandie\",\"potentialAction\":[{\"@type\":\"SearchAction\",\"target\":{\"@type\":\"EntryPoint\",\"urlTemplate\":\"https:\/\/www.ste-marguerite-sur-mer.fr\/?s={search_term_string}\"},\"query-input\":{\"@type\":\"PropertyValueSpecification\",\"valueRequired\":true,\"valueName\":\"search_term_string\"}}],\"inLanguage\":\"de\"},{\"@type\":\"Person\",\"@id\":\"https:\/\/www.ste-marguerite-sur-mer.fr\/#\/schema\/person\/4875f0d9570fa9643b4953b06cadbd28\",\"name\":\"mairie.stemargueritesurmer@wanadoo.fr\",\"image\":{\"@type\":\"ImageObject\",\"inLanguage\":\"de\",\"@id\":\"https:\/\/www.ste-marguerite-sur-mer.fr\/#\/schema\/person\/image\/\",\"url\":\"https:\/\/secure.gravatar.com\/avatar\/40ab497ab45615f9e8602bea4f1611c6cec0aa64725a35223b24c4c66a09055d?s=96&d=mm&r=g\",\"contentUrl\":\"https:\/\/secure.gravatar.com\/avatar\/40ab497ab45615f9e8602bea4f1611c6cec0aa64725a35223b24c4c66a09055d?s=96&d=mm&r=g\",\"caption\":\"mairie.stemargueritesurmer@wanadoo.fr\"},\"sameAs\":[\"www.facebook.com\/MairieSainteMargueritesurmer\"]}]}<\/script>\n<!-- \/ Yoast SEO plugin. -->","yoast_head_json":{"title":"Compte-rendu du Conseil Municipal du 09 juillet 2021 - Mairie de Sainte-Marguerite Sur Mer","robots":{"index":"index","follow":"follow","max-snippet":"max-snippet:-1","max-image-preview":"max-image-preview:large","max-video-preview":"max-video-preview:-1"},"canonical":"https:\/\/www.ste-marguerite-sur-mer.fr\/de\/compte-rendu-du-conseil-municipal-du-09-juillet-2021\/","og_locale":"de_DE","og_type":"article","og_title":"Compte-rendu du Conseil Municipal du 09 juillet 2021 - Mairie de Sainte-Marguerite Sur Mer","og_description":"L\u2019an deux mil VINGT ET UN, le NEUF du mois de JUILLET, \u00e0 DIX-HUIT heures TRENTE minutes, le Conseil Municipal l\u00e9galement convoqu\u00e9 s\u2019est r\u00e9uni, en s\u00e9ance publique, sous la pr\u00e9sidence de Monsieur Olivier de CONIHOUT, Maire \u00a0Etaient pr\u00e9sents : Messieurs Olivier de CONIHOUT, Francis LEGROUT, Jean-Fran\u00e7ois DEROIDE, Philippe BOSQUET, David PETITON, Christophe [&hellip;]","og_url":"https:\/\/www.ste-marguerite-sur-mer.fr\/de\/compte-rendu-du-conseil-municipal-du-09-juillet-2021\/","og_site_name":"Mairie de Sainte-Marguerite Sur Mer","article_author":"www.facebook.com\/MairieSainteMargueritesurmer","article_published_time":"2021-08-16T07:39:35+00:00","author":"mairie.stemargueritesurmer@wanadoo.fr","twitter_card":"summary_large_image","twitter_misc":{"Verfasst von":"mairie.stemargueritesurmer@wanadoo.fr","Gesch\u00e4tzte Lesezeit":"7\u00a0Minuten"},"schema":{"@context":"https:\/\/schema.org","@graph":[{"@type":"WebPage","@id":"https:\/\/www.ste-marguerite-sur-mer.fr\/compte-rendu-du-conseil-municipal-du-09-juillet-2021\/","url":"https:\/\/www.ste-marguerite-sur-mer.fr\/compte-rendu-du-conseil-municipal-du-09-juillet-2021\/","name":"Compte-rendu du Conseil Municipal du 09 juillet 2021 - Mairie de Sainte-Marguerite Sur Mer","isPartOf":{"@id":"https:\/\/www.ste-marguerite-sur-mer.fr\/#website"},"datePublished":"2021-08-16T07:39:35+00:00","author":{"@id":"https:\/\/www.ste-marguerite-sur-mer.fr\/#\/schema\/person\/4875f0d9570fa9643b4953b06cadbd28"},"breadcrumb":{"@id":"https:\/\/www.ste-marguerite-sur-mer.fr\/compte-rendu-du-conseil-municipal-du-09-juillet-2021\/#breadcrumb"},"inLanguage":"de","potentialAction":[{"@type":"ReadAction","target":["https:\/\/www.ste-marguerite-sur-mer.fr\/compte-rendu-du-conseil-municipal-du-09-juillet-2021\/"]}]},{"@type":"BreadcrumbList","@id":"https:\/\/www.ste-marguerite-sur-mer.fr\/compte-rendu-du-conseil-municipal-du-09-juillet-2021\/#breadcrumb","itemListElement":[{"@type":"ListItem","position":1,"name":"Accueil","item":"https:\/\/www.ste-marguerite-sur-mer.fr\/"},{"@type":"ListItem","position":2,"name":"Compte-rendu du Conseil Municipal du 09 juillet 2021"}]},{"@type":"WebSite","@id":"https:\/\/www.ste-marguerite-sur-mer.fr\/#website","url":"https:\/\/www.ste-marguerite-sur-mer.fr\/","name":"Mairie de Sainte-Marguerite Sur Mer","description":"commune de normandie","potentialAction":[{"@type":"SearchAction","target":{"@type":"EntryPoint","urlTemplate":"https:\/\/www.ste-marguerite-sur-mer.fr\/?s={search_term_string}"},"query-input":{"@type":"PropertyValueSpecification","valueRequired":true,"valueName":"search_term_string"}}],"inLanguage":"de"},{"@type":"Person","@id":"https:\/\/www.ste-marguerite-sur-mer.fr\/#\/schema\/person\/4875f0d9570fa9643b4953b06cadbd28","name":"mairie.stemargueritesurmer@wanadoo.fr","image":{"@type":"ImageObject","inLanguage":"de","@id":"https:\/\/www.ste-marguerite-sur-mer.fr\/#\/schema\/person\/image\/","url":"https:\/\/secure.gravatar.com\/avatar\/40ab497ab45615f9e8602bea4f1611c6cec0aa64725a35223b24c4c66a09055d?s=96&d=mm&r=g","contentUrl":"https:\/\/secure.gravatar.com\/avatar\/40ab497ab45615f9e8602bea4f1611c6cec0aa64725a35223b24c4c66a09055d?s=96&d=mm&r=g","caption":"mairie.stemargueritesurmer@wanadoo.fr"},"sameAs":["www.facebook.com\/MairieSainteMargueritesurmer"]}]}},"_links":{"self":[{"href":"https:\/\/www.ste-marguerite-sur-mer.fr\/de\/wp-json\/wp\/v2\/posts\/3606","targetHints":{"allow":["GET"]}}],"collection":[{"href":"https:\/\/www.ste-marguerite-sur-mer.fr\/de\/wp-json\/wp\/v2\/posts"}],"about":[{"href":"https:\/\/www.ste-marguerite-sur-mer.fr\/de\/wp-json\/wp\/v2\/types\/post"}],"author":[{"embeddable":true,"href":"https:\/\/www.ste-marguerite-sur-mer.fr\/de\/wp-json\/wp\/v2\/users\/5"}],"replies":[{"embeddable":true,"href":"https:\/\/www.ste-marguerite-sur-mer.fr\/de\/wp-json\/wp\/v2\/comments?post=3606"}],"version-history":[{"count":1,"href":"https:\/\/www.ste-marguerite-sur-mer.fr\/de\/wp-json\/wp\/v2\/posts\/3606\/revisions"}],"predecessor-version":[{"id":3607,"href":"https:\/\/www.ste-marguerite-sur-mer.fr\/de\/wp-json\/wp\/v2\/posts\/3606\/revisions\/3607"}],"wp:attachment":[{"href":"https:\/\/www.ste-marguerite-sur-mer.fr\/de\/wp-json\/wp\/v2\/media?parent=3606"}],"wp:term":[{"taxonomy":"category","embeddable":true,"href":"https:\/\/www.ste-marguerite-sur-mer.fr\/de\/wp-json\/wp\/v2\/categories?post=3606"},{"taxonomy":"post_tag","embeddable":true,"href":"https:\/\/www.ste-marguerite-sur-mer.fr\/de\/wp-json\/wp\/v2\/tags?post=3606"}],"curies":[{"name":"wp","href":"https:\/\/api.w.org\/{rel}","templated":true}]}}