{"id":3635,"date":"2021-11-17T11:39:55","date_gmt":"2021-11-17T10:39:55","guid":{"rendered":"https:\/\/www.ste-marguerite-sur-mer.fr\/?p=3635"},"modified":"2022-06-28T16:47:02","modified_gmt":"2022-06-28T14:47:02","slug":"compte-rendu-de-la-reunion-du-conseil-municipal-du-03-septembre-2021","status":"publish","type":"post","link":"https:\/\/www.ste-marguerite-sur-mer.fr\/de\/compte-rendu-de-la-reunion-du-conseil-municipal-du-03-septembre-2021\/","title":{"rendered":"PROTOKOLL DER STADTRATSSITZUNG VOM 03. SEPTEMBER 2021"},"content":{"rendered":"<p>Im zweitausendundeinundzwanzigsten Jahr, am DREIEN SEPTEMBER, um ACHTZEHN Uhr DREIZIG Minuten, kam der ordnungsgem\u00e4\u00df einberufene Gemeinderat unter dem Vorsitz von Herrn Olivier de CONIHOUT, B\u00fcrgermeister, zu einer \u00f6ffentlichen Sitzung zusammen.<\/p>\n<p>Anwesend waren :<br \/>\n- Herren Olivier de CONIHOUT, Francis LEGROUT, Jean-Fran\u00e7ois DEROIDE, Philippe BOSQUET, Christophe TIRARD, Philippe HERITIER<br \/>\n- Damen V\u00e9ronique DEPREUX, Brigitte GAUTHIER-DARCET, Christine MOUQUET, Catherine CORNILLOT<br \/>\nAbwesend:<br \/>\n- Herr David PETITON<\/p>\n<p>Herr Jean-Fran\u00e7ois DEROIDE wurde zum Sitzungssekret\u00e4r gew\u00e4hlt.<\/p>\n<p>Datum der Einberufung: 24. August 2021 Datum der Bekanntmachung: 24. August 2021<\/p>\n<p>Nachdem festgestellt wurde, dass die Gesundheitsma\u00dfnahmen (k\u00f6rperliche Distanzierung, Gesundheitspass) eingehalten wurden, er\u00f6ffnet der B\u00fcrgermeister die Sitzung.<\/p>\n<p>Tagesordnung :<\/p>\n<p>- Annahme des Protokolls der vorangegangenen Sitzung<br \/>\n- Mitteilungen des B\u00fcrgermeisters<br \/>\n- Mitteilungen der Kommissionen<br \/>\n- \u00c4nderung der Konventionen des Strandrestaurants<br \/>\n- Vereinbarung \u00fcber die Einrichtung eines Foodtrucks<br \/>\n- Scheck einl\u00f6sen: Kermesse des deux clochers<br \/>\n- Kauf einer verschl\u00fcsselten Festplatte<br \/>\n- Verschiedene Fragen<\/p>\n<p>ANNAHME DES PROTOKOLLS DER VORANGEGANGENEN SITZUNG<\/p>\n<p>Das Protokoll der vorangegangenen Sitzung, das jedem Mitglied des Gemeinderats vorab \u00fcbermittelt wurde, wurde einstimmig angenommen, da es keine Anmerkungen gab.<\/p>\n<p>MITTEILUNGEN DES B\u00dcRGERMEISTERS<\/p>\n<p>Agenda seit dem letzten Treffen<br \/>\n10. Juli: Generalversammlung ASA de Vasterival<br \/>\n10. Juli: Festival \"Sur les chemins du Phare\" - Verein MARAKANA<br \/>\n14. Juli: Kranzniederlegung (11 Uhr) - Neujahrsw\u00fcnsche des B\u00fcrgermeisters (11.30 Uhr) - Konzert \"18h \u00e0 la plage\" (18 Uhr am Strand)<br \/>\n19. Juli: Unterzeichnung des Kaufs des Grundst\u00fccks \"Rue de la Ferme\".<br \/>\n20. Juli: Besuch vor Ort bei CEREMA (Vasterival-Tal)<br \/>\n23. Juli: Vernissage des Sommersalons - Cap d'Ailly<br \/>\n25. Juli: Fest der Heiligen Margarete ( Messe um 10:30 Uhr)<br \/>\n16. August: Treffen mit Herrn TOPIN (Bassins Versants) f\u00fcr das Projekt \"Rue de la Ferme\".<br \/>\n19. August: Gedenkzeremonien zum kanadischen \u00dcberfall<br \/>\n24. August: Kommunikationsausschuss<br \/>\n01. September: Ausschuss f\u00fcr Gemeindeleben<br \/>\n02. September: Treffen mit GAN-Versicherungen zur Pr\u00fcfung der Vertr\u00e4ge<\/p>\n<p>Kommende Agenda <\/p>\n<p>10. September: Treffen zur Organisation der Gedenkfeiern zum 19. August 2022<br \/>\n11. September: Hochzeit von Herrn FRIBOURG und Frau ALESSANDRI<br \/>\n11. September: Musikalische Lesungen, vorgeschlagen von Cap d'Ailly - Kirche<br \/>\n18. September: Hochzeit von Mr LAIGNIER und Melle SANNIER<br \/>\n18. September: \u00d6ffnung des Leuchtturms f\u00fcr die Tage des Kulturerbes - Cap d'Ailly<br \/>\n19. September: Besuch der Wassereinzugsgebiete zur Kontrolle der Bauwerke<br \/>\n27. September: Gemeinschaftsb\u00fcro<br \/>\n27. September: Abschlussseminar der Workshops des Territoriums<br \/>\n27. September: Ausschuss f\u00fcr Attraktivit\u00e4t des Territoriums<br \/>\n28. September: Gemeinschaftsrat<br \/>\n02. Oktober: Konzert Po\u00e8me harmonique - Cap d'Ailly - Kirche von Longueil<br \/>\n15. Oktober: Finanztreffen (Brigitte GAUTHIER-DARCET und Magali LAFOREST)<\/p>\n<p>N\u00e4chster Gemeinderat: Freitag, 15. Oktober um 18:30 Uhr<\/p>\n<p>MITTEILUNGEN DER AUSSCH\u00dcSSE<\/p>\n<p>o Ausschuss f\u00fcr Kommunikation<\/p>\n<p>- Newsletter<br \/>\nDer n\u00e4chste Newsletter wird gerade gestaltet.<br \/>\nSie wird ab dem 15. September zur Verteilung durch die Stadtteilreferenten zur Verf\u00fcgung stehen.<br \/>\n\u00dcberlegungen f\u00fcr die n\u00e4chste Ausgabe des Leuchtturms k\u00f6nnen angestellt werden. Der Rat schl\u00e4gt die Einf\u00fchrung einer R\u00fcckw\u00e4rtsplanung durch den Kommunikationsausschuss vor.<\/p>\n<p>- Kakemono<br \/>\nFrau CORNILLOT, die Herren BOSQUET und DEROIDE trafen sich, um an dem Bild f\u00fcr das Kakemono zu arbeiten. Sie bedanken sich bei Frau Nathalie HERITIER f\u00fcr den Vorschlag der Fotografien. Ein weiteres Treffen wird stattfinden, um das endg\u00fcltige Bild festzulegen.<\/p>\n<p>o Ausschuss f\u00fcr Gemeindeleben<\/p>\n<p>- Organisation des Essens f\u00fcr \u00e4ltere Menschen<br \/>\nDas n\u00e4chste Ehemaligenessen wird am Sonntag, den 21. November 2021 ab 12.00 Uhr veranstaltet.<br \/>\nEs wird Einwohnern ab 67 Jahren angeboten (d. h. etwa 60 Personen)<\/p>\n<p>- Vorbereitung der Kinderweihnachtsfeier<br \/>\nDie Weihnachtsauff\u00fchrung f\u00fcr Kinder mit anschlie\u00dfendem Imbiss findet am Samstag, den 11. Dezember ab 16 Uhr statt.<br \/>\nFrau MOUQUET erwartet in K\u00fcrze die Elemente des Kostenvoranschlags f\u00fcr die Leistung.<\/p>\n<p>o Arbeiten in der Rue de la Ferme<\/p>\n<p>- Zaun Grundst\u00fcck Rue de la Ferme<\/p>\n<p>Nach dem Kauf des Grundst\u00fccks und vor den Arbeiten zum Anlegen des Teiches in der Rue de la Ferme muss das Grundst\u00fcck eingez\u00e4unt werden.<br \/>\nEs wurden drei Angebote eingeholt, von denen zwei eingegangen sind.<br \/>\nNach eingehender Beratung stimmt der Gemeinderat der Durchf\u00fchrung der Arbeiten zu und best\u00e4tigt den Kostenvoranschlag der Firma Environnements et For\u00eats f\u00fcr einen Betrag von 5278,16\u20ac.<br \/>\nDie Ausgaben werden unter Artikel 2128 Sonstige Einrichtungen und Anlagen von Grundst\u00fccken verbucht.<\/p>\n<p>o Abholung von Gr\u00fcnabf\u00e4llen<\/p>\n<p>Die Pflege der Gr\u00fcnfl\u00e4chen in diesem Jahr erwies sich als sehr kompliziert.<br \/>\nNeben den klimatischen Bedingungen, die zu einem st\u00e4rkeren Wachstum der Pflanzen f\u00fchrten, sammelten die Gemeindearbeiter vermehrt Gr\u00fcnabf\u00e4lle ein.<br \/>\nVon einem Abholtag (dienstags) sind die Bediensteten auf eineinhalb Tage (d. h. 40% der w\u00f6chentlichen Arbeitszeit) \u00fcbergegangen. Die S\u00e4cke werden nicht mehr von der Communaut\u00e9 d'Agglom\u00e9ration zur Verf\u00fcgung gestellt. Die Bedingungen f\u00fcr die Durchf\u00fchrung der Abholung sind zudem schwierig.<\/p>\n<p>Viele Einwohner machen regelm\u00e4\u00dfig die Bemerkung, dass die Gr\u00fcnfl\u00e4chen in der gesamten Gemeinde nicht gepflegt werden. <\/p>\n<p>Herr LEGROUT schlug vor, dass die Communaut\u00e9 d'Agglom\u00e9ration kontaktiert werden sollte, um die im letzten Jahr vorgeschlagene \u00dcbertragung der Zust\u00e4ndigkeit durchzuf\u00fchren. Dies w\u00fcrde zu einer Erh\u00f6hung der M\u00fcllgeb\u00fchren f\u00fcr die Einwohner f\u00fchren.<br \/>\nDie L\u00f6sung, den Service ganz abzuschaffen, scheint nicht m\u00f6glich, da die Einwohner dann gezwungen w\u00e4ren, ihren Gr\u00fcnabfall zur M\u00fcllabfuhr zu bringen. <\/p>\n<p>Die Communaut\u00e9 d'Agglom\u00e9ration wird demn\u00e4chst kontaktiert, um die Auswirkungen auf die M\u00fcllabfuhrgeb\u00fchr genauer zu bewerten.<br \/>\nDie Entscheidung wird daher auf die Ratssitzung am 15. Oktober 2021 vertagt.<\/p>\n<p>\u00dcBEREINKOMMEN ZUM STRANDRESTAURANT UND ZUR AUSTERNBAR<\/p>\n<p>Gem\u00e4\u00df den darin enthaltenen Bestimmungen werden die derzeitigen Vereinbarungen nicht verl\u00e4ngert. <\/p>\n<p>Die K\u00fcndigung der beiden Vereinbarungen (Restaurant und Austernbar) wurde per Einschreiben \u00fcbermittelt. <\/p>\n<p>In K\u00fcrze wird ein Aufruf zur Einreichung von Projekten ver\u00f6ffentlicht, um alle Ideen interessierter Bewerber zu pr\u00fcfen. Die Pr\u00fcfung erfolgt auf der Grundlage eines von jedem Bewerber eingereichten Dossiers, dessen erwarteter Inhalt in einer Projektausschreibung, von der jedes Ratsmitglied eine Kopie erhalten hat, detailliert aufgef\u00fchrt ist.<\/p>\n<p>Dieser Projektaufruf wird an den Anschlagtafeln im Rathaus ausgeh\u00e4ngt und ist auf der Website der Gemeinde verf\u00fcgbar.<\/p>\n<p>VEREINBARUNG \u00dcBER DIE EINRICHTUNG EINES FOODTRUCKS<\/p>\n<p>Der Rat hatte in seiner Sitzung vom 09. Juli der Einrichtung eines Foodtrucks durch die Firma TRUCK MULTICOLORE, vertreten durch Herrn SOULET Gauthier, zugestimmt; Strandparkplatz.<\/p>\n<p>Da sie bislang keine Neuigkeiten erhalten haben, wird die Beratung \u00fcber die Dauer und die angewandten Tarife verschoben. <\/p>\n<p>EINL\u00d6SUNG EINES SCHECKS <\/p>\n<p>Wir haben einen Scheck \u00fcber 500 \u20ac von der Vereinigung Clochers de l'Ailly erhalten, der nach der Kirmes der Kircht\u00fcrme am Sonntag, den 1. August 2021, gespendet wurde. Ein Dankesschreiben wurde im Namen aller Ratsmitglieder \u00fcbermittelt. F\u00fcr die Einl\u00f6sung ist ein Beschluss erforderlich.<\/p>\n<p>Die Ratsmitglieder stimmen dem einstimmig zu.<\/p>\n<p>KAUF EINER KRYPTISCHEN FESTPLATTE<\/p>\n<p>Die Datenschutzverordnung schreibt vor, dass Computerdokumente gesch\u00fctzt werden k\u00f6nnen.<br \/>\nDie Datensicherung bleibt heute auf einfachen externen Festplatten.<br \/>\nHerr DEROIDE schl\u00e4gt vor, dass diese durch eine Festplatte ersetzt werden, deren Daten verschl\u00fcsselt werden k\u00f6nnen.<br \/>\nEin von der Firma ABIS erstellter Kostenvoranschlag in H\u00f6he von 99,48 \u20ac wurde vorgeschlagen.<br \/>\nNach einer Beratung stimmt der Rat dem Kauf bei der Firma ABIS zu.<\/p>\n<p>VERSCHIEDENE FRAGEN<\/p>\n<p>- Aufnahme eines leerstehenden Gutes in den kommunalen Privatbesitz Parzelle A 345<\/p>\n<p>Angesichts des Beschlusses des Gerichtshofs Dieppe Nr. 21\/00133 vom 26. Juli 2021, mit dem der Nachlass von Frau Fran\u00e7oise MARIE, verwitwete MESNIER-PIERROUTET, f\u00fcr vakant erkl\u00e4rt wurde,<br \/>\nIn Anbetracht dessen, dass kein Eigent\u00fcmer seine Rechte geltend gemacht hat und auch keinen Anspruch auf das Grundst\u00fcck mit der Katasternummer A 345,mit einer Fl\u00e4che von 603 m\u00b2 erhoben hat, <\/p>\n<p>Nach diesen Ausf\u00fchrungen und Beratungen stimmt der Gemeinderat einstimmig zu,<br \/>\n- erm\u00e4chtigt die Gemeinde, den Nachlassverwalter (Tr\u00e9sor Public de Picardie et de la Somme) zu kontaktieren, um seinen Wunsch nach einer freih\u00e4ndigen Ver\u00e4u\u00dferung der Parzelle zu \u00e4u\u00dfern;<br \/>\n- erm\u00e4chtigt den B\u00fcrgermeister, im Namen und f\u00fcr Rechnung der Gemeinde alle Dokumente administrativer, technischer oder finanzieller Art zu unterzeichnen, die zur Durchf\u00fchrung des vorliegenden Beschlusses notwendig sind<\/p>\n<p>- Stagiairisation von Frau Louise BELLET<\/p>\n<p>Der befristete Vertrag von Frau BELLET l\u00e4uft im November 2021 aus.<br \/>\nNach drei Jahren wird es notwendig, \u00fcber eine m\u00f6gliche Probezeit vor der Festanstellung zu sprechen.<br \/>\nFrau BELLET wurde am Mittwoch, den 1. September, von Frau DEPREUX zu einem professionellen Gespr\u00e4ch empfangen. Es wurde eine Stellenbeschreibung erstellt, die von der Mitarbeiterin und dem Arbeitgeber best\u00e4tigt wurde.<\/p>\n<p>Die Praktikumsstelle von Frau BELLET wird Gegenstand einer Streichung einer nicht dauerhaften Stelle und einer Schaffung einer dauerhaften Stelle sein. Derzeit hat sie einen Vertrag \u00fcber 20 Stunden pro Woche. Die Dauer wird nicht ge\u00e4ndert. Laut Stellenbeschreibung wird Frau BELLET samstagmorgens auf dem Markt anwesend sein sowie bei punktuellen Zeremonien (Neujahrsgr\u00fc\u00dfe, Essen der alten Leute...).<br \/>\nDie Probezeit k\u00f6nnte am 1. November 2021 beginnen, eine m\u00f6gliche Festanstellung am 1. November 2022.<\/p>\n<p>Der Gemeinderat best\u00e4tigt einstimmig die Schaffung einer permanenten Teilzeitstelle (20 Stunden\/Woche) f\u00fcr einen technischen Beigeordneten, die der Praktikumsstelle von Frau Louise BELLET entspricht.<\/p>\n<p>- J\u00e4hrliche Zusatzentsch\u00e4digung f\u00fcr technische Bedienstete<\/p>\n<p>Diese Frage wurde vor dem Gespr\u00e4ch mit Frau BELLET mit Frau DEPREUX besprochen:<br \/>\nEine j\u00e4hrliche Zusatzverg\u00fctung (CIA), die das berufliche Engagement und die Dienstauffassung ber\u00fccksichtigt, wird j\u00e4hrlich an die Gemeindebediensteten vergeben.<\/p>\n<p>Im Jahr 2019 wurde der CIA f\u00fcr das Verwaltungspersonal nach unten korrigiert.<\/p>\n<p>Angesichts der Qualifikationen und der Motivation unserer Mitarbeiter best\u00e4tigt der Gemeinderat einstimmig die Erh\u00f6hung des CIA auf 200 \u20ac, d. h. 100 \u20ac mehr pro Mitarbeiter, die im November ausgezahlt werden).<\/p>\n<p>- Vorschlag f\u00fcr Zumba- \/ Dancefit-Kurse<\/p>\n<p>Emilie Bocquet hat Frau Mouquet gebeten, einen Zumba-\/Dancefit-Kurs (eine Stunde) in Ste-Marguerite zu geben. Ihr Verein (Les Quiberladies) ist seit mehreren Jahren erfolgreich in Quiberville t\u00e4tig und hat mit Schulkindern gearbeitet. Sie hat Pl\u00e4ne f\u00fcr eine Show in Verbindung mit Marakana.<br \/>\nFrau Mouquet schl\u00e4gt den Zeitabschnitt von 18:30 bis 19:30 Uhr am Freitag vor. <\/p>\n<p>- Kalender der Sitzungen des Gemeinderats 2022<\/p>\n<p>Die Ratsmitglieder legten gemeinsam den folgenden vorl\u00e4ufigen Zeitplan fest:<\/p>\n<p>- Freitag, 21. Januar 2022 - Freitag, 24. Juni 2022<br \/>\n- Freitag, 18. Februar 2022 - Freitag, 02. September 2022<br \/>\n- Freitag, 18. M\u00e4rz 2022 - Freitag, 14. Oktober 2022<br \/>\n- Freitag, 29. April 2022 - Freitag, 25. November 2022<br \/>\n- Freitag, 20. Mai 2022 - Freitag, 06. Januar 2023<\/p>\n<p>\t\t\t\t\tDer B\u00fcrgermeister schlie\u00dft die Sitzung um 20:45 Uhr.<\/p>\n<p>\t\t\tF\u00fcr Auszug<br \/>\n\t\tBeglaubigt<\/p>\n<p>\t\tDer B\u00fcrgermeister<br \/>\n\t\tOlivier de Conihout<\/p>","protected":false},"excerpt":{"rendered":"<p>Im Jahr zweitausendachthunderteinundzwanzig, am dritten September, um achtundneunzig Uhr drei\u00dfig Minuten, kam der ordnungsgem\u00e4\u00df einberufene Gemeinderat unter dem Vorsitz von Herrn Olivier de CONIHOUT, B\u00fcrgermeister, zu einer \u00f6ffentlichen Sitzung zusammen Anwesend waren: - Herren Olivier de CONIHOUT, Francis LEGROUT, Jean-Fran\u00e7ois DEROIDE, Philippe BOSQUET, Christophe TIRARD, [...].<\/p>","protected":false},"author":5,"featured_media":0,"comment_status":"open","ping_status":"open","sticky":false,"template":"","format":"standard","meta":{"footnotes":""},"categories":[19,56],"tags":[],"class_list":["post-3635","post","type-post","status-publish","format-standard","hentry","category-affichage_municipal","category-compte-rendus-du-cm"],"yoast_head":"<!-- This site is optimized with the Yoast SEO plugin v25.3 - https:\/\/yoast.com\/wordpress\/plugins\/seo\/ -->\n<title>COMPTE RENDU DE LA REUNION DU CONSEIL MUNICIPAL DU 03 SEPTEMBRE 2021 - Mairie de Sainte-Marguerite Sur Mer<\/title>\n<meta name=\"robots\" content=\"index, follow, max-snippet:-1, max-image-preview:large, max-video-preview:-1\" \/>\n<link rel=\"canonical\" href=\"https:\/\/www.ste-marguerite-sur-mer.fr\/de\/compte-rendu-de-la-reunion-du-conseil-municipal-du-03-septembre-2021\/\" \/>\n<meta property=\"og:locale\" content=\"de_DE\" \/>\n<meta property=\"og:type\" content=\"article\" \/>\n<meta property=\"og:title\" content=\"COMPTE RENDU DE LA REUNION DU CONSEIL MUNICIPAL DU 03 SEPTEMBRE 2021 - Mairie de Sainte-Marguerite Sur Mer\" \/>\n<meta property=\"og:description\" content=\"L\u2019an deux mil VINGT ET UN, le TROIS du mois de SEPTEMBRE, \u00e0 DIX-HUIT heures TRENTE minutes, le Conseil Municipal l\u00e9galement convoqu\u00e9 s\u2019est r\u00e9uni, en s\u00e9ance publique, sous la pr\u00e9sidence de Monsieur Olivier de CONIHOUT, Maire Etaient pr\u00e9sents : &#8211; Messieurs Olivier de CONIHOUT, Francis LEGROUT, Jean-Fran\u00e7ois DEROIDE, Philippe BOSQUET, Christophe TIRARD, [&hellip;]\" \/>\n<meta property=\"og:url\" content=\"https:\/\/www.ste-marguerite-sur-mer.fr\/de\/compte-rendu-de-la-reunion-du-conseil-municipal-du-03-septembre-2021\/\" \/>\n<meta property=\"og:site_name\" content=\"Mairie de Sainte-Marguerite Sur Mer\" \/>\n<meta property=\"article:author\" content=\"www.facebook.com\/MairieSainteMargueritesurmer\" \/>\n<meta property=\"article:published_time\" content=\"2021-11-17T10:39:55+00:00\" \/>\n<meta property=\"article:modified_time\" content=\"2022-06-28T14:47:02+00:00\" \/>\n<meta name=\"author\" content=\"mairie.stemargueritesurmer@wanadoo.fr\" \/>\n<meta name=\"twitter:card\" content=\"summary_large_image\" \/>\n<meta name=\"twitter:label1\" content=\"Verfasst von\" \/>\n\t<meta name=\"twitter:data1\" content=\"mairie.stemargueritesurmer@wanadoo.fr\" \/>\n\t<meta name=\"twitter:label2\" content=\"Gesch\u00e4tzte Lesezeit\" \/>\n\t<meta name=\"twitter:data2\" content=\"9\u00a0Minuten\" \/>\n<script type=\"application\/ld+json\" class=\"yoast-schema-graph\">{\"@context\":\"https:\/\/schema.org\",\"@graph\":[{\"@type\":\"WebPage\",\"@id\":\"https:\/\/www.ste-marguerite-sur-mer.fr\/compte-rendu-de-la-reunion-du-conseil-municipal-du-03-septembre-2021\/\",\"url\":\"https:\/\/www.ste-marguerite-sur-mer.fr\/compte-rendu-de-la-reunion-du-conseil-municipal-du-03-septembre-2021\/\",\"name\":\"COMPTE RENDU DE LA REUNION DU CONSEIL MUNICIPAL DU 03 SEPTEMBRE 2021 - Mairie de Sainte-Marguerite Sur Mer\",\"isPartOf\":{\"@id\":\"https:\/\/www.ste-marguerite-sur-mer.fr\/#website\"},\"datePublished\":\"2021-11-17T10:39:55+00:00\",\"dateModified\":\"2022-06-28T14:47:02+00:00\",\"author\":{\"@id\":\"https:\/\/www.ste-marguerite-sur-mer.fr\/#\/schema\/person\/4875f0d9570fa9643b4953b06cadbd28\"},\"breadcrumb\":{\"@id\":\"https:\/\/www.ste-marguerite-sur-mer.fr\/compte-rendu-de-la-reunion-du-conseil-municipal-du-03-septembre-2021\/#breadcrumb\"},\"inLanguage\":\"de\",\"potentialAction\":[{\"@type\":\"ReadAction\",\"target\":[\"https:\/\/www.ste-marguerite-sur-mer.fr\/compte-rendu-de-la-reunion-du-conseil-municipal-du-03-septembre-2021\/\"]}]},{\"@type\":\"BreadcrumbList\",\"@id\":\"https:\/\/www.ste-marguerite-sur-mer.fr\/compte-rendu-de-la-reunion-du-conseil-municipal-du-03-septembre-2021\/#breadcrumb\",\"itemListElement\":[{\"@type\":\"ListItem\",\"position\":1,\"name\":\"Accueil\",\"item\":\"https:\/\/www.ste-marguerite-sur-mer.fr\/\"},{\"@type\":\"ListItem\",\"position\":2,\"name\":\"COMPTE RENDU DE LA REUNION DU CONSEIL MUNICIPAL DU 03 SEPTEMBRE 2021\"}]},{\"@type\":\"WebSite\",\"@id\":\"https:\/\/www.ste-marguerite-sur-mer.fr\/#website\",\"url\":\"https:\/\/www.ste-marguerite-sur-mer.fr\/\",\"name\":\"Mairie de Sainte-Marguerite Sur Mer\",\"description\":\"commune de normandie\",\"potentialAction\":[{\"@type\":\"SearchAction\",\"target\":{\"@type\":\"EntryPoint\",\"urlTemplate\":\"https:\/\/www.ste-marguerite-sur-mer.fr\/?s={search_term_string}\"},\"query-input\":{\"@type\":\"PropertyValueSpecification\",\"valueRequired\":true,\"valueName\":\"search_term_string\"}}],\"inLanguage\":\"de\"},{\"@type\":\"Person\",\"@id\":\"https:\/\/www.ste-marguerite-sur-mer.fr\/#\/schema\/person\/4875f0d9570fa9643b4953b06cadbd28\",\"name\":\"mairie.stemargueritesurmer@wanadoo.fr\",\"image\":{\"@type\":\"ImageObject\",\"inLanguage\":\"de\",\"@id\":\"https:\/\/www.ste-marguerite-sur-mer.fr\/#\/schema\/person\/image\/\",\"url\":\"https:\/\/secure.gravatar.com\/avatar\/40ab497ab45615f9e8602bea4f1611c6cec0aa64725a35223b24c4c66a09055d?s=96&d=mm&r=g\",\"contentUrl\":\"https:\/\/secure.gravatar.com\/avatar\/40ab497ab45615f9e8602bea4f1611c6cec0aa64725a35223b24c4c66a09055d?s=96&d=mm&r=g\",\"caption\":\"mairie.stemargueritesurmer@wanadoo.fr\"},\"sameAs\":[\"www.facebook.com\/MairieSainteMargueritesurmer\"]}]}<\/script>\n<!-- \/ Yoast SEO plugin. -->","yoast_head_json":{"title":"COMPTE RENDU DE LA REUNION DU CONSEIL MUNICIPAL DU 03 SEPTEMBRE 2021 - Mairie de Sainte-Marguerite Sur Mer","robots":{"index":"index","follow":"follow","max-snippet":"max-snippet:-1","max-image-preview":"max-image-preview:large","max-video-preview":"max-video-preview:-1"},"canonical":"https:\/\/www.ste-marguerite-sur-mer.fr\/de\/compte-rendu-de-la-reunion-du-conseil-municipal-du-03-septembre-2021\/","og_locale":"de_DE","og_type":"article","og_title":"COMPTE RENDU DE LA REUNION DU CONSEIL MUNICIPAL DU 03 SEPTEMBRE 2021 - Mairie de Sainte-Marguerite Sur Mer","og_description":"L\u2019an deux mil VINGT ET UN, le TROIS du mois de SEPTEMBRE, \u00e0 DIX-HUIT heures TRENTE minutes, le Conseil Municipal l\u00e9galement convoqu\u00e9 s\u2019est r\u00e9uni, en s\u00e9ance publique, sous la pr\u00e9sidence de Monsieur Olivier de CONIHOUT, Maire Etaient pr\u00e9sents : &#8211; Messieurs Olivier de CONIHOUT, Francis LEGROUT, Jean-Fran\u00e7ois DEROIDE, Philippe BOSQUET, Christophe TIRARD, [&hellip;]","og_url":"https:\/\/www.ste-marguerite-sur-mer.fr\/de\/compte-rendu-de-la-reunion-du-conseil-municipal-du-03-septembre-2021\/","og_site_name":"Mairie de Sainte-Marguerite Sur Mer","article_author":"www.facebook.com\/MairieSainteMargueritesurmer","article_published_time":"2021-11-17T10:39:55+00:00","article_modified_time":"2022-06-28T14:47:02+00:00","author":"mairie.stemargueritesurmer@wanadoo.fr","twitter_card":"summary_large_image","twitter_misc":{"Verfasst von":"mairie.stemargueritesurmer@wanadoo.fr","Gesch\u00e4tzte Lesezeit":"9\u00a0Minuten"},"schema":{"@context":"https:\/\/schema.org","@graph":[{"@type":"WebPage","@id":"https:\/\/www.ste-marguerite-sur-mer.fr\/compte-rendu-de-la-reunion-du-conseil-municipal-du-03-septembre-2021\/","url":"https:\/\/www.ste-marguerite-sur-mer.fr\/compte-rendu-de-la-reunion-du-conseil-municipal-du-03-septembre-2021\/","name":"COMPTE RENDU DE LA REUNION DU CONSEIL MUNICIPAL DU 03 SEPTEMBRE 2021 - Mairie de Sainte-Marguerite Sur Mer","isPartOf":{"@id":"https:\/\/www.ste-marguerite-sur-mer.fr\/#website"},"datePublished":"2021-11-17T10:39:55+00:00","dateModified":"2022-06-28T14:47:02+00:00","author":{"@id":"https:\/\/www.ste-marguerite-sur-mer.fr\/#\/schema\/person\/4875f0d9570fa9643b4953b06cadbd28"},"breadcrumb":{"@id":"https:\/\/www.ste-marguerite-sur-mer.fr\/compte-rendu-de-la-reunion-du-conseil-municipal-du-03-septembre-2021\/#breadcrumb"},"inLanguage":"de","potentialAction":[{"@type":"ReadAction","target":["https:\/\/www.ste-marguerite-sur-mer.fr\/compte-rendu-de-la-reunion-du-conseil-municipal-du-03-septembre-2021\/"]}]},{"@type":"BreadcrumbList","@id":"https:\/\/www.ste-marguerite-sur-mer.fr\/compte-rendu-de-la-reunion-du-conseil-municipal-du-03-septembre-2021\/#breadcrumb","itemListElement":[{"@type":"ListItem","position":1,"name":"Accueil","item":"https:\/\/www.ste-marguerite-sur-mer.fr\/"},{"@type":"ListItem","position":2,"name":"COMPTE RENDU DE LA REUNION DU CONSEIL MUNICIPAL DU 03 SEPTEMBRE 2021"}]},{"@type":"WebSite","@id":"https:\/\/www.ste-marguerite-sur-mer.fr\/#website","url":"https:\/\/www.ste-marguerite-sur-mer.fr\/","name":"Mairie de Sainte-Marguerite Sur Mer","description":"commune de normandie","potentialAction":[{"@type":"SearchAction","target":{"@type":"EntryPoint","urlTemplate":"https:\/\/www.ste-marguerite-sur-mer.fr\/?s={search_term_string}"},"query-input":{"@type":"PropertyValueSpecification","valueRequired":true,"valueName":"search_term_string"}}],"inLanguage":"de"},{"@type":"Person","@id":"https:\/\/www.ste-marguerite-sur-mer.fr\/#\/schema\/person\/4875f0d9570fa9643b4953b06cadbd28","name":"mairie.stemargueritesurmer@wanadoo.fr","image":{"@type":"ImageObject","inLanguage":"de","@id":"https:\/\/www.ste-marguerite-sur-mer.fr\/#\/schema\/person\/image\/","url":"https:\/\/secure.gravatar.com\/avatar\/40ab497ab45615f9e8602bea4f1611c6cec0aa64725a35223b24c4c66a09055d?s=96&d=mm&r=g","contentUrl":"https:\/\/secure.gravatar.com\/avatar\/40ab497ab45615f9e8602bea4f1611c6cec0aa64725a35223b24c4c66a09055d?s=96&d=mm&r=g","caption":"mairie.stemargueritesurmer@wanadoo.fr"},"sameAs":["www.facebook.com\/MairieSainteMargueritesurmer"]}]}},"_links":{"self":[{"href":"https:\/\/www.ste-marguerite-sur-mer.fr\/de\/wp-json\/wp\/v2\/posts\/3635","targetHints":{"allow":["GET"]}}],"collection":[{"href":"https:\/\/www.ste-marguerite-sur-mer.fr\/de\/wp-json\/wp\/v2\/posts"}],"about":[{"href":"https:\/\/www.ste-marguerite-sur-mer.fr\/de\/wp-json\/wp\/v2\/types\/post"}],"author":[{"embeddable":true,"href":"https:\/\/www.ste-marguerite-sur-mer.fr\/de\/wp-json\/wp\/v2\/users\/5"}],"replies":[{"embeddable":true,"href":"https:\/\/www.ste-marguerite-sur-mer.fr\/de\/wp-json\/wp\/v2\/comments?post=3635"}],"version-history":[{"count":1,"href":"https:\/\/www.ste-marguerite-sur-mer.fr\/de\/wp-json\/wp\/v2\/posts\/3635\/revisions"}],"predecessor-version":[{"id":3636,"href":"https:\/\/www.ste-marguerite-sur-mer.fr\/de\/wp-json\/wp\/v2\/posts\/3635\/revisions\/3636"}],"wp:attachment":[{"href":"https:\/\/www.ste-marguerite-sur-mer.fr\/de\/wp-json\/wp\/v2\/media?parent=3635"}],"wp:term":[{"taxonomy":"category","embeddable":true,"href":"https:\/\/www.ste-marguerite-sur-mer.fr\/de\/wp-json\/wp\/v2\/categories?post=3635"},{"taxonomy":"post_tag","embeddable":true,"href":"https:\/\/www.ste-marguerite-sur-mer.fr\/de\/wp-json\/wp\/v2\/tags?post=3635"}],"curies":[{"name":"wp","href":"https:\/\/api.w.org\/{rel}","templated":true}]}}