{"id":3835,"date":"2022-09-08T11:12:52","date_gmt":"2022-09-08T09:12:52","guid":{"rendered":"https:\/\/www.ste-marguerite-sur-mer.fr\/?p=3835"},"modified":"2022-09-08T11:12:52","modified_gmt":"2022-09-08T09:12:52","slug":"compte-rendu-de-la-reunion-du-24-juin-2022","status":"publish","type":"post","link":"https:\/\/www.ste-marguerite-sur-mer.fr\/de\/compte-rendu-de-la-reunion-du-24-juin-2022\/","title":{"rendered":"Protokoll des Treffens vom 24. Juni 2022"},"content":{"rendered":"<div class=\"fusion-fullwidth fullwidth-box fusion-builder-row-1 fusion-flex-container has-pattern-background has-mask-background nonhundred-percent-fullwidth non-hundred-percent-height-scrolling\" style=\"background-color: rgba(255,255,255,0);background-position: center center;background-repeat: no-repeat;border-width: 0px 0px 0px 0px;border-color:#e7e4e2;border-style:solid;\" ><div class=\"fusion-builder-row fusion-row fusion-flex-align-items-flex-start\" style=\"max-width:1331.2px;margin-left: calc(-4% \/ 2 );margin-right: calc(-4% \/ 2 );\"><div class=\"fusion-layout-column fusion_builder_column fusion-builder-column-0 fusion_builder_column_1_1 1_1 fusion-flex-column\"><div class=\"fusion-column-wrapper fusion-flex-justify-content-flex-start fusion-content-layout-column\" style=\"background-position:left top;background-repeat:no-repeat;-webkit-background-size:cover;-moz-background-size:cover;-o-background-size:cover;background-size:cover;padding: 0px 0px 0px 0px;\"><div class=\"fusion-text fusion-text-1\"><p><strong><em><u>Protokoll der Sitzung des Gemeinderats<\/u><\/em><\/strong><\/p>\n<p><strong><em><u>Sitzung am 24. Juni 2022<\/u><\/em><\/strong><\/p>\n<p><em>Im Jahr zweitausendzweiundzwanzig, am vierundzwanzigsten Juni, um achtundneunzig Uhr dreiunddrei\u00dfig Minuten, kam der ordnungsgem\u00e4\u00df einberufene Gemeinderat unter dem Vorsitz von Frau V\u00e9ronique DEPREUX, 1.<sup>\u00e4ische Kommission<\/sup> stellvertretende B\u00fcrgermeisterin, f\u00fcr den verhinderten B\u00fcrgermeister.<\/em><\/p>\n<p><em>\u00a0<\/em><em><u>Anwesend waren <\/u><\/em><em>: <\/em><\/p>\n<ul>\n<li><em>Damen V\u00e9ronique DEPREUX, Brigitte GAUTHIER-DARCET, Christine MOUQUET, Catherine CORNILLOT<\/em><\/li>\n<li><em>Herren Francis LEGROUT, David PETITON, Philippe HERITIER, Philippe BOSQUET, Jean-Fran\u00e7ois DEROIDE, Christophe TIRARD<\/em><\/li>\n<\/ul>\n<p><em>\u00a0<\/em><em><u>Entschuldigt abwesend <\/u><\/em><em>: <\/em><\/p>\n<ul>\n<li><em>Herr Olivier de CONIHOUT<\/em><\/li>\n<\/ul>\n<p><em>\u00a0<\/em><em><u>Macht<\/u><\/em><em> : <\/em><\/p>\n<ul>\n<li><em>Herr Olivier de CONIHOUT an Frau V\u00e9ronique DEPREUX<\/em><\/li>\n<\/ul>\n<p><em>\u00a0<\/em><em>\u00a0<\/em><\/p>\n<p><em>Herr Jean-Fran\u00e7ois DEROIDE wurde zum Sitzungssekret\u00e4r gew\u00e4hlt.<\/em><\/p>\n<p><em>\u00a0<\/em><\/p>\n<p><em>\u00a0<\/em><em><u>Datum der Einberufung<\/u><\/em><em>\u00a0: am 16. Juni 2022 \u00a0\u00a0\u00a0\u00a0\u00a0\u00a0\u00a0\u00a0<u>Datum der Anzeige<\/u>\u00a0: am 16. Juni 2022<\/em><\/p>\n<p><em>\u00a0<\/em><em>Die Pr\u00e4sidentin er\u00f6ffnet die Sitzung.<\/em><\/p>\n<p><em>\u00a0<\/em><strong><em><u>Tagesordnung<\/u><\/em><\/strong><strong><em>\u00a0:<\/em><\/strong><\/p>\n<ul>\n<li><em>Annahme des Protokolls der vorangegangenen Sitzung<\/em><\/li>\n<li><em>Mitteilungen des B\u00fcrgermeisters<\/em><\/li>\n<li><em>Mitteilungen der Kommissionen<\/em><\/li>\n<li><em>Haushaltspunkt<\/em><\/li>\n<li><em>Genehmigung des lokalen Stadtentwicklungsplans (PLU)<\/em><\/li>\n<li><em>Verschiedene Fragen (Einf\u00fchrung des DPU, Ver\u00f6ffentlichung von Urkunden, Computerverkauf)<\/em><\/li>\n<\/ul>\n<p><strong><em>\u00a0<\/em><\/strong><\/p>\n<p><strong><em>\u00a0<\/em><\/strong><\/p>\n<p><strong><em><u>Verabschiedung des Protokolls der vorherigen Sitzung<\/u><\/em><\/strong><\/p>\n<p><em>\u00a0<\/em><em>Das Protokoll der vorangegangenen Sitzung, das jedem Mitglied des Gemeinderats vorab \u00fcbermittelt wurde, wurde einstimmig angenommen, da es keine Anmerkungen gab.<\/em><\/p>\n<p><em>\u00a0<\/em><em>Die Ratsmitglieder stellen jedoch Fragen zu der auf der letzten Sitzung gew\u00e4hrten Hilfe in Richtung der Communaut\u00e9 d'Agglom\u00e9ration Dieppe-Maritime und insbesondere zu ihrer Integration in die \"Ausgleichszuweisungen\", wodurch der Begriff des gew\u00e4hrten au\u00dferordentlichen Vorschusses unklar wird.<\/em><\/p>\n<p><em>Alle bekr\u00e4ftigten, wie wichtig es sei, dass die Agglomerationsgemeinschaft ein Schriftst\u00fcck \u00fcber die R\u00fcckzahlung dieses Vorschusses im Jahr 2023 vorlege.<\/em><\/p>\n<p><em>\u00a0<\/em><\/p>\n<p><em>\u00a0<\/em><strong><em><u>Mitteilungen des B\u00fcrgermeisters<\/u><\/em><\/strong><\/p>\n<p><strong><em>Agenda seit dem letzten Treffen <\/em><\/strong><\/p>\n<p><em>23. Mai: Ende der \u00f6ffentlichen Anh\u00f6rung f\u00fcr den lokalen Stadtentwicklungsplan<\/em><\/p>\n<p><em>24. Mai: Treffen zur Unterzeichnung der Dienstleistungsangebote und Er\u00f6ffnung der Baustelle f\u00fcr die Arbeiten am Rathaus<\/em><\/p>\n<p><em>28. Mai: Einweihung des Restaurants \"Les Voiles\".<\/em><\/p>\n<p><em>31. Mai: Treffen des Ausschusses f\u00fcr Gemeindeleben<\/em><\/p>\n<p><em>12. Juni: 1<sup>er<\/sup> Runde der Parlamentswahlen - Saal des Treffpunkts<\/em><\/p>\n<p><em>15. Juni: Treffen mit den Wassereinzugsgebieten (Francis LEGROUT)<\/em><\/p>\n<p><em>17. Juni: Auslegen der Bojen zur \u00dcberwachung des Strandes<\/em><\/p>\n<p><em>19. Juni: 2<sup>\u00e8me<\/sup> Runde der Parlamentswahlen - Saal des Treffpunkts<\/em><\/p>\n<p><em>20. Juni: Syndicat Mixte de Promotion de l'Activit\u00e9 Transmanche (Gemischtes Syndikat zur F\u00f6rderung der Aktivit\u00e4ten im \u00c4rmelkanal)<\/em><\/p>\n<p><em>20. Juni: Treffen des SMVOS<\/em><\/p>\n<p><em>21. Juni: 2<sup>\u00e8me<\/sup> K\u00fcstenkommission (Philippe BOSQUET)<\/em><\/p>\n<p><em>22. Juni: Beginn der Arbeiten an der Treppe von Vasterival<\/em><\/p>\n<p><em>23. Juni: Schulrat<\/em><\/p>\n<p><strong><em>\u00a0<\/em><\/strong><\/p>\n<p><strong><em>Kommende Agenda <\/em><\/strong><\/p>\n<p><em>25. Juni: Konzert von C\u00e9sar Velev in der Kirche<\/em><\/p>\n<p><em>28. Juni: Gemeinschaftsrat der Agglomeration<\/em><\/p>\n<p><em>29. Juni: Au\u00dferordentliche Generalversammlung der CSLA<\/em><\/p>\n<p><em>02. Juli: Generalversammlung der ASA de Vasterival<\/em><\/p>\n<p><em>04. Juli: Er\u00f6ffnungszeremonie des Strandes<\/em><\/p>\n<p><em>05. Juli: Treffen zum Finanz- und Fiskalpakt - Communaut\u00e9 d'agglom\u00e9ration Dieppe-Maritime<\/em><\/p>\n<p><em>07. Juli: \u00dcberreichung der W\u00f6rterb\u00fccher an die Sch\u00fcler der CM2<\/em><\/p>\n<p><em>09. und 10. Juli: Festival \"Sur les chemins du Phare\" (Auf den Wegen des Leuchtturms)<\/em><\/p>\n<p><em>14. Juli: Gel\u00fcbde des B\u00fcrgermeisters und Konzert am Strand<\/em><\/p>\n<p><em>23. Juli bis 7. August: Sommersalon, angeboten von Cap d'Ailly<\/em><\/p>\n<p><em>\u00a0<\/em><\/p>\n<p><em>N\u00e4chste Sitzung des Gemeinderats am Freitag, den 2. September um 18:30 Uhr.<\/em><\/p>\n<p><strong><em><u>Mitteilungen der Kommissionen<\/u><\/em><\/strong><\/p>\n<p><em>\u00a0<\/em><strong>Ausschuss f\u00fcr kommunales Leben<\/strong><\/p>\n<p><strong>\u00a0<\/strong><em>Im Anschluss an das Treffen vom 31. Mai 2022 berichtete Frau DEPREUX, dass die Organisation der ersten Ausgabe des Festivals \"The Daisies\" am 4., 5. und 6. Juni ein Erfolg gewesen sei, insbesondere angesichts der klimatischen Unw\u00e4gbarkeiten.<\/em><\/p>\n<p><em>\u00a0<\/em><em>Da das aktuelle Banner des Marktes stark besch\u00e4digt ist, wird vorgeschlagen, es zu ersetzen.<\/em><\/p>\n<p><em>Ein Kostenvoranschlag in H\u00f6he von 484,80 \u20ac inkl. MwSt. von der Firma Angot Publicit\u00e9 wurde eingeholt.<\/em><\/p>\n<p><em>Das Visual des Banners, das auf der Ausschusssitzung vorgestellt wurde, wird den Ratsmitgliedern vorgeschlagen.<\/em><\/p>\n<p><em>Der Gemeinderat stimmt dem Visual und dem Kauf des Banners bei der Firma Angot einstimmig zu.<\/em><\/p>\n<p><em>\u00a0<\/em><em>Herr BOSQUET warnt auch vor dem Parken von Fahrzeugen auf dem Sylvain-Halfon-Platz in der Nacht von Freitag auf Samstag. Es kommt h\u00e4ufig vor, dass Fahrzeuge trotz der geltenden Verordnung auf dem Parkplatz stehen, wenn die H\u00e4ndler ankommen, um den Markt am Samstagmorgen aufzubauen. Die Aufstellung eines Parkverbotsschildes mit einem Paneel, das die Zeiten angibt, wird bef\u00fcrwortet.<\/em><\/p>\n<p><em>\u00a0<\/em><em>\u00a0<\/em><\/p>\n<p><strong>Kommission Sicherheit<\/strong><\/p>\n<p><em>Herr DEROIDE informiert die Ratsmitglieder, dass der Erlass zur L\u00e4rmbek\u00e4mpfung erlassen wurde. Er ist auch auf der Website der Gemeinde verf\u00fcgbar.<\/em><\/p>\n<p><em>Der Gemeinderatsbeschluss zur Festlegung der Modalit\u00e4ten f\u00fcr die Zustimmung zur Organisation des Festivals \"Sur les Chemins du Phare\" (Auf den Wegen des Leuchtturms) wurde ebenfalls vorbereitet.<\/em><\/p>\n<p><em>Frau LAFOREST erkl\u00e4rte, dass sie dem Verein angeboten habe, den im Rathaus vorhandenen Erste-Hilfe-Kasten auszuleihen. <\/em><\/p>\n<p><em>\u00a0<\/em><em>\u00a0<\/em><\/p>\n<p><strong><em><u>Haushaltspunkt<\/u><\/em><\/strong><\/p>\n<p><em>Frau GAUTHIER-DARCET und Frau LAFOREST pr\u00e4sentierten eine Diashow, die den Stand der Konten am Ende des 1.<sup>er<\/sup> Semester.<\/em><\/p>\n<ul>\n<li><em>Wir haben die Rechnungen des Syndicat D\u00e9partemental d'Energies (SDE 76) f\u00fcr alle Beleuchtungsarbeiten, die Ende 2021\/Anfang 2022 durchgef\u00fchrt wurden, nicht erhalten,<\/em><\/li>\n<li><em>Wir haben im ersten Halbjahr mehrere unvorhergesehene Ausgaben get\u00e4tigt (ca. 19 500 \u20ac) und m\u00fcssen bereits jetzt f\u00fcr das zweite Halbjahr einige unvorhergesehene Ausgaben einplanen (ca. 15 000 \u20ac),<\/em><\/li>\n<li><em>Wir haben bis heute KEINE endg\u00fcltige Antwort auf die gestellten Antr\u00e4ge auf Zusch\u00fcsse erhalten,<\/em><\/li>\n<li><em>Angesichts der aktuellen Arbeiten am Rathaus und einer voraussichtlichen Kosten\u00fcberschreitung von +\/- 10 % m\u00fcssen wir die Ausgaben unbedingt bremsen, bis wir Antworten auf unsere Zuschussantr\u00e4ge erhalten haben,<\/em><\/li>\n<li><em>Selbst im Falle einer Einigung k\u00f6nnen wir nur einige kleine, unvorhergesehene Ausgaben t\u00e4tigen, der Rest muss bis 2023 durchlaufen (keine Ausgaben \u00fcber 2.500 \u20ac, um schrittweise zu visualisieren und einen Handlungsspielraum zu schaffen).<\/em><\/li>\n<\/ul>\n<p><em>\u00a0<\/em><\/p>\n<p><em>\u00a0<\/em><strong><em><u>Genehmigung des lokalen Stadtentwicklungsplans<\/u><\/em><\/strong><\/p>\n<p><em>\u00a0<\/em><em>Der Gemeinderat,<\/em><\/p>\n<p><em>\u00a0<\/em><em>In Anbetracht des St\u00e4dtebaugesetzes ;<\/em><\/p>\n<p><em>\u00a0<\/em><em>Angesichts der Beschl\u00fcsse des Gemeinderats von Sainte-Marguerite-sur-Mer vom 14. Oktober 2005, 13. Januar 2006 und 9. Juni 2006, mit denen die Ausarbeitung des lokalen Stadtentwicklungsplans von Sainte-Marguerite-sur-Mer vorgeschrieben und die verfolgten Ziele und die Modalit\u00e4ten der Konzertierung festgelegt wurden ;<\/em><\/p>\n<p><em>\u00a0<\/em><em>Angesichts der Entscheidung des Gemeinderats von Sainte-Marguerite-sur-Mer vom 12. November 2021, den Entwurf des lokalen Stadtentwicklungsplans von Sainte-Marguerite-sur-Mer zu stoppen ;<\/em><\/p>\n<p><em>\u00a0<\/em><em>gest\u00fctzt auf die Stellungnahmen der assoziierten \u00f6ffentlichen Personen ;<\/em><\/p>\n<p><em>\u00a0<\/em><em>Angesichts des Erlasses Nr. 08\/2022 vom 31. M\u00e4rz 2022, mit dem der Entwurf des lokalen Stadtentwicklungsplans von Sainte-Marguerite-sur-Mer einer \u00f6ffentlichen Untersuchung unterzogen wurde ;<\/em><\/p>\n<p><em>\u00a0<\/em><em>die Schlussfolgerungen des Untersuchungsbeauftragten geh\u00f6rt,<\/em><\/p>\n<p><em>\u00a0<\/em><em>In der Erw\u00e4gung, dass die Ber\u00fccksichtigung der Anmerkungen der assoziierten \u00f6ffentlichen Personen und die Ergebnisse der \u00f6ffentlichen Anh\u00f6rung einige geringf\u00fcgige \u00c4nderungen des lokalen Bebauungsplans erforderlich machen. Dabei handelt es sich insbesondere um :<\/em><\/p>\n<p><em>\u00a0<\/em><em>- Umbenennung der Zonen gem\u00e4\u00df der von Pays Dieppois Terroir de Caux geforderten Nomenklatur<\/em><\/p>\n<p><em>- Umwidmung der Zone NP in ein Erschlie\u00dfungsgebiet, verbunden mit einer Regelung, die Bauten verbietet und m\u00f6gliche Erschlie\u00dfungen \/ Versiegelung stark einschr\u00e4nkt, um einen \"halbnat\u00fcrlichen\" Charakter des Ortes zu erhalten.<\/em><\/p>\n<p><em>- Punktuelle Verkleinerung der st\u00e4dtischen Gebiete, um das st\u00e4dtebauliche Projekt besser mit der Notwendigkeit, landwirtschaftliches und nat\u00fcrliches Land zu erhalten, in Einklang zu bringen<\/em><\/p>\n<p><em>- Neueinstufung eines Gro\u00dfteils der derzeit landwirtschaftlich genutzten Fl\u00e4chen als landwirtschaftliche Fl\u00e4chen (au\u00dfer in Bereichen mit hohen Umweltrisiken, in denen die Einstufung als Naturfl\u00e4chen beibehalten wurde).<\/em><\/p>\n<p><em>- Vergr\u00f6\u00dferung der Siedlungsbeschneidung zwischen der Ortschaft und Haut de Blancmesnil und Schaffung einer neuen Siedlungsbeschneidung zwischen Bas und Haut de Blancmesnil<\/em><\/p>\n<p><em>\u00a0<\/em><em>In der Erw\u00e4gung, dass der lokale Bebauungsplan in der dem Gemeinderat von Sainte-Marguerite-sur-Mer vorgelegten Form gem\u00e4\u00df Artikel L153-21 des St\u00e4dtebaugesetzes zur Genehmigung bereit ist.<\/em><\/p>\n<p><em>\u00a0<\/em><em>Nach Beratung mit 9 Ja-Stimmen, 0 Nein-Stimmen und 2 Enthaltungen :<\/em><\/p>\n<p><em>\u00a0<\/em><em>- beschlie\u00dft, den lokalen Bebauungsplan in der vorliegenden Fassung zu genehmigen ;<\/em><\/p>\n<p><em>- Dieser Beschluss wird einen Monat lang im Rathaus von Sainte-Marguerite-sur-Mer ausgeh\u00e4ngt und in der folgenden Zeitung erw\u00e4hnt: Les Informations Dieppoises ;<\/em><\/p>\n<p><em>- Der genehmigte lokale Bebauungsplan liegt im Rathaus von Sainte-Marguerite-sur-Mer an den \u00fcblichen Tagen und zu den \u00fcblichen \u00d6ffnungszeiten sowie bei der Pr\u00e4fektur zur Einsichtnahme aus ;<\/em><\/p>\n<p><em>- Dieser Beschluss ist ab dem Zeitpunkt seiner \u00dcbermittlung an den Unterpr\u00e4fekten und der Erf\u00fcllung der Publizit\u00e4tsma\u00dfnahmen vollstreckbar.<\/em><\/p>\n<p><em>\u00a0<\/em><\/p>\n<p><strong><em><u>Urbanes Vorkaufsrecht<\/u><\/em><\/strong><\/p>\n<p><em>\u00a0<\/em><em>Der Gemeinderat,<\/em><\/p>\n<p><em>\u00a0<\/em><em>gest\u00fctzt auf das St\u00e4dtebaugesetzbuch und insbesondere die Artikel L210-1, L211-1 ff. und R211-1 ff;<\/em><\/p>\n<p><em>\u00a0<\/em><em>Vu le plan local d'urbanisme de la commune de Sainte-Marguerite-sur-Mer approuv\u00e9 le 24 juin 2022 ;<\/em><\/p>\n<p><em>\u00a0<\/em><em>In Anbetracht des Interesses, ein Vorkaufsrecht aus\u00fcben zu k\u00f6nnen ;<\/em><\/p>\n<p><em>\u00a0<\/em><em>BESCHLIESST mit 10 Ja-Stimmen, 0 Nein-Stimmen und 1 Enthaltung :<\/em><\/p>\n<p><em>Ein st\u00e4dtisches Vorkaufsrecht f\u00fcr alle st\u00e4dtischen und st\u00e4dtebaulichen Bereiche des lokalen Stadtentwicklungsplans von Sainte-Marguerite-sur-Mer einzuf\u00fchren.<\/em><\/p>\n<p><em>\u00a0<\/em><em>Dieser Beschluss wird gem\u00e4\u00df Artikel R211-2 des St\u00e4dtebaugesetzes ver\u00f6ffentlicht:<\/em><\/p>\n<ul>\n<li><em> einen Monat lang im Rathaus von Sainte-Marguerite-sur-Mer aush\u00e4ngen ;<\/em><\/li>\n<li><em> Erw\u00e4hnung in den beiden nachstehend genannten Zeitungen:<\/em><\/li>\n<li><em>Paris-Normandie<\/em><\/li>\n<li><em>Les Informations Dieppoises<\/em><\/li>\n<\/ul>\n<p><em>\u00a0<\/em><em>Dieser Beschluss wird zusammen mit dem Plan, der den Anwendungsbereich des st\u00e4dtischen Vorkaufsrechts pr\u00e4zisiert, weitergeleitet:<\/em><\/p>\n<ul>\n<li><em> an Monsieur le Pr\u00e9fet de Seine-Maritime ;<\/em><\/li>\n<li><em> an den Direktor des Departements f\u00fcr \u00f6ffentliche Finanzen ;<\/em><\/li>\n<li><em> an die Departementskammer der Notare ;<\/em><\/li>\n<li><em> bei den Anwaltskammern, die beim Landgericht eingerichtet wurden ;<\/em><\/li>\n<li><em> bei der Gesch\u00e4ftsstelle des Landgerichts.<\/em><\/li>\n<\/ul>\n<p><em>\u00a0<\/em><em>\u00a0<\/em><\/p>\n<p><strong><em><u>Verschiedene Fragen<\/u><\/em><\/strong><\/p>\n<p><strong>\u00a0\u00a0\u00a0\u00a0\u00a0\u00a0\u00a0\u00a0\u00a0\u00a0\u00a0 Verkauf eines Computers<\/strong><\/p>\n<p><strong>\u00a0<\/strong><em>Ein Computer im ehemaligen B\u00fcro des B\u00fcrgermeisters ist seit mehr als zwei Jahren ungenutzt.<\/em><\/p>\n<p><em>Einer unserer Agenten, Herr RAMBERG, hat den Wunsch ge\u00e4u\u00dfert, es zu kaufen.<\/em><\/p>\n<p><em>Der Computer wurde vollst\u00e4ndig von allen Dateien geleert und die alte Sitzung wurde gel\u00f6scht.<\/em><\/p>\n<p><em>Frau DEPREUX, erste Stellvertreterin, schl\u00e4gt vor, dass es ihr f\u00fcr 200 \u20ac \u00fcberlassen werden kann.<\/em><\/p>\n<p><em>\u00a0<\/em><em>Die Mitglieder des Gemeinderats stimmen einstimmig dem Verkauf des Computers an Herrn Damien RAMBERG f\u00fcr 200 \u20ac (inkl. MwSt.) zu.<\/em><\/p>\n<p><em>\u00a0<\/em><\/p>\n<p><strong>Ver\u00f6ffentlichung der Akten<\/strong><\/p>\n<p><strong>\u00a0<\/strong><em>Vu le code g\u00e9n\u00e9ral des collectivit\u00e9s territoriales, <\/em><\/p>\n<p><em>\u00a0<\/em><em>gest\u00fctzt auf die Verordnung Nr. 2021-1310 vom 7. Oktober 2021 zur Reform der Regeln f\u00fcr die Bekanntmachung, das Inkrafttreten und die Aufbewahrung der von den Gebietsk\u00f6rperschaften und ihren Zusammenschl\u00fcssen erlassenen Rechtsakte, <\/em><\/p>\n<p><em>\u00a0<\/em><em>gest\u00fctzt auf das Dekret Nr. 2021-1311 vom 7. Oktober 2021 zur Reform der Regeln f\u00fcr die Bekanntmachung, das Inkrafttreten und die Aufbewahrung der von den Gebietsk\u00f6rperschaften und ihren Zusammenschl\u00fcssen erlassenen Rechtsakte.<\/em><\/p>\n<p><em>\u00a0<\/em><em>Frau DEPREUX wies darauf hin, dass die oben genannte Verordnung und das Dekret vom 7. Oktober 2021 die Regeln f\u00fcr die Ver\u00f6ffentlichung von Akten der Gebietsk\u00f6rperschaften ge\u00e4ndert haben. Sie erkl\u00e4rt, dass f\u00fcr Gemeinden mit weniger als 3.500 Einwohnern die Modalit\u00e4ten dieser Ver\u00f6ffentlichung durch Beschluss der beschlie\u00dfenden Versammlung gew\u00e4hlt und festgelegt werden m\u00fcssen: Aushang, Ver\u00f6ffentlichung auf Papier oder in elektronischer Form. Wenn bis zum 1. Juli kein Beschluss gefasst wird, m\u00fcssen die Rechtsakte zwingend in elektronischer Form ver\u00f6ffentlicht werden. Zu diesem Zweck werden die betroffenen Kommunalversammlungen aufgefordert, sich vor dem 1. Juli per Beschluss zu der gew\u00e4hlten Wahl zu \u00e4u\u00dfern.<\/em><\/p>\n<p><em>\u00a0<\/em><em>Nach eingehender Beratung beschlie\u00dft der Gemeinderat einstimmig : <\/em><\/p>\n<ol>\n<li><em> die folgende Modalit\u00e4t der Bekanntmachung anzunehmen: <\/em><\/li>\n<\/ol>\n<ul>\n<li><em>Ver\u00f6ffentlichung der Rechtsakte der Gemeinde durch Ver\u00f6ffentlichung in elektronischer Form auf der Website der Gemeinde. <\/em><\/li>\n<li><em>Erg\u00e4nzend dazu, ohne dass dies in den Rahmen des oben genannten Dekrets f\u00e4llt, wird die Gemeinde weiterhin Akten der Gemeinde durch Aushang f\u00fcr die wichtigsten Elemente ver\u00f6ffentlichen.\u00a0<\/em><\/li>\n<\/ul>\n<ol start=\"2\">\n<li><em> den B\u00fcrgermeister zu beauftragen, alle notwendigen Ma\u00dfnahmen zur Umsetzung dieses Beschlusses zu ergreifen.<\/em><\/li>\n<\/ol>\n<p><em>\u00a0<\/em><em>\u00a0<\/em><\/p>\n<p><strong>Ma\u00dfnahmen zur Erhaltung von Pflanzen im lokalen Stadtentwicklungsplan<\/strong><\/p>\n<p><strong>\u00a0<\/strong><em>Die Vorsitzende fragte Herrn MINIL, der w\u00e4hrend der gesamten Sitzung anwesend war, ob er das Wort ergreifen wolle. Herr Minil erw\u00e4hnt lediglich, dass er die Klassifizierung von Pflanzen im PLU bedauert. Er nennt als Beispiel aus der N\u00e4he seines Wohnortes Pappeln, die klassifiziert sind, w\u00e4hrend Kiefern, die vielleicht \u00e4lter sind, nicht klassifiziert sind.<\/em><\/p>\n<p><em>Die Ratsmitglieder wiesen ihn darauf hin, dass mehrere Gebiete erfasst wurden und einige andere m\u00f6glicherweise Eigentum des Konservatoriums sind.<\/em><\/p>\n<p><em>Es wird au\u00dferdem darauf hingewiesen, dass auch nach der Genehmigung des PLU die Frage Gegenstand eines Antrags und\/oder einer weiteren Untersuchung sein kann.<\/em><\/p>\n<p><em>\u00a0<\/em><em>\u00a0<\/em><\/p>\n<p><em>\u00a0\u00a0\u00a0\u00a0\u00a0\u00a0\u00a0\u00a0\u00a0\u00a0\u00a0\u00a0\u00a0\u00a0\u00a0\u00a0\u00a0\u00a0\u00a0\u00a0\u00a0\u00a0\u00a0\u00a0\u00a0\u00a0\u00a0\u00a0\u00a0\u00a0\u00a0\u00a0\u00a0\u00a0\u00a0\u00a0\u00a0\u00a0\u00a0\u00a0\u00a0\u00a0\u00a0\u00a0\u00a0\u00a0\u00a0\u00a0\u00a0\u00a0\u00a0\u00a0\u00a0\u00a0\u00a0\u00a0\u00a0\u00a0\u00a0\u00a0\u00a0\u00a0\u00a0\u00a0\u00a0\u00a0\u00a0\u00a0\u00a0\u00a0 Frau DEPREUX, 1<sup>\u00e4ische Kommission<\/sup> Stellvertreterin, schlie\u00dft die Sitzung um 20:05 Uhr.<\/em><\/p>\n<p><em>\u00a0<\/em><\/p>\n<\/div><\/div><style type=\"text\/css\">.fusion-body .fusion-builder-column-0{width:100% !important;margin-top : 10px;margin-bottom : 10px;}.fusion-builder-column-0 > .fusion-column-wrapper {padding-top : 0px !important;padding-right : 0px !important;margin-right : 1.92%;padding-bottom : 0px !important;padding-left : 0px !important;margin-left : 1.92%;}@media only screen and (max-width:1024px) {.fusion-body .fusion-builder-column-0{width:100% !important;order : 0;}.fusion-builder-column-0 > .fusion-column-wrapper {margin-right : 1.92%;margin-left : 1.92%;}}@media only screen and (max-width:640px) {.fusion-body .fusion-builder-column-0{width:100% !important;order : 0;}.fusion-builder-column-0 > .fusion-column-wrapper {margin-right : 1.92%;margin-left : 1.92%;}}<\/style><\/div><\/div><style type=\"text\/css\">.fusion-body .fusion-flex-container.fusion-builder-row-1{ padding-top : 0px;margin-top : 0px;padding-right : 30px;padding-bottom : 0px;margin-bottom : 0px;padding-left : 30px;}<\/style><\/div>","protected":false},"excerpt":{"rendered":"","protected":false},"author":5,"featured_media":0,"comment_status":"open","ping_status":"open","sticky":false,"template":"","format":"standard","meta":{"footnotes":""},"categories":[56],"tags":[],"class_list":["post-3835","post","type-post","status-publish","format-standard","hentry","category-compte-rendus-du-cm"],"yoast_head":"<!-- This site is optimized with the Yoast SEO plugin v25.3 - https:\/\/yoast.com\/wordpress\/plugins\/seo\/ -->\n<title>Compte-rendu de la R\u00e9union du 24 juin 2022 - Mairie de Sainte-Marguerite Sur Mer<\/title>\n<meta name=\"robots\" content=\"index, follow, max-snippet:-1, max-image-preview:large, max-video-preview:-1\" \/>\n<link rel=\"canonical\" href=\"https:\/\/www.ste-marguerite-sur-mer.fr\/de\/compte-rendu-de-la-reunion-du-24-juin-2022\/\" \/>\n<meta property=\"og:locale\" content=\"de_DE\" \/>\n<meta property=\"og:type\" content=\"article\" \/>\n<meta property=\"og:title\" content=\"Compte-rendu de la R\u00e9union du 24 juin 2022 - Mairie de Sainte-Marguerite Sur Mer\" \/>\n<meta property=\"og:url\" content=\"https:\/\/www.ste-marguerite-sur-mer.fr\/de\/compte-rendu-de-la-reunion-du-24-juin-2022\/\" \/>\n<meta property=\"og:site_name\" content=\"Mairie de Sainte-Marguerite Sur Mer\" \/>\n<meta property=\"article:author\" content=\"www.facebook.com\/MairieSainteMargueritesurmer\" \/>\n<meta property=\"article:published_time\" content=\"2022-09-08T09:12:52+00:00\" \/>\n<meta name=\"author\" content=\"mairie.stemargueritesurmer@wanadoo.fr\" \/>\n<meta name=\"twitter:card\" content=\"summary_large_image\" \/>\n<meta name=\"twitter:label1\" content=\"Verfasst von\" \/>\n\t<meta name=\"twitter:data1\" content=\"mairie.stemargueritesurmer@wanadoo.fr\" \/>\n\t<meta name=\"twitter:label2\" content=\"Gesch\u00e4tzte Lesezeit\" \/>\n\t<meta name=\"twitter:data2\" content=\"12\u00a0Minuten\" \/>\n<script type=\"application\/ld+json\" class=\"yoast-schema-graph\">{\"@context\":\"https:\/\/schema.org\",\"@graph\":[{\"@type\":\"WebPage\",\"@id\":\"https:\/\/www.ste-marguerite-sur-mer.fr\/compte-rendu-de-la-reunion-du-24-juin-2022\/\",\"url\":\"https:\/\/www.ste-marguerite-sur-mer.fr\/compte-rendu-de-la-reunion-du-24-juin-2022\/\",\"name\":\"Compte-rendu de la R\u00e9union du 24 juin 2022 - Mairie de Sainte-Marguerite Sur Mer\",\"isPartOf\":{\"@id\":\"https:\/\/www.ste-marguerite-sur-mer.fr\/#website\"},\"datePublished\":\"2022-09-08T09:12:52+00:00\",\"author\":{\"@id\":\"https:\/\/www.ste-marguerite-sur-mer.fr\/#\/schema\/person\/4875f0d9570fa9643b4953b06cadbd28\"},\"breadcrumb\":{\"@id\":\"https:\/\/www.ste-marguerite-sur-mer.fr\/compte-rendu-de-la-reunion-du-24-juin-2022\/#breadcrumb\"},\"inLanguage\":\"de\",\"potentialAction\":[{\"@type\":\"ReadAction\",\"target\":[\"https:\/\/www.ste-marguerite-sur-mer.fr\/compte-rendu-de-la-reunion-du-24-juin-2022\/\"]}]},{\"@type\":\"BreadcrumbList\",\"@id\":\"https:\/\/www.ste-marguerite-sur-mer.fr\/compte-rendu-de-la-reunion-du-24-juin-2022\/#breadcrumb\",\"itemListElement\":[{\"@type\":\"ListItem\",\"position\":1,\"name\":\"Accueil\",\"item\":\"https:\/\/www.ste-marguerite-sur-mer.fr\/\"},{\"@type\":\"ListItem\",\"position\":2,\"name\":\"Compte-rendu de la R\u00e9union du 24 juin 2022\"}]},{\"@type\":\"WebSite\",\"@id\":\"https:\/\/www.ste-marguerite-sur-mer.fr\/#website\",\"url\":\"https:\/\/www.ste-marguerite-sur-mer.fr\/\",\"name\":\"Mairie de Sainte-Marguerite Sur Mer\",\"description\":\"commune de normandie\",\"potentialAction\":[{\"@type\":\"SearchAction\",\"target\":{\"@type\":\"EntryPoint\",\"urlTemplate\":\"https:\/\/www.ste-marguerite-sur-mer.fr\/?s={search_term_string}\"},\"query-input\":{\"@type\":\"PropertyValueSpecification\",\"valueRequired\":true,\"valueName\":\"search_term_string\"}}],\"inLanguage\":\"de\"},{\"@type\":\"Person\",\"@id\":\"https:\/\/www.ste-marguerite-sur-mer.fr\/#\/schema\/person\/4875f0d9570fa9643b4953b06cadbd28\",\"name\":\"mairie.stemargueritesurmer@wanadoo.fr\",\"image\":{\"@type\":\"ImageObject\",\"inLanguage\":\"de\",\"@id\":\"https:\/\/www.ste-marguerite-sur-mer.fr\/#\/schema\/person\/image\/\",\"url\":\"https:\/\/secure.gravatar.com\/avatar\/40ab497ab45615f9e8602bea4f1611c6cec0aa64725a35223b24c4c66a09055d?s=96&d=mm&r=g\",\"contentUrl\":\"https:\/\/secure.gravatar.com\/avatar\/40ab497ab45615f9e8602bea4f1611c6cec0aa64725a35223b24c4c66a09055d?s=96&d=mm&r=g\",\"caption\":\"mairie.stemargueritesurmer@wanadoo.fr\"},\"sameAs\":[\"www.facebook.com\/MairieSainteMargueritesurmer\"]}]}<\/script>\n<!-- \/ Yoast SEO plugin. -->","yoast_head_json":{"title":"Compte-rendu de la R\u00e9union du 24 juin 2022 - Mairie de Sainte-Marguerite Sur Mer","robots":{"index":"index","follow":"follow","max-snippet":"max-snippet:-1","max-image-preview":"max-image-preview:large","max-video-preview":"max-video-preview:-1"},"canonical":"https:\/\/www.ste-marguerite-sur-mer.fr\/de\/compte-rendu-de-la-reunion-du-24-juin-2022\/","og_locale":"de_DE","og_type":"article","og_title":"Compte-rendu de la R\u00e9union du 24 juin 2022 - Mairie de Sainte-Marguerite Sur Mer","og_url":"https:\/\/www.ste-marguerite-sur-mer.fr\/de\/compte-rendu-de-la-reunion-du-24-juin-2022\/","og_site_name":"Mairie de Sainte-Marguerite Sur Mer","article_author":"www.facebook.com\/MairieSainteMargueritesurmer","article_published_time":"2022-09-08T09:12:52+00:00","author":"mairie.stemargueritesurmer@wanadoo.fr","twitter_card":"summary_large_image","twitter_misc":{"Verfasst von":"mairie.stemargueritesurmer@wanadoo.fr","Gesch\u00e4tzte Lesezeit":"12\u00a0Minuten"},"schema":{"@context":"https:\/\/schema.org","@graph":[{"@type":"WebPage","@id":"https:\/\/www.ste-marguerite-sur-mer.fr\/compte-rendu-de-la-reunion-du-24-juin-2022\/","url":"https:\/\/www.ste-marguerite-sur-mer.fr\/compte-rendu-de-la-reunion-du-24-juin-2022\/","name":"Compte-rendu de la R\u00e9union du 24 juin 2022 - Mairie de Sainte-Marguerite Sur Mer","isPartOf":{"@id":"https:\/\/www.ste-marguerite-sur-mer.fr\/#website"},"datePublished":"2022-09-08T09:12:52+00:00","author":{"@id":"https:\/\/www.ste-marguerite-sur-mer.fr\/#\/schema\/person\/4875f0d9570fa9643b4953b06cadbd28"},"breadcrumb":{"@id":"https:\/\/www.ste-marguerite-sur-mer.fr\/compte-rendu-de-la-reunion-du-24-juin-2022\/#breadcrumb"},"inLanguage":"de","potentialAction":[{"@type":"ReadAction","target":["https:\/\/www.ste-marguerite-sur-mer.fr\/compte-rendu-de-la-reunion-du-24-juin-2022\/"]}]},{"@type":"BreadcrumbList","@id":"https:\/\/www.ste-marguerite-sur-mer.fr\/compte-rendu-de-la-reunion-du-24-juin-2022\/#breadcrumb","itemListElement":[{"@type":"ListItem","position":1,"name":"Accueil","item":"https:\/\/www.ste-marguerite-sur-mer.fr\/"},{"@type":"ListItem","position":2,"name":"Compte-rendu de la R\u00e9union du 24 juin 2022"}]},{"@type":"WebSite","@id":"https:\/\/www.ste-marguerite-sur-mer.fr\/#website","url":"https:\/\/www.ste-marguerite-sur-mer.fr\/","name":"Mairie de Sainte-Marguerite Sur Mer","description":"commune de normandie","potentialAction":[{"@type":"SearchAction","target":{"@type":"EntryPoint","urlTemplate":"https:\/\/www.ste-marguerite-sur-mer.fr\/?s={search_term_string}"},"query-input":{"@type":"PropertyValueSpecification","valueRequired":true,"valueName":"search_term_string"}}],"inLanguage":"de"},{"@type":"Person","@id":"https:\/\/www.ste-marguerite-sur-mer.fr\/#\/schema\/person\/4875f0d9570fa9643b4953b06cadbd28","name":"mairie.stemargueritesurmer@wanadoo.fr","image":{"@type":"ImageObject","inLanguage":"de","@id":"https:\/\/www.ste-marguerite-sur-mer.fr\/#\/schema\/person\/image\/","url":"https:\/\/secure.gravatar.com\/avatar\/40ab497ab45615f9e8602bea4f1611c6cec0aa64725a35223b24c4c66a09055d?s=96&d=mm&r=g","contentUrl":"https:\/\/secure.gravatar.com\/avatar\/40ab497ab45615f9e8602bea4f1611c6cec0aa64725a35223b24c4c66a09055d?s=96&d=mm&r=g","caption":"mairie.stemargueritesurmer@wanadoo.fr"},"sameAs":["www.facebook.com\/MairieSainteMargueritesurmer"]}]}},"_links":{"self":[{"href":"https:\/\/www.ste-marguerite-sur-mer.fr\/de\/wp-json\/wp\/v2\/posts\/3835","targetHints":{"allow":["GET"]}}],"collection":[{"href":"https:\/\/www.ste-marguerite-sur-mer.fr\/de\/wp-json\/wp\/v2\/posts"}],"about":[{"href":"https:\/\/www.ste-marguerite-sur-mer.fr\/de\/wp-json\/wp\/v2\/types\/post"}],"author":[{"embeddable":true,"href":"https:\/\/www.ste-marguerite-sur-mer.fr\/de\/wp-json\/wp\/v2\/users\/5"}],"replies":[{"embeddable":true,"href":"https:\/\/www.ste-marguerite-sur-mer.fr\/de\/wp-json\/wp\/v2\/comments?post=3835"}],"version-history":[{"count":1,"href":"https:\/\/www.ste-marguerite-sur-mer.fr\/de\/wp-json\/wp\/v2\/posts\/3835\/revisions"}],"predecessor-version":[{"id":3836,"href":"https:\/\/www.ste-marguerite-sur-mer.fr\/de\/wp-json\/wp\/v2\/posts\/3835\/revisions\/3836"}],"wp:attachment":[{"href":"https:\/\/www.ste-marguerite-sur-mer.fr\/de\/wp-json\/wp\/v2\/media?parent=3835"}],"wp:term":[{"taxonomy":"category","embeddable":true,"href":"https:\/\/www.ste-marguerite-sur-mer.fr\/de\/wp-json\/wp\/v2\/categories?post=3835"},{"taxonomy":"post_tag","embeddable":true,"href":"https:\/\/www.ste-marguerite-sur-mer.fr\/de\/wp-json\/wp\/v2\/tags?post=3835"}],"curies":[{"name":"wp","href":"https:\/\/api.w.org\/{rel}","templated":true}]}}