{"id":3158,"date":"2019-02-26T09:14:17","date_gmt":"2019-02-26T08:14:17","guid":{"rendered":"https:\/\/www.ste-marguerite-sur-mer.fr\/?p=3158"},"modified":"2019-02-26T09:14:17","modified_gmt":"2019-02-26T08:14:17","slug":"proces-verbal-de-la-reunion-du-conseil-municipal-seance-du-7-fevrier-2019","status":"publish","type":"post","link":"https:\/\/www.ste-marguerite-sur-mer.fr\/en\/proces-verbal-de-la-reunion-du-conseil-municipal-seance-du-7-fevrier-2019\/","title":{"rendered":"MINUTES OF THE TOWN COUNCIL MEETING OF FEBRUARY 7, 2019"},"content":{"rendered":"<div class=\"fusion-fullwidth fullwidth-box fusion-builder-row-1 nonhundred-percent-fullwidth non-hundred-percent-height-scrolling\" style=\"background-color: rgba(255,255,255,0);background-position: center center;background-repeat: no-repeat;padding-top:0px;padding-right:30px;padding-bottom:0px;padding-left:30px;margin-bottom: 0px;margin-top: 0px;border-width: 0px 0px 0px 0px;border-color:#e7e4e2;border-style:solid;\" ><div class=\"fusion-builder-row fusion-row\"><div class=\"fusion-layout-column fusion_builder_column fusion-builder-column-0 fusion_builder_column_1_1 1_1 fusion-one-full fusion-column-first fusion-column-last\" style=\"margin-top:10px;margin-bottom:10px;\"><div class=\"fusion-column-wrapper fusion-flex-column-wrapper-legacy\" style=\"background-position:left top;background-repeat:no-repeat;-webkit-background-size:cover;-moz-background-size:cover;-o-background-size:cover;background-size:cover;padding: 0px 0px 0px 0px;\"><div class=\"fusion-text fusion-text-1\"><p><a href=\"https:\/\/www.ste-marguerite-sur-mer.fr\/wp-content\/uploads\/2019\/02\/Proce\u0300s-Verbal-du-7-FEVRIER-2019.doc\">Download the minutes<\/a><\/p>\n<p><strong><em><u>Minutes of the Municipal Council Meeting<\/u><\/em><\/strong><\/p>\n<p><strong><em><u>February 7, 2019<\/u><\/em><\/strong><\/p>\n<p><em>On February 7th, at 19:30, two thousand and nineteen, the Municipal Council, duly convened, met in public session under the chairmanship of Monsieur Claude FERCHAL, Mayor.<\/em><\/p>\n<p><em>\u00a0<\/em><\/p>\n<p><em><u>In attendance were<\/u>\u00a0Claude Ferchal, Philippe Lefebvre, Denis Grout, Jean Pierre Boittout, Jean-Pierre Joubert, Richard Dupont<\/em><\/p>\n<p><em>Colette Gouyer, Fran\u00e7oise Gambs<\/em><\/p>\n<p><em>\u00a0<\/em><\/p>\n<p><em><u>Absent<\/u>\u00a0Ms Christelle Weber<\/em><\/p>\n<p><em>\u00a0\u00a0\u00a0\u00a0\u00a0\u00a0\u00a0\u00a0\u00a0\u00a0\u00a0\u00a0\u00a0\u00a0\u00a0\u00a0\u00a0\u00a0\u00a0\u00a0\u00a0\u00a0\u00a0 \u00a0\u00a0\u00a0 Mr David Petiton<\/em><\/p>\n<p><em>\u00a0\u00a0\u00a0\u00a0\u00a0\u00a0\u00a0\u00a0\u00a0\u00a0\u00a0\u00a0\u00a0\u00a0\u00a0\u00a0\u00a0\u00a0\u00a0\u00a0\u00a0\u00a0\u00a0 \u00a0\u00a0\u00a0 Mr Eric Lincot <\/em><\/p>\n<p><em>\u00a0\u00a0\u00a0\u00a0\u00a0\u00a0\u00a0\u00a0\u00a0\u00a0\u00a0\u00a0\u00a0\u00a0\u00a0\u00a0\u00a0\u00a0\u00a0\u00a0\u00a0\u00a0\u00a0 \u00a0\u00a0 \u00a0Mr Vincent Varin<\/em><\/p>\n<p><em>\u00a0\u00a0\u00a0\u00a0\u00a0\u00a0\u00a0\u00a0\u00a0\u00a0\u00a0\u00a0\u00a0\u00a0\u00a0\u00a0\u00a0\u00a0\u00a0\u00a0\u00a0\u00a0\u00a0 \u00a0\u00a0 Mr Ludovic Patin<\/em><\/p>\n<p><em>\u00a0\u00a0\u00a0\u00a0\u00a0\u00a0\u00a0\u00a0\u00a0\u00a0\u00a0\u00a0\u00a0\u00a0\u00a0\u00a0\u00a0\u00a0\u00a0\u00a0\u00a0\u00a0\u00a0 \u00a0\u00a0\u00a0 <\/em><\/p>\n<p><em>\u00a0<\/em><\/p>\n<p><em>Mr Richard Dupont was elected meeting secretary.<\/em><\/p>\n<p><em>\u00a0<\/em><\/p>\n<p><em>\u00a0<\/em><\/p>\n<p><em><u>Invitation dates<\/u>\u00a0January 25, 2019\u00a0\u00a0\u00a0 \u00a0\u00a0\u00a0\u00a0\u00a0\u00a0\u00a0\u00a0\u00a0\u00a0\u00a0\u00a0\u00a0\u00a0\u00a0\u00a0\u00a0\u00a0<u>Posting date<\/u>\u00a0January 25, 2019<\/em><\/p>\n<p><em>\u00a0<\/em><\/p>\n<p><em>\u00a0<\/em><\/p>\n<p><em>\u00a0<\/em><\/p>\n<p><em>\u00a0<\/em><\/p>\n<p><strong><em><u>Agenda:<\/u><\/em><\/strong><\/p>\n<p><em>\u00a0<\/em><\/p>\n<p><em>\u00a0<\/em><\/p>\n<p><em>\u00a0<\/em><\/p>\n<p><em>\u00a0<\/em><\/p>\n<p><em>\u00a0<\/em><\/p>\n<ul>\n<li><em>Approval of the minutes of the previous meeting<\/em><\/li>\n<li><em>Communications from the Mayor<\/em><\/li>\n<li><em>Update on the Local Urban Plan (PLU)<\/em><\/li>\n<li><em>Urban Right of Preemption<\/em><\/li>\n<li><em>Reimbursement of Mr JOUBERT's expenses<\/em><\/li>\n<li><em>Reimbursement of Mr DUPONT's expenses<\/em><\/li>\n<li><em>Reimbursement of expenses for the renewal of Mr. Stephan JOUAN's C and EC licenses<\/em><\/li>\n<li><em>Garden of Remembrance tariff<\/em><\/li>\n<\/ul>\n<p><em>\u00a0<\/em><\/p>\n<p><em>\u00a0<\/em><\/p>\n<p><em>\u00a0<\/em><\/p>\n<p><em>\u00a0<\/em><\/p>\n<p><em>\u00a0<\/em><\/p>\n<p><em>\u00a0<\/em><\/p>\n<p><strong><em><u>Adoption of the minutes of the previous meeting<\/u><\/em><\/strong><\/p>\n<p><em>\u00a0<\/em><\/p>\n<p><em>The minutes of the previous meeting, sent in advance to each member of the Municipal Council, were adopted unanimously, there being no observations.<\/em><\/p>\n<p><em>\u00a0<\/em><\/p>\n<p><strong><em><u>\u00a0<\/u><\/em><\/strong><\/p>\n<p><strong><em><u>Communications from the Mayor<\/u><\/em><\/strong><\/p>\n<p><strong><em><u>\u00a0<\/u><\/em><\/strong><\/p>\n<ul>\n<li><strong><em><u>Thanks <\/u><\/em><\/strong><\/li>\n<\/ul>\n<p><em>\u00a0<\/em><\/p>\n<p><em>The Mayor informs the members of the Municipal Council of the thanks of :<\/em><\/p>\n<ul>\n<li><em>Mrs BOSSE for the Christmas parcel and concert <\/em><\/li>\n<\/ul>\n<p><em>\u00a0<\/em><\/p>\n<p><em>\u00a0<\/em><\/p>\n<ul>\n<li><strong><em><u>Update on the Local Urban Plan (PLU) :<\/u><\/em><\/strong><\/li>\n<\/ul>\n<p><em>\u00a0<\/em><\/p>\n<p><em>Monsieur le Maire explains to the Assembly that a letter RAR was received in Mairie from the Sous-Pr\u00e9fecture dated November 16, 2018 concerning the deliberation of September 28 approving the local urban plan. This letter, the various points of which are detailed below, constitutes an ex gratia appeal which suspends the time limit for contentious appeal opened by the provisions of article L 2131-6 of the Code G\u00e9n\u00e9ral des Collectivit\u00e9s Territoriales. <\/em><\/p>\n<p><em>The commune had until January 16, 2019 to acknowledge the letter to Monsieur le Sous-Pr\u00e9fet. The Sous-Pr\u00e9fecture acknowledged receipt on January 7, 2019. We have two months from the date of receipt, i.e. March 7, to withdraw the deliberation and re-deliberate on the modifications to the PLU.<\/em><\/p>\n<p><em>The points to be rectified are summarized below:<\/em><\/p>\n<ul>\n<li><strong><em><u>Sainte Marguerite Plage UC sector<\/u><\/em><\/strong><em>:<\/em><\/li>\n<li><em>In the presentation report, the classification of this sector as a \"hamlet\" (page 197) should be clarified and strengthened, as it is inconsistent with the classification of this hamlet as a \"village\".<\/em><\/li>\n<li><em>The Sainte Marguerite Sur Mer site has been classified as a hamlet. As a result, it cannot be extended in accordance with article L121-8 of the French Urban Planning Code.<\/em><\/li>\n<li><strong><em><u>The UB sectors of diffuse hamlets<\/u><\/em><\/strong><em>:<\/em><\/li>\n<li><em>The Bas de Blancmesnil area has been classified as a UB sector, authorizing new construction and constituting a diffuse urbanization far removed from the village. In this sense, new constructions cannot be authorized, even in densification of existing buildings, in accordance with the coastal law, and this sector must be reintegrated into the NA zone.<\/em><\/li>\n<li><em>Le Haut de Blancmesnil: maintain the UB zoning, excluding part of the parcels to the north (383, 384, 385 and 386), which should be returned to the NA zone.<\/em><\/li>\n<li><strong><em><u>Parcel ZA n\u00b0 40<\/u><\/em><\/strong><\/li>\n<li><em>This 4,200 m\u00b2 plot of land, on which reserved site no. 3 has been set up, must be removed, as it is totally irregular in terms of the French coastal law.<\/em><\/li>\n<li><em>The UC urban classification of parcel ZA no. 40 can be maintained. The written regulations for this zone need to be reworked, authorizing the housing typology with a sub-category of dwellings, but restricting building possibilities (ground surface area limited to 30\/40 m\u00b2, maximum height of 3 m\/3.50 m to the eaves) and managing the few existing buildings (measured extension of the order of 10\/15 % maximum).<\/em><\/li>\n<\/ul>\n<p><em>\u00a0<\/em><\/p>\n<p><em>Following these requests for modifications, the Mayor was received by the Sub-Prefect on Friday, January 1.<sup>er<\/sup> February 2019.<\/em><\/p>\n<p><em>\u00a0<\/em><\/p>\n<p><em>\u00a0The French government has accepted our proposal to review the constructability of part of plot C240, but will not change the classification of the lower Blancmesnil area as a natural zone.<\/em><\/p>\n<p><em>\u00a0<\/em><\/p>\n<p><em>The Mayor received Mr and Mrs BERTRAND and their counsel, Ma\u00eetre Axelle VIANNAY, at the town hall, who are contesting the classification of two plots of land (C436 and C240) as natural zones. Ma\u00eetre VIANNAY's letter justifying this objection has been sent to the Sub-Prefect. The commune is awaiting his reply during week 8.<\/em><\/p>\n<p><em>\u00a0<\/em><\/p>\n<p><em>The Municipal Council will be asked to decide on the future of the PLU at a forthcoming meeting to be held on December 1.<sup>er<\/sup> March 2019.<\/em><\/p>\n<p><strong><em><u>\u00a0<\/u><\/em><\/strong><\/p>\n<p><strong><em><u>Urban Right of Preemption<\/u><\/em><\/strong><\/p>\n<p><em>\u00a0<\/em><\/p>\n<p><em>Having regard to the French Urban Planning Code<\/em><\/p>\n<p><em>\u00a0<\/em><\/p>\n<p><em>VU le Code G\u00e9n\u00e9ral des Collectivit\u00e9s Territoriales<\/em><\/p>\n<p><em>\u00a0<\/em><\/p>\n<p><em>CONSIDERING that article L211-1 of the Code de l'Urbanisme allows communes with an approved local urban development plan (PLU) to institute an urban right of first refusal (DPU) over all or part of urban zones (Zones U) and future urban development zones (Zones AU), as delimited by this plan,<\/em><\/p>\n<p><em>\u00a0<\/em><\/p>\n<p><em>CONSIDERING that this right of pre-emption enables the commune to implement a land policy with a view to carrying out, in the general interest, development actions or operations meeting the objectives defined in article L210-1 of the French Urban Planning Code,<\/em><\/p>\n<p><em>\u00a0<\/em><\/p>\n<p><em>The Municipal Council, having deliberated, unanimously :<\/em><\/p>\n<p><em>\u00a0<\/em><\/p>\n<ul>\n<li><em>DECIDES<\/em><\/li>\n<\/ul>\n<p><em>\u00a0<\/em><\/p>\n<ol>\n<li><em>TO INSTITUTE urban pre-emption rights over all urban zones (Zones U) and future urbanization zones (Zone AU) as shown on the plan appended to the local urban plan approved on September 28, 2018. <\/em><\/li>\n<li><em>TO AUTHORIZE the Mayor to exercise, where necessary, the urban right of pre-emption, in accordance with article L2122-2 of the Code G\u00e9n\u00e9ral des Collectivit\u00e9s Territoriales, and specifies that article L2122-17 will be applicable in this matter.<\/em><\/li>\n<li><em>The urban right of first refusal will come into force on the day the present resolution becomes enforceable, i.e. when it has been posted in the town hall and published in two newspapers distributed in the d\u00e9partement.<\/em><\/li>\n<li><em>The scope of application of the urban pre-emption right will be appended to the PLU file, in accordance with article R151-52 7\u00b0 of the Code de l'Urbanisme.<\/em><\/li>\n<li><em>In accordance with article L213-13 of the Code de l'Urbanisme, a register will be opened at the town hall, in which all acquisitions made by way of pre-emption, as well as the final allocation of these properties, will be recorded and made available to the public.<\/em><\/li>\n<li><em>A copy of this decision will be sent to :<\/em><\/li>\n<\/ol>\n<ul>\n<li><em>to the Prefect<\/em><\/li>\n<li><em>to the Sub-Prefect<\/em><\/li>\n<li><em>to the Departmental Director of Public Finance<\/em><\/li>\n<li><em>to the President of the Conseil Sup\u00e9rieur du Notariat<\/em><\/li>\n<li><em>the Departmental Chamber of Notaries <\/em><\/li>\n<\/ul>\n<p><em>\u00a0<\/em><\/p>\n<p><strong><em><u>Reimbursement of Mr JOUBERT's expenses<\/u><\/em><\/strong><\/p>\n<p><strong><em><u>\u00a0<\/u><\/em><\/strong><\/p>\n<p><em>The Mayor informs the members of the Municipal Council that, during the organization of the 1945 Armistice Centenary exhibition, Mr Jean-Pierre JOUBERT advanced the payment of certain invoices: <\/em><\/p>\n<ul>\n<li><em>La Foir'Fouille \"various frames\" for 97.83 \u20ac.<\/em><\/li>\n<li><em>Carrefour Market \"printer ink\" for 60.80 \u20ac.<\/em><\/li>\n<\/ul>\n<p><em>\u00a0<\/em><\/p>\n<p><em>For a total amount of 158.63 \u20ac.<\/em><\/p>\n<p><em>\u00a0<\/em><\/p>\n<p><em>It is therefore appropriate to reimburse Mr Joubert<\/em><\/p>\n<p><em>\u00a0<\/em><\/p>\n<p><em>The Municipal Council, having deliberated, unanimously :<\/em><\/p>\n<p><em>\u00a0<\/em><\/p>\n<ul>\n<li><strong><em>ACCEPTS<\/em><\/strong><em> to reimburse Mr Joubert in the amount of \u20ac158.63 <\/em><\/li>\n<\/ul>\n<p><em>\u00a0<\/em><\/p>\n<p><strong><em><u>Reimbursement of Mr DUPONT's expenses<\/u><\/em><\/strong><\/p>\n<p><strong><em><u>\u00a0<\/u><\/em><\/strong><\/p>\n<p><em>The Mayor explains to the members of the Municipal Council that, during the organization of the children's Christmas, Mr Richard DUPONT advanced the payment of certain invoices: <\/em><\/p>\n<ul>\n<li><em>Auchan \"drinks\" for 37.38 \u20ac.<\/em><\/li>\n<\/ul>\n<p><em>\u00a0<\/em><\/p>\n<p><em>For a total amount of 37.38 \u20ac.<\/em><\/p>\n<p><em>\u00a0<\/em><\/p>\n<p><em>It is therefore appropriate to reimburse Mr Dupont<\/em><\/p>\n<p><em>\u00a0<\/em><\/p>\n<p><em>The Municipal Council, having deliberated, unanimously :<\/em><\/p>\n<p><em>\u00a0<\/em><\/p>\n<ul>\n<li><strong><em>ACCEPTS<\/em><\/strong><em> to reimburse Mr Dupont in the amount of \u20ac37.38 <\/em><\/li>\n<\/ul>\n<p><em>\u00a0<\/em><\/p>\n<p><em>\u00a0<\/em><\/p>\n<p><strong><em><u>Reimbursement of expenses for the renewal of Mr. JOUAN's C and EC licenses<\/u><\/em><\/strong><\/p>\n<p><strong><em><u>\u00a0<\/u><\/em><\/strong><\/p>\n<p><em>The Mayor informs the members of the Municipal Council that Mr Stephan JOUAN has brought forward the payment of certain invoices, a visit to an approved doctor and a urine test in order to renew his C and EC vehicle licence: <\/em><\/p>\n<ul>\n<li><em>Docteur Blin in the amount of \u20ac36<\/em><\/li>\n<li><em>Laboratoire Saint-Pierre for \u20ac6.48<\/em><\/li>\n<\/ul>\n<p><em>\u00a0<\/em><\/p>\n<p><em>For a total amount of \u20ac 42.48<\/em><\/p>\n<p><em>\u00a0<\/em><\/p>\n<p><em>It is therefore appropriate to reimburse Mr Jouan<\/em><\/p>\n<p><em>\u00a0<\/em><\/p>\n<p><em>The Municipal Council, having deliberated, unanimously :<\/em><\/p>\n<p><em>\u00a0<\/em><\/p>\n<ul>\n<li><strong><em>ACCEPTS<\/em><\/strong><em> to reimburse Mr Jouan in the amount of \u20ac42.48 <\/em><\/li>\n<\/ul>\n<p><strong><em><u>\u00a0<\/u><\/em><\/strong><\/p>\n<p><strong><em><u>Garden of Remembrance tariff<\/u><\/em><\/strong><\/p>\n<p><em>\u00a0<\/em><\/p>\n<p><em>VU the Code G\u00e9n\u00e9ral des Collectivit\u00e9s Territoriales, in particular articles L.2213-7 et seq. and L.2223-1 et seq;<\/em><\/p>\n<p><em>HAVING REGARD TO the French Civil Code, in particular articles 78 et seq;<\/em><\/p>\n<p><em>HAVING REGARD TO the Penal Code, in particular articles 225-17, 225-+18 and R.610-5;<\/em><\/p>\n<p><em>On the proposal of the Mayor<\/em><\/p>\n<p><em>\u00a0<\/em><\/p>\n<p><em>The Municipal Council, having deliberated, unanimously :<\/em><\/p>\n<p><em>\u00a0<\/em><\/p>\n<ul>\n<li><em>DECIDES to set a fee for the scattering of cremated remains in the Garden of Remembrance, effective 1<sup>er<\/sup> march 2019 :<\/em><\/li>\n<\/ul>\n<p><em>\u00a0<\/em><\/p>\n<ul>\n<li><em>Scattering of ashes in the Garden of Remembrance: \u20ac100<\/em><\/li>\n<\/ul>\n<p><em>\u00a0<\/em><\/p>\n<p><em>The Mayor reminds us that :<\/em><\/p>\n<p><em>\u00a0<\/em><\/p>\n<ul>\n<li><em>The scattering of the ashes will be recorded in a special register at the town hall.<\/em><\/li>\n<li><em>The scattering of ashes is identified by an engraved plaque on the memorial column, supplied and donated by the commune.<\/em><\/li>\n<li><em>The Garden of Remembrance is maintained by the municipal services<\/em><\/li>\n<li><em>Relatives of the deceased may only lay natural cut flowers. These will be removed periodically by the municipal services.<\/em><\/li>\n<li><em>The planting of shrubs, the placing of objects of any kind (artificial flowers, vases, plaques) and any plans to appropriate this space are strictly forbidden. They will be removed without notice.<\/em><\/li>\n<\/ul>\n<p><em>\u00a0<\/em><\/p>\n<p><strong><em><u>\u00a0<\/u><\/em><\/strong><\/p>\n<p><em><u>\u00a0<\/u><\/em><\/p>\n<p><em>\u00a0<\/em><\/p>\n<p><em>\u00a0<\/em><\/p>\n<p><em>There being no further business, the Mayor thanked all those present and adjourned the meeting at 8:40 pm.<\/em><\/p>\n<p><em>\u00a0<\/em><\/p>\n<p><em>For certified extract<\/em><\/p>\n<p><em>\u00a0<\/em><\/p>\n<p><em>The Mayor,<\/em><\/p>\n<p><em>Claude FERCHAL<\/em><\/p>\n<p><em>\u00a0<\/em><\/p>\n<\/div><div class=\"fusion-clearfix\"><\/div><\/div><\/div><\/div><\/div>","protected":false},"excerpt":{"rendered":"","protected":false},"author":1,"featured_media":0,"comment_status":"open","ping_status":"open","sticky":false,"template":"","format":"standard","meta":{"footnotes":""},"categories":[19],"tags":[],"class_list":["post-3158","post","type-post","status-publish","format-standard","hentry","category-affichage_municipal"],"yoast_head":"<!-- This site is optimized with the Yoast SEO plugin v25.3 - https:\/\/yoast.com\/wordpress\/plugins\/seo\/ -->\n<title>PROCES VERBAL DE LA REUNION DU CONSEIL MUNICIPAL SEANCE DU 7 FEVRIER 2019 - Mairie de Sainte-Marguerite Sur Mer<\/title>\n<meta name=\"robots\" content=\"index, follow, max-snippet:-1, max-image-preview:large, max-video-preview:-1\" \/>\n<link rel=\"canonical\" href=\"https:\/\/www.ste-marguerite-sur-mer.fr\/en\/proces-verbal-de-la-reunion-du-conseil-municipal-seance-du-7-fevrier-2019\/\" \/>\n<meta property=\"og:locale\" content=\"en_US\" \/>\n<meta property=\"og:type\" content=\"article\" \/>\n<meta property=\"og:title\" content=\"PROCES VERBAL DE LA REUNION DU CONSEIL MUNICIPAL SEANCE DU 7 FEVRIER 2019 - Mairie de Sainte-Marguerite Sur Mer\" \/>\n<meta property=\"og:url\" content=\"https:\/\/www.ste-marguerite-sur-mer.fr\/en\/proces-verbal-de-la-reunion-du-conseil-municipal-seance-du-7-fevrier-2019\/\" \/>\n<meta property=\"og:site_name\" content=\"Mairie de Sainte-Marguerite Sur Mer\" \/>\n<meta property=\"article:published_time\" content=\"2019-02-26T08:14:17+00:00\" \/>\n<meta name=\"author\" content=\"SteMargueriteAdm018\" \/>\n<meta name=\"twitter:card\" content=\"summary_large_image\" \/>\n<meta name=\"twitter:label1\" content=\"Written by\" \/>\n\t<meta name=\"twitter:data1\" content=\"SteMargueriteAdm018\" \/>\n\t<meta name=\"twitter:label2\" content=\"Est. reading time\" \/>\n\t<meta name=\"twitter:data2\" content=\"10 minutes\" \/>\n<script type=\"application\/ld+json\" class=\"yoast-schema-graph\">{\"@context\":\"https:\/\/schema.org\",\"@graph\":[{\"@type\":\"WebPage\",\"@id\":\"https:\/\/www.ste-marguerite-sur-mer.fr\/proces-verbal-de-la-reunion-du-conseil-municipal-seance-du-7-fevrier-2019\/\",\"url\":\"https:\/\/www.ste-marguerite-sur-mer.fr\/proces-verbal-de-la-reunion-du-conseil-municipal-seance-du-7-fevrier-2019\/\",\"name\":\"PROCES VERBAL DE LA REUNION DU CONSEIL MUNICIPAL SEANCE DU 7 FEVRIER 2019 - Mairie de Sainte-Marguerite Sur Mer\",\"isPartOf\":{\"@id\":\"https:\/\/www.ste-marguerite-sur-mer.fr\/#website\"},\"datePublished\":\"2019-02-26T08:14:17+00:00\",\"author\":{\"@id\":\"https:\/\/www.ste-marguerite-sur-mer.fr\/#\/schema\/person\/2064bbc0bd1a6ca7d3243771c0ccdc94\"},\"breadcrumb\":{\"@id\":\"https:\/\/www.ste-marguerite-sur-mer.fr\/proces-verbal-de-la-reunion-du-conseil-municipal-seance-du-7-fevrier-2019\/#breadcrumb\"},\"inLanguage\":\"en-US\",\"potentialAction\":[{\"@type\":\"ReadAction\",\"target\":[\"https:\/\/www.ste-marguerite-sur-mer.fr\/proces-verbal-de-la-reunion-du-conseil-municipal-seance-du-7-fevrier-2019\/\"]}]},{\"@type\":\"BreadcrumbList\",\"@id\":\"https:\/\/www.ste-marguerite-sur-mer.fr\/proces-verbal-de-la-reunion-du-conseil-municipal-seance-du-7-fevrier-2019\/#breadcrumb\",\"itemListElement\":[{\"@type\":\"ListItem\",\"position\":1,\"name\":\"Accueil\",\"item\":\"https:\/\/www.ste-marguerite-sur-mer.fr\/\"},{\"@type\":\"ListItem\",\"position\":2,\"name\":\"PROCES VERBAL DE LA REUNION DU CONSEIL MUNICIPAL SEANCE DU 7 FEVRIER 2019\"}]},{\"@type\":\"WebSite\",\"@id\":\"https:\/\/www.ste-marguerite-sur-mer.fr\/#website\",\"url\":\"https:\/\/www.ste-marguerite-sur-mer.fr\/\",\"name\":\"Mairie de Sainte-Marguerite Sur Mer\",\"description\":\"commune de normandie\",\"potentialAction\":[{\"@type\":\"SearchAction\",\"target\":{\"@type\":\"EntryPoint\",\"urlTemplate\":\"https:\/\/www.ste-marguerite-sur-mer.fr\/?s={search_term_string}\"},\"query-input\":{\"@type\":\"PropertyValueSpecification\",\"valueRequired\":true,\"valueName\":\"search_term_string\"}}],\"inLanguage\":\"en-US\"},{\"@type\":\"Person\",\"@id\":\"https:\/\/www.ste-marguerite-sur-mer.fr\/#\/schema\/person\/2064bbc0bd1a6ca7d3243771c0ccdc94\",\"name\":\"SteMargueriteAdm018\",\"image\":{\"@type\":\"ImageObject\",\"inLanguage\":\"en-US\",\"@id\":\"https:\/\/www.ste-marguerite-sur-mer.fr\/#\/schema\/person\/image\/\",\"url\":\"https:\/\/secure.gravatar.com\/avatar\/6fcc2f15419679d0130cb5d8281d232525e7e46448f5db9b20f0556bc7b61b99?s=96&d=mm&r=g\",\"contentUrl\":\"https:\/\/secure.gravatar.com\/avatar\/6fcc2f15419679d0130cb5d8281d232525e7e46448f5db9b20f0556bc7b61b99?s=96&d=mm&r=g\",\"caption\":\"SteMargueriteAdm018\"}}]}<\/script>\n<!-- \/ Yoast SEO plugin. -->","yoast_head_json":{"title":"PROCES VERBAL DE LA REUNION DU CONSEIL MUNICIPAL SEANCE DU 7 FEVRIER 2019 - Mairie de Sainte-Marguerite Sur Mer","robots":{"index":"index","follow":"follow","max-snippet":"max-snippet:-1","max-image-preview":"max-image-preview:large","max-video-preview":"max-video-preview:-1"},"canonical":"https:\/\/www.ste-marguerite-sur-mer.fr\/en\/proces-verbal-de-la-reunion-du-conseil-municipal-seance-du-7-fevrier-2019\/","og_locale":"en_US","og_type":"article","og_title":"PROCES VERBAL DE LA REUNION DU CONSEIL MUNICIPAL SEANCE DU 7 FEVRIER 2019 - Mairie de Sainte-Marguerite Sur Mer","og_url":"https:\/\/www.ste-marguerite-sur-mer.fr\/en\/proces-verbal-de-la-reunion-du-conseil-municipal-seance-du-7-fevrier-2019\/","og_site_name":"Mairie de Sainte-Marguerite Sur Mer","article_published_time":"2019-02-26T08:14:17+00:00","author":"SteMargueriteAdm018","twitter_card":"summary_large_image","twitter_misc":{"Written by":"SteMargueriteAdm018","Est. reading time":"10 minutes"},"schema":{"@context":"https:\/\/schema.org","@graph":[{"@type":"WebPage","@id":"https:\/\/www.ste-marguerite-sur-mer.fr\/proces-verbal-de-la-reunion-du-conseil-municipal-seance-du-7-fevrier-2019\/","url":"https:\/\/www.ste-marguerite-sur-mer.fr\/proces-verbal-de-la-reunion-du-conseil-municipal-seance-du-7-fevrier-2019\/","name":"PROCES VERBAL DE LA REUNION DU CONSEIL MUNICIPAL SEANCE DU 7 FEVRIER 2019 - Mairie de Sainte-Marguerite Sur Mer","isPartOf":{"@id":"https:\/\/www.ste-marguerite-sur-mer.fr\/#website"},"datePublished":"2019-02-26T08:14:17+00:00","author":{"@id":"https:\/\/www.ste-marguerite-sur-mer.fr\/#\/schema\/person\/2064bbc0bd1a6ca7d3243771c0ccdc94"},"breadcrumb":{"@id":"https:\/\/www.ste-marguerite-sur-mer.fr\/proces-verbal-de-la-reunion-du-conseil-municipal-seance-du-7-fevrier-2019\/#breadcrumb"},"inLanguage":"en-US","potentialAction":[{"@type":"ReadAction","target":["https:\/\/www.ste-marguerite-sur-mer.fr\/proces-verbal-de-la-reunion-du-conseil-municipal-seance-du-7-fevrier-2019\/"]}]},{"@type":"BreadcrumbList","@id":"https:\/\/www.ste-marguerite-sur-mer.fr\/proces-verbal-de-la-reunion-du-conseil-municipal-seance-du-7-fevrier-2019\/#breadcrumb","itemListElement":[{"@type":"ListItem","position":1,"name":"Accueil","item":"https:\/\/www.ste-marguerite-sur-mer.fr\/"},{"@type":"ListItem","position":2,"name":"PROCES VERBAL DE LA REUNION DU CONSEIL MUNICIPAL SEANCE DU 7 FEVRIER 2019"}]},{"@type":"WebSite","@id":"https:\/\/www.ste-marguerite-sur-mer.fr\/#website","url":"https:\/\/www.ste-marguerite-sur-mer.fr\/","name":"Mairie de Sainte-Marguerite Sur Mer","description":"commune de normandie","potentialAction":[{"@type":"SearchAction","target":{"@type":"EntryPoint","urlTemplate":"https:\/\/www.ste-marguerite-sur-mer.fr\/?s={search_term_string}"},"query-input":{"@type":"PropertyValueSpecification","valueRequired":true,"valueName":"search_term_string"}}],"inLanguage":"en-US"},{"@type":"Person","@id":"https:\/\/www.ste-marguerite-sur-mer.fr\/#\/schema\/person\/2064bbc0bd1a6ca7d3243771c0ccdc94","name":"SteMargueriteAdm018","image":{"@type":"ImageObject","inLanguage":"en-US","@id":"https:\/\/www.ste-marguerite-sur-mer.fr\/#\/schema\/person\/image\/","url":"https:\/\/secure.gravatar.com\/avatar\/6fcc2f15419679d0130cb5d8281d232525e7e46448f5db9b20f0556bc7b61b99?s=96&d=mm&r=g","contentUrl":"https:\/\/secure.gravatar.com\/avatar\/6fcc2f15419679d0130cb5d8281d232525e7e46448f5db9b20f0556bc7b61b99?s=96&d=mm&r=g","caption":"SteMargueriteAdm018"}}]}},"_links":{"self":[{"href":"https:\/\/www.ste-marguerite-sur-mer.fr\/en\/wp-json\/wp\/v2\/posts\/3158","targetHints":{"allow":["GET"]}}],"collection":[{"href":"https:\/\/www.ste-marguerite-sur-mer.fr\/en\/wp-json\/wp\/v2\/posts"}],"about":[{"href":"https:\/\/www.ste-marguerite-sur-mer.fr\/en\/wp-json\/wp\/v2\/types\/post"}],"author":[{"embeddable":true,"href":"https:\/\/www.ste-marguerite-sur-mer.fr\/en\/wp-json\/wp\/v2\/users\/1"}],"replies":[{"embeddable":true,"href":"https:\/\/www.ste-marguerite-sur-mer.fr\/en\/wp-json\/wp\/v2\/comments?post=3158"}],"version-history":[{"count":0,"href":"https:\/\/www.ste-marguerite-sur-mer.fr\/en\/wp-json\/wp\/v2\/posts\/3158\/revisions"}],"wp:attachment":[{"href":"https:\/\/www.ste-marguerite-sur-mer.fr\/en\/wp-json\/wp\/v2\/media?parent=3158"}],"wp:term":[{"taxonomy":"category","embeddable":true,"href":"https:\/\/www.ste-marguerite-sur-mer.fr\/en\/wp-json\/wp\/v2\/categories?post=3158"},{"taxonomy":"post_tag","embeddable":true,"href":"https:\/\/www.ste-marguerite-sur-mer.fr\/en\/wp-json\/wp\/v2\/tags?post=3158"}],"curies":[{"name":"wp","href":"https:\/\/api.w.org\/{rel}","templated":true}]}}