{"id":3343,"date":"2022-01-21T12:35:54","date_gmt":"2022-01-21T11:35:54","guid":{"rendered":"https:\/\/www.ste-marguerite-sur-mer.fr\/?p=3343"},"modified":"2022-04-21T11:28:50","modified_gmt":"2022-04-21T09:28:50","slug":"cr-du-conseil-municipal-du-21-janvier-2022","status":"publish","type":"post","link":"https:\/\/www.ste-marguerite-sur-mer.fr\/en\/cr-du-conseil-municipal-du-21-janvier-2022\/","title":{"rendered":"Town Council meeting of January 21, 2022"},"content":{"rendered":"<div class=\"fusion-fullwidth fullwidth-box fusion-builder-row-1 nonhundred-percent-fullwidth non-hundred-percent-height-scrolling\" style=\"background-color: rgba(255,255,255,0);background-position: center center;background-repeat: no-repeat;padding-top:0px;padding-right:30px;padding-bottom:0px;padding-left:30px;margin-bottom: 0px;margin-top: 0px;border-width: 0px 0px 0px 0px;border-color:#e7e4e2;border-style:solid;\" ><div class=\"fusion-builder-row fusion-row\"><div class=\"fusion-layout-column fusion_builder_column fusion-builder-column-0 fusion_builder_column_1_1 1_1 fusion-one-full fusion-column-first fusion-column-last\" style=\"margin-top:0px;margin-bottom:0px;\"><div class=\"fusion-column-wrapper fusion-flex-column-wrapper-legacy\" style=\"background-position:left top;background-repeat:no-repeat;-webkit-background-size:cover;-moz-background-size:cover;-o-background-size:cover;background-size:cover;padding: 0px 0px 0px 0px;\"><div class=\"fusion-text fusion-text-1\"><p>Minutes of the Municipal Council meeting of January 21, 2022<\/p>\n<p>In the year two thousand TWENTY TWO, on the TWENTY-FIRST DAY of JANUARY, at EIGHTEEN THIRTY minutes past midnight, the Municipal Council, duly convened, met in public session under the chairmanship of Mr Olivier de CONIHOUT, Mayor.<\/p>\n<p>The following were present:<\/p>\n<p>- Messrs Olivier de CONIHOUT, Philippe BOSQUET, David PETITON, Christophe TIRARD, Mr Jean-Fran\u00e7ois DEROIDE, Francis LEGROUT<\/p>\n<p>- V\u00e9ronique DEPREUX, Brigitte GAUTHIER-DARCET, Catherine CORNILLOT<\/p>\n<p>Absent excused :<\/p>\n<p>- Mrs Christine MOUQUET and Mr Philippe HERITIER<\/p>\n<p>Power :<\/p>\n<p>- Mr Philippe HERITIER to Mr Jean-Fran\u00e7ois DEROIDE<\/p>\n<p>- Mrs Christine MOUQUET to Mr Francis LEGROUT<\/p>\n<p>Mr Jean-Fran\u00e7ois DEROIDE was elected meeting secretary.<\/p>\n<p>Invitation date: January 14, 2022 Posting date: January 14, 2022<\/p>\n<p>After noting that the sanitary measures had been complied with, the Mayor opened the meeting.<\/p>\n<p>Agenda:<\/p>\n<p>- Approval of the minutes of the previous meeting<\/p>\n<p>- Communications from the Mayor<\/p>\n<p>- Communications from the Commissions<\/p>\n<p>- Beach animation project<\/p>\n<p>- Agreement to participate in snow clearing operations<\/p>\n<p>- Vasterival valley<\/p>\n<p>- Secretariat computer replacement<\/p>\n<p>- Climate law and resilience - coastline recession<\/p>\n<p>- Other business<\/p>\n<p>ADOPTION OF THE MINUTES OF THE PREVIOUS MEETING<\/p>\n<p>The minutes of the previous meeting, sent in advance to each member of the Municipal Council, were adopted unanimously, there being no observations.<\/p>\n<p>COMMUNICATIONS FROM THE MAYOR<\/p>\n<p>Agenda since last meeting<\/p>\n<p>December 11: Merchants' Christmas party<\/p>\n<p>December 11: Children's Christmas<\/p>\n<p>December 11: Annual General Meeting of the church preservation association<\/p>\n<p>December 13: Seine-Maritime Attractivit\u00e9 Board of Directors meeting<\/p>\n<p>December 14: Ailly Lighthouse Management Committee<\/p>\n<p>December 14: Appointment with the Agglo's paths manager - Valentin ADNET<\/p>\n<p>December 14: Prefectural meeting on coastline retreat (Quiberville)<\/p>\n<p>December 15: Dieppe Pays Normand cluster council<\/p>\n<p>December 19: Christmas concert - Church - Cap d'Ailly<\/p>\n<p>December 20: PACS Mr DANGER and Mrs BOUZICK<\/p>\n<p>December 23: Beach entertainment juries<\/p>\n<p>January 6: Community Life Commission<\/p>\n<p>January 10: CEREMA study feedback meeting - Vasterival valley<\/p>\n<p>January 10: Bureau Seine-Maritime Attractivit\u00e9<\/p>\n<p>January 11: Seine-Maritime Attractivit\u00e9 meeting in the area<\/p>\n<p>January 14: Beach sub-committee<\/p>\n<p>January 20: Coastline recession meeting at the Prefecture<\/p>\n<p>January 20: August 19 preparatory meeting with the sub-prefecture<\/p>\n<p>January 21: Presentation of the EPR 2 project<\/p>\n<p>January 28: Presentation of LEADER funds<\/p>\n<p>Upcoming events<\/p>\n<p>February 1: Agglo meeting - Financial and Fiscal Pact<\/p>\n<p>February 11: Appointment for the beach convention - Seine-Maritime Attractivit\u00e9 (Mme Corruble)<\/p>\n<p>February 15: Watershed Syndicate<\/p>\n<p>February 18: Finance Committee at 5 p.m.<\/p>\n<p>February 19: End of the PPA consultation phase for the PLU<\/p>\n<p>Next Town Council meeting: Friday, February 18, 2022 at 6:30 p.m.<\/p>\n<p>COMMISSION COMMUNICATIONS<\/p>\n<p>o Beach animation project<\/p>\n<p>Monsieur le Maire reports that 8 projects have been proposed for beach entertainment.<\/p>\n<p>4 applications were shortlisted by the working group; one of the applicants withdrew. Additional documents were requested.<\/p>\n<p>Following interviews with the 3 remaining candidates, the working group selected the project submitted by Mme BO\u00c9 and Mr BOULANGER.<\/p>\n<p>The Mayor therefore proposes that Council members approve the proposal. A precarious occupancy agreement will be drawn up. In view of the major investment required (empty premises), the working group proposes a provisional period of one year at a symbolic rent of one euro.<\/p>\n<p>After deliberation, the Council unanimously agreed to sign a precarious occupancy agreement with Mme BO\u00c9 and Mr BOULANGER, for which the rent will be one euro for one year.<\/p>\n<p>o Community Life Commission<\/p>\n<p>The commission met on Thursday January 6, 2022.<\/p>\n<p>Monsieur le Maire informs us that, following a meeting with the sub-prefecture, commemorations of the 80th anniversary of the 1942 landings will take place in the commune on Saturday August 20, starting at 11am at the beach.<\/p>\n<p>o Snow removal agreement<\/p>\n<p>An agreement was signed on January 6, 2014 with Mr Roland GUEUDIN, a farmer in Quiberville.<\/p>\n<p>Its purpose is to carry out snow removal and\/or salting operations, at the Mayor's request and in accordance with his instructions.<\/p>\n<p>Following recent telephone contact with Mr GUEUDIN, the agreement needs to be updated so that insurance companies can take it into account.<\/p>\n<p>After deliberation, the members of the Municipal Council unanimously decided to renew the agreement.<\/p>\n<p>o Vasterival valley<\/p>\n<p>A meeting to present the CEREMA report was held on January 10, 2022.<\/p>\n<p>The study shows that an additional soil survey is required.<\/p>\n<p>An estimate of \u20ac11,300 was submitted by CEREMA.<\/p>\n<p>The Municipal Council agrees to carry out the additional study (the cost of which will be shared with the commune of Varengeville-sur-Mer) and authorizes the Mayor to apply for an ANCT grant.<\/p>\n<p>o Coastline retreat<\/p>\n<p>Monsieur le Maire informs Council members that the Ministry of Ecological Transition is currently consulting local authorities on the draft decree establishing the list of local authorities primarily affected by coastline retreat.<\/p>\n<p>This consultation will be carried out locally under the authority of the Pr\u00e9fets de d\u00e9partement, who will be assisted by the DDTM. The commune of Sainte-Marguerite is one of 4 designated as \"priority\" communes in Seine-Maritime (250 communes throughout France). The Mayor was able to meet the Prefect at a meeting on this subject on Thursday January 20.<\/p>\n<p>This subject will be raised again at the next Board meeting, once further information has been received.<\/p>\n<p>o Replacement of secretarial computer<\/p>\n<p>The secretarial computer is showing signs of weakness.<\/p>\n<p>Switching to Windows 10 and updating business software has severely slowed capacity. For some weeks now, recurrent crashes have been occurring. Connection to the fiber is via a key, as the current tower does not support wifi.<\/p>\n<p>An estimate of \u20ac1,286.40 was obtained from ABIS.<\/p>\n<p>This includes the replacement of the tower and screen, and the complete transfer of files and software.<\/p>\n<p>The Municipal Council unanimously approved the replacement of this equipment.<\/p>\n<p>OTHER BUSINESS<\/p>\n<p>o Work on the town hall<\/p>\n<p>The application to declare the work has been accepted.<\/p>\n<p>Mr BOUDET, the architect, has drawn up a breakdown of the lots for the work, and should be able to provide the figures in a few days' time.<\/p>\n<p>Grant applications must be submitted quickly.<\/p>\n<p>After deliberation, all Council members authorized the Mayor to submit applications for subsidies from the DETR, DSIL, the D\u00e9partement and the CRTE (Contrat de Relance supported by the Communaut\u00e9 d'Agglom\u00e9ration Dieppe-Maritime).<\/p>\n<p>o Organization of the \"Sur les chemins du Phare\" Festival<\/p>\n<p>Mr DEROIDE informs the Board that a meeting to fine-tune the \"security\" aspect of the event is scheduled for February 11, 2022, starting at 5pm.<\/p>\n<p>In addition to the safety committee and the organizing members of the Marakana Association, the Gendarmerie, the Sous-Pr\u00e9fecture and the Fire Brigade were also invited.<\/p>\n<p>The Mayor adjourns the meeting at 9pm.<\/p>\n<p>&nbsp;<\/p>\n<\/div><div class=\"fusion-clearfix\"><\/div><\/div><\/div><\/div><\/div>","protected":false},"excerpt":{"rendered":"","protected":false},"author":1,"featured_media":0,"comment_status":"open","ping_status":"open","sticky":false,"template":"","format":"standard","meta":{"footnotes":""},"categories":[19],"tags":[],"class_list":["post-3343","post","type-post","status-publish","format-standard","hentry","category-affichage_municipal"],"yoast_head":"<!-- This site is optimized with the Yoast SEO plugin v25.3 - https:\/\/yoast.com\/wordpress\/plugins\/seo\/ -->\n<title>CR du Conseil municipal du 21 janvier 2022 - Mairie de Sainte-Marguerite Sur Mer<\/title>\n<meta name=\"robots\" content=\"index, follow, max-snippet:-1, max-image-preview:large, max-video-preview:-1\" \/>\n<link rel=\"canonical\" href=\"https:\/\/www.ste-marguerite-sur-mer.fr\/en\/cr-du-conseil-municipal-du-21-janvier-2022\/\" \/>\n<meta property=\"og:locale\" content=\"en_US\" \/>\n<meta property=\"og:type\" content=\"article\" \/>\n<meta property=\"og:title\" content=\"CR du Conseil municipal du 21 janvier 2022 - Mairie de Sainte-Marguerite Sur Mer\" \/>\n<meta property=\"og:url\" content=\"https:\/\/www.ste-marguerite-sur-mer.fr\/en\/cr-du-conseil-municipal-du-21-janvier-2022\/\" \/>\n<meta property=\"og:site_name\" content=\"Mairie de Sainte-Marguerite Sur Mer\" \/>\n<meta property=\"article:published_time\" content=\"2022-01-21T11:35:54+00:00\" \/>\n<meta property=\"article:modified_time\" content=\"2022-04-21T09:28:50+00:00\" \/>\n<meta name=\"author\" content=\"SteMargueriteAdm018\" \/>\n<meta name=\"twitter:card\" content=\"summary_large_image\" \/>\n<meta name=\"twitter:label1\" content=\"Written by\" \/>\n\t<meta name=\"twitter:data1\" content=\"SteMargueriteAdm018\" \/>\n\t<meta name=\"twitter:label2\" content=\"Est. reading time\" \/>\n\t<meta name=\"twitter:data2\" content=\"6 minutes\" \/>\n<script type=\"application\/ld+json\" class=\"yoast-schema-graph\">{\"@context\":\"https:\/\/schema.org\",\"@graph\":[{\"@type\":\"WebPage\",\"@id\":\"https:\/\/www.ste-marguerite-sur-mer.fr\/cr-du-conseil-municipal-du-21-janvier-2022\/\",\"url\":\"https:\/\/www.ste-marguerite-sur-mer.fr\/cr-du-conseil-municipal-du-21-janvier-2022\/\",\"name\":\"CR du Conseil municipal du 21 janvier 2022 - Mairie de Sainte-Marguerite Sur Mer\",\"isPartOf\":{\"@id\":\"https:\/\/www.ste-marguerite-sur-mer.fr\/#website\"},\"datePublished\":\"2022-01-21T11:35:54+00:00\",\"dateModified\":\"2022-04-21T09:28:50+00:00\",\"author\":{\"@id\":\"https:\/\/www.ste-marguerite-sur-mer.fr\/#\/schema\/person\/2064bbc0bd1a6ca7d3243771c0ccdc94\"},\"breadcrumb\":{\"@id\":\"https:\/\/www.ste-marguerite-sur-mer.fr\/cr-du-conseil-municipal-du-21-janvier-2022\/#breadcrumb\"},\"inLanguage\":\"en-US\",\"potentialAction\":[{\"@type\":\"ReadAction\",\"target\":[\"https:\/\/www.ste-marguerite-sur-mer.fr\/cr-du-conseil-municipal-du-21-janvier-2022\/\"]}]},{\"@type\":\"BreadcrumbList\",\"@id\":\"https:\/\/www.ste-marguerite-sur-mer.fr\/cr-du-conseil-municipal-du-21-janvier-2022\/#breadcrumb\",\"itemListElement\":[{\"@type\":\"ListItem\",\"position\":1,\"name\":\"Accueil\",\"item\":\"https:\/\/www.ste-marguerite-sur-mer.fr\/\"},{\"@type\":\"ListItem\",\"position\":2,\"name\":\"CR du Conseil municipal du 21 janvier 2022\"}]},{\"@type\":\"WebSite\",\"@id\":\"https:\/\/www.ste-marguerite-sur-mer.fr\/#website\",\"url\":\"https:\/\/www.ste-marguerite-sur-mer.fr\/\",\"name\":\"Mairie de Sainte-Marguerite Sur Mer\",\"description\":\"commune de normandie\",\"potentialAction\":[{\"@type\":\"SearchAction\",\"target\":{\"@type\":\"EntryPoint\",\"urlTemplate\":\"https:\/\/www.ste-marguerite-sur-mer.fr\/?s={search_term_string}\"},\"query-input\":{\"@type\":\"PropertyValueSpecification\",\"valueRequired\":true,\"valueName\":\"search_term_string\"}}],\"inLanguage\":\"en-US\"},{\"@type\":\"Person\",\"@id\":\"https:\/\/www.ste-marguerite-sur-mer.fr\/#\/schema\/person\/2064bbc0bd1a6ca7d3243771c0ccdc94\",\"name\":\"SteMargueriteAdm018\",\"image\":{\"@type\":\"ImageObject\",\"inLanguage\":\"en-US\",\"@id\":\"https:\/\/www.ste-marguerite-sur-mer.fr\/#\/schema\/person\/image\/\",\"url\":\"https:\/\/secure.gravatar.com\/avatar\/6fcc2f15419679d0130cb5d8281d232525e7e46448f5db9b20f0556bc7b61b99?s=96&d=mm&r=g\",\"contentUrl\":\"https:\/\/secure.gravatar.com\/avatar\/6fcc2f15419679d0130cb5d8281d232525e7e46448f5db9b20f0556bc7b61b99?s=96&d=mm&r=g\",\"caption\":\"SteMargueriteAdm018\"}}]}<\/script>\n<!-- \/ Yoast SEO plugin. -->","yoast_head_json":{"title":"CR du Conseil municipal du 21 janvier 2022 - Mairie de Sainte-Marguerite Sur Mer","robots":{"index":"index","follow":"follow","max-snippet":"max-snippet:-1","max-image-preview":"max-image-preview:large","max-video-preview":"max-video-preview:-1"},"canonical":"https:\/\/www.ste-marguerite-sur-mer.fr\/en\/cr-du-conseil-municipal-du-21-janvier-2022\/","og_locale":"en_US","og_type":"article","og_title":"CR du Conseil municipal du 21 janvier 2022 - Mairie de Sainte-Marguerite Sur Mer","og_url":"https:\/\/www.ste-marguerite-sur-mer.fr\/en\/cr-du-conseil-municipal-du-21-janvier-2022\/","og_site_name":"Mairie de Sainte-Marguerite Sur Mer","article_published_time":"2022-01-21T11:35:54+00:00","article_modified_time":"2022-04-21T09:28:50+00:00","author":"SteMargueriteAdm018","twitter_card":"summary_large_image","twitter_misc":{"Written by":"SteMargueriteAdm018","Est. reading time":"6 minutes"},"schema":{"@context":"https:\/\/schema.org","@graph":[{"@type":"WebPage","@id":"https:\/\/www.ste-marguerite-sur-mer.fr\/cr-du-conseil-municipal-du-21-janvier-2022\/","url":"https:\/\/www.ste-marguerite-sur-mer.fr\/cr-du-conseil-municipal-du-21-janvier-2022\/","name":"CR du Conseil municipal du 21 janvier 2022 - Mairie de Sainte-Marguerite Sur Mer","isPartOf":{"@id":"https:\/\/www.ste-marguerite-sur-mer.fr\/#website"},"datePublished":"2022-01-21T11:35:54+00:00","dateModified":"2022-04-21T09:28:50+00:00","author":{"@id":"https:\/\/www.ste-marguerite-sur-mer.fr\/#\/schema\/person\/2064bbc0bd1a6ca7d3243771c0ccdc94"},"breadcrumb":{"@id":"https:\/\/www.ste-marguerite-sur-mer.fr\/cr-du-conseil-municipal-du-21-janvier-2022\/#breadcrumb"},"inLanguage":"en-US","potentialAction":[{"@type":"ReadAction","target":["https:\/\/www.ste-marguerite-sur-mer.fr\/cr-du-conseil-municipal-du-21-janvier-2022\/"]}]},{"@type":"BreadcrumbList","@id":"https:\/\/www.ste-marguerite-sur-mer.fr\/cr-du-conseil-municipal-du-21-janvier-2022\/#breadcrumb","itemListElement":[{"@type":"ListItem","position":1,"name":"Accueil","item":"https:\/\/www.ste-marguerite-sur-mer.fr\/"},{"@type":"ListItem","position":2,"name":"CR du Conseil municipal du 21 janvier 2022"}]},{"@type":"WebSite","@id":"https:\/\/www.ste-marguerite-sur-mer.fr\/#website","url":"https:\/\/www.ste-marguerite-sur-mer.fr\/","name":"Mairie de Sainte-Marguerite Sur Mer","description":"commune de normandie","potentialAction":[{"@type":"SearchAction","target":{"@type":"EntryPoint","urlTemplate":"https:\/\/www.ste-marguerite-sur-mer.fr\/?s={search_term_string}"},"query-input":{"@type":"PropertyValueSpecification","valueRequired":true,"valueName":"search_term_string"}}],"inLanguage":"en-US"},{"@type":"Person","@id":"https:\/\/www.ste-marguerite-sur-mer.fr\/#\/schema\/person\/2064bbc0bd1a6ca7d3243771c0ccdc94","name":"SteMargueriteAdm018","image":{"@type":"ImageObject","inLanguage":"en-US","@id":"https:\/\/www.ste-marguerite-sur-mer.fr\/#\/schema\/person\/image\/","url":"https:\/\/secure.gravatar.com\/avatar\/6fcc2f15419679d0130cb5d8281d232525e7e46448f5db9b20f0556bc7b61b99?s=96&d=mm&r=g","contentUrl":"https:\/\/secure.gravatar.com\/avatar\/6fcc2f15419679d0130cb5d8281d232525e7e46448f5db9b20f0556bc7b61b99?s=96&d=mm&r=g","caption":"SteMargueriteAdm018"}}]}},"_links":{"self":[{"href":"https:\/\/www.ste-marguerite-sur-mer.fr\/en\/wp-json\/wp\/v2\/posts\/3343","targetHints":{"allow":["GET"]}}],"collection":[{"href":"https:\/\/www.ste-marguerite-sur-mer.fr\/en\/wp-json\/wp\/v2\/posts"}],"about":[{"href":"https:\/\/www.ste-marguerite-sur-mer.fr\/en\/wp-json\/wp\/v2\/types\/post"}],"author":[{"embeddable":true,"href":"https:\/\/www.ste-marguerite-sur-mer.fr\/en\/wp-json\/wp\/v2\/users\/1"}],"replies":[{"embeddable":true,"href":"https:\/\/www.ste-marguerite-sur-mer.fr\/en\/wp-json\/wp\/v2\/comments?post=3343"}],"version-history":[{"count":4,"href":"https:\/\/www.ste-marguerite-sur-mer.fr\/en\/wp-json\/wp\/v2\/posts\/3343\/revisions"}],"predecessor-version":[{"id":3680,"href":"https:\/\/www.ste-marguerite-sur-mer.fr\/en\/wp-json\/wp\/v2\/posts\/3343\/revisions\/3680"}],"wp:attachment":[{"href":"https:\/\/www.ste-marguerite-sur-mer.fr\/en\/wp-json\/wp\/v2\/media?parent=3343"}],"wp:term":[{"taxonomy":"category","embeddable":true,"href":"https:\/\/www.ste-marguerite-sur-mer.fr\/en\/wp-json\/wp\/v2\/categories?post=3343"},{"taxonomy":"post_tag","embeddable":true,"href":"https:\/\/www.ste-marguerite-sur-mer.fr\/en\/wp-json\/wp\/v2\/tags?post=3343"}],"curies":[{"name":"wp","href":"https:\/\/api.w.org\/{rel}","templated":true}]}}