{"id":3456,"date":"2020-09-08T10:32:27","date_gmt":"2020-09-08T08:32:27","guid":{"rendered":"https:\/\/www.ste-marguerite-sur-mer.fr\/?p=3456"},"modified":"2020-10-01T09:54:47","modified_gmt":"2020-10-01T07:54:47","slug":"proces-verbal-de-la-reunion-du-conseil-municipal-seance-du-28-aout-2020","status":"publish","type":"post","link":"https:\/\/www.ste-marguerite-sur-mer.fr\/en\/proces-verbal-de-la-reunion-du-conseil-municipal-seance-du-28-aout-2020\/","title":{"rendered":"MINUTES OF THE TOWN COUNCIL MEETING HELD ON AUGUST 28, 2020"},"content":{"rendered":"<div class=\"fusion-fullwidth fullwidth-box fusion-builder-row-1 nonhundred-percent-fullwidth non-hundred-percent-height-scrolling\" style=\"background-color: rgba(255,255,255,0);background-position: center center;background-repeat: no-repeat;padding-top:0px;padding-right:30px;padding-bottom:0px;padding-left:30px;margin-bottom: 0px;margin-top: 0px;border-width: 0px 0px 0px 0px;border-color:#e7e4e2;border-style:solid;\" ><div class=\"fusion-builder-row fusion-row\"><div class=\"fusion-layout-column fusion_builder_column fusion-builder-column-0 fusion_builder_column_1_1 1_1 fusion-one-full fusion-column-first fusion-column-last\" style=\"margin-top:0px;margin-bottom:0px;\"><div class=\"fusion-column-wrapper fusion-flex-column-wrapper-legacy\" style=\"background-position:left top;background-repeat:no-repeat;-webkit-background-size:cover;-moz-background-size:cover;-o-background-size:cover;background-size:cover;padding: 0px 0px 0px 0px;\"><div class=\"fusion-text fusion-text-1\"><p><strong><em><u>Minutes of the Municipal Council Meeting<\/u><\/em><\/strong><\/p>\n<p><strong><em><u>Meeting of August 28, 2020<\/u><\/em><\/strong><\/p>\n<\/p>\n<p><em>The year two thousand and TWENTY, on the TWENTY EIGHTH of the month of AUGUST, at EIGHTEEN o'clock, the Municipal Council, duly convened, met in public session under the chairmanship of Mr Olivier de CONIHOUT, Mayor.<\/em><\/p>\n<p><em> <\/em><em><u>In attendance were <\/u>: <\/em><\/p>\n<ul>\n<li><em>Olivier de CONIHOUT, Francis LEGROUT, Jean-Fran\u00e7ois DEROIDE, Philippe BOSQUET, Christophe TIRARD,<\/em><\/li>\n<li><em>V\u00e9ronique DEPREUX, Catherine CORNILLOT, Christine MOUQUET, Brigitte GAUTHIER-DARCET<\/em><\/li>\n<\/ul>\n<p><em> <\/em><em><u>Absent excused <\/u>Philippe HERITIER, David PETITON<\/em><\/p>\n<p><em> <\/em><em><u>Powers<\/u> Mr Philippe HERITIER to Mr Francis LEGROUT<\/em><\/p>\n<p><em>                 Mr David PETITON to Ms V\u00e9ronique DEPREUX<\/em><\/p>\n<p><em> <\/em><em> <\/em><\/p>\n<p><em>Mr Jean-Fran\u00e7ois DEROIDE was elected meeting secretary.<\/em><\/p>\n<p><em> <\/em><\/p>\n<p><em> <\/em><em><u>Invitation dates<\/u> August 18, 2020              <u>Posting date<\/u> August 18, 2020<\/em><\/p>\n<p><em> <\/em><\/p>\n<p><em> <\/em><span style=\"background-color: rgba(255, 255, 255, 0); color: var(--body_typography-color); font-family: var(--body_typography-font-family); font-size: var(--body_typography-font-size); font-weight: var(--body_typography-font-weight); letter-spacing: var(--body_typography-letter-spacing);\"><u style=\"\"><i>Agenda<\/i><\/u><span style=\"font-style: var(--body_typography-font-style,normal);\"> :<\/span><\/span><\/p>\n<p>- Approval of the minutes of the previous meeting<\/p>\n<p>- Communications from the Mayor<\/p>\n<p>- Projects 2021 - Syndicat D\u00e9partemental d'Energies<\/p>\n<p>- Creation of a territorial editor position (Ms Magali LAFOREST)<\/p>\n<p>- Modification of the decision concerning the compensation scheme (administrative department)<\/p>\n<p>- Other business<\/p>\n<\/p>\n<p><b>ADOPTION OF THE MINUTES OF THE PREVIOUS MEETING<\/b><\/p>\n<p>The minutes of the previous meeting, sent in advance to each member of the Municipal Council, were adopted unanimously, there being no observations.<\/p>\n<p><b>COMMUNICATIONS FROM THE MAYOR<\/b><\/p>\n<p><i>Agenda since last meeting <\/i><\/p>\n<ul>\n<li>August 6, 2:30 p.m.: DDTM \/ PLU meeting - Mrs. FOUGY<\/li>\n<li><span style=\"background-color: rgba(255, 255, 255, 0); color: var(--body_typography-color); font-family: var(--body_typography-font-family); font-size: var(--body_typography-font-size); font-style: var(--body_typography-font-style,normal); font-weight: var(--body_typography-font-weight); letter-spacing: var(--body_typography-letter-spacing);\">August 19: Commemorations<\/span><\/li>\n<li>August 21 16h: MP Xavier Batut (following a meeting with the Mayor of St Aubin sur Mer): presentation of the commune<\/li>\n<li>August 24 18h: SMVOS meeting<\/li>\n<\/ul>\n<p><i>Upcoming events <\/i><\/p>\n<ul>\n<li>August 29, 3pm: AG ASA Vasterival<\/li>\n<li>September 1, 2:30 p.m.: Press briefing - Sa\u00e2ne project<\/li>\n<li>September 3, 6 p.m.: Syndicat des Bassins Versants meeting<\/li>\n<li>September 5 12pm: Departure of Catherine Quessandier, Town Hall Secretary<\/li>\n<li>September 7, 6pm: Dieppe Conurbation Mayors' Conference<\/li>\n<li>September 8 10:30 am: Meeting with EUCLYD (PLU)<\/li>\n<li>September 8, 6pm: Mayors' meeting (security and public order)<\/li>\n<li>September 9, 6pm: P\u00f4le d'\u00c9quilibre Territorial et Rural council meeting<\/li>\n<li>September 9, 6 p.m.: CSLA AGM<\/li>\n<li>September 10, 10 a.m.: Visit from Mr JUMEL<\/li>\n<li>September 11, 6pm: Meeting of Seine-Maritime Mayors (ADM 76)<\/li>\n<li>September 22 6 pm: Dieppe Conurbation Mayors' Conference<\/li>\n<\/ul>\n<p><b>Cheque cashing<\/b><\/p>\n<p>The commune has received 2 cheques:<\/p>\n<p>- 100 \u20ac in thanks from Mr BELHOMME for the loan of mats enabling him to use his wheelchair;<\/p>\n<p>- 500 \u20ac from the Clochers de l'Ailly association, donated following the 2 clochers kermesse on Sunday August 2, 2020.<\/p>\n<p>The Municipal Council unanimously authorized the cashing of these cheques.<\/p>\n<p><b>Creation of a territorial editor position <\/b><\/p>\n<p>The position of Town Clerk was previously filled by an administrative assistant. In view of the arrival of Ms. LAFOREST (grade of r\u00e9dacteur territorial) on September 1, it is necessary to close the administrative assistant position and recreate the position in the grade of r\u00e9dacteur.<\/p>\n<p>The Board unanimously approved the proposal.<\/p>\n<p><b>Revision of the resolution concerning the Compensation Scheme (administrative department)<\/b><\/p>\n<p>Monsieur le Maire informs the Council that, in connection with the arrival of Ms. LAFOREST, the Centre de Gestion has imposed a modification to the deliberation made in the context of the RIFSEEP (R\u00e9gime Indemnitaire tenant compte des Fonctions, Suj\u00e9tions, Expertise et Engagement Professionnel).<\/p>\n<p> The state ceiling for the grade of r\u00e9dacteur is \u20ac17,480. <\/p>\n<p>For the next deliberation, a ceiling of \u20ac10,000 is proposed (after financial study).<\/p>\n<p>With regard to the CIA (Compl\u00e9ment Indemnitaire Annuel), the maximum amount set by the French State is <\/p>\n<p>1 134 \u20ac. The proposed ceiling is \u20ac1,000.<\/p>\n<p>The decree could be drawn up with an IFSE of \u20ac4,000 (paid monthly) and a CIA of \u20ac400.<\/p>\n<\/p>\n<p>The Board unanimously approved these proposals.<\/p>\n<p><b>COMMUNICATIONS FROM THE DEPUTIES<\/b><\/p>\n<p><b>Technical department<\/b><\/p>\n<p>The Syndicat D\u00e9partemental d'Energies (SDE 76) has sent us its call for projects for 2021. The Board entrusts Mr. LEGROUT with the task of contacting the Syndicat to take stock of current projects and review the studies carried out. <\/p>\n<p>An estimate was also submitted by the SDE for the replacement of a public lighting mast (which fell over a month ago due to obsolescence). The cost is \u20ac1869.72 inc.<\/p>\n<p>An observation has been made about the timing of public lighting: switching on too late, switching off too early.<\/p>\n<p><b>Communication<\/b><\/p>\n<p>Mr DEROIDE informs the Board that the first municipal newsletter will be distributed from September 1. This quarterly letter can also be distributed digitally to residents who so choose. He adds that a Facebook page is being created and will be published soon.<\/p>\n<p><b>OTHER BUSINESS<\/b><\/p>\n<p>Ms MOUQUET points out that the 30 km\/h speed limit is not respected in Chemin des Ruguets and Chemin des Fr\u00eanes. There used to be road markings, but these have been removed. <\/p>\n<p>A reminder will be included in the forthcoming municipal newsletter. Mrs. CORNILLOT also mentions the same limitation for the chemin sous les Bruy\u00e8res.<\/p>\n<p>It seems worthwhile to take stock of the costs of electricity supply and maintenance. Mrs GAUTHIER-DARCET and Mrs LAFOREST have been asked to carry out a 3-year study.<\/p>\n<p>\t\t\t\t\tThe Mayor adjourned the meeting at 8:15pm.<\/p>\n<\/p>\n<p><i>For certified extract<\/i><\/p>\n<p><i>The Mayor,<\/i><\/p>\n<p><i>Olivier de CONIHOUT<\/i><\/p>\n<\/div><div class=\"fusion-clearfix\"><\/div><\/div><\/div><\/div><\/div>","protected":false},"excerpt":{"rendered":"","protected":false},"author":5,"featured_media":0,"comment_status":"open","ping_status":"open","sticky":false,"template":"","format":"standard","meta":{"footnotes":""},"categories":[19],"tags":[],"class_list":["post-3456","post","type-post","status-publish","format-standard","hentry","category-affichage_municipal"],"yoast_head":"<!-- This site is optimized with the Yoast SEO plugin v25.3 - https:\/\/yoast.com\/wordpress\/plugins\/seo\/ -->\n<title>PROC\u00c8S-VERBAL DE LA R\u00c9UNION DU CONSEIL MUNICIPAL S\u00c9ANCE DU 28 AO\u00dbT 2020 - Mairie de Sainte-Marguerite Sur Mer<\/title>\n<meta name=\"robots\" content=\"index, follow, max-snippet:-1, max-image-preview:large, max-video-preview:-1\" \/>\n<link rel=\"canonical\" href=\"https:\/\/www.ste-marguerite-sur-mer.fr\/en\/proces-verbal-de-la-reunion-du-conseil-municipal-seance-du-28-aout-2020\/\" \/>\n<meta property=\"og:locale\" content=\"en_US\" \/>\n<meta property=\"og:type\" content=\"article\" \/>\n<meta property=\"og:title\" content=\"PROC\u00c8S-VERBAL DE LA R\u00c9UNION DU CONSEIL MUNICIPAL S\u00c9ANCE DU 28 AO\u00dbT 2020 - Mairie de Sainte-Marguerite Sur Mer\" \/>\n<meta property=\"og:url\" content=\"https:\/\/www.ste-marguerite-sur-mer.fr\/en\/proces-verbal-de-la-reunion-du-conseil-municipal-seance-du-28-aout-2020\/\" \/>\n<meta property=\"og:site_name\" content=\"Mairie de Sainte-Marguerite Sur Mer\" \/>\n<meta property=\"article:author\" content=\"www.facebook.com\/MairieSainteMargueritesurmer\" \/>\n<meta property=\"article:published_time\" content=\"2020-09-08T08:32:27+00:00\" \/>\n<meta property=\"article:modified_time\" content=\"2020-10-01T07:54:47+00:00\" \/>\n<meta name=\"author\" content=\"mairie.stemargueritesurmer@wanadoo.fr\" \/>\n<meta name=\"twitter:card\" content=\"summary_large_image\" \/>\n<meta name=\"twitter:label1\" content=\"Written by\" \/>\n\t<meta name=\"twitter:data1\" content=\"mairie.stemargueritesurmer@wanadoo.fr\" \/>\n\t<meta name=\"twitter:label2\" content=\"Est. reading time\" \/>\n\t<meta name=\"twitter:data2\" content=\"5 minutes\" \/>\n<script type=\"application\/ld+json\" class=\"yoast-schema-graph\">{\"@context\":\"https:\/\/schema.org\",\"@graph\":[{\"@type\":\"WebPage\",\"@id\":\"https:\/\/www.ste-marguerite-sur-mer.fr\/proces-verbal-de-la-reunion-du-conseil-municipal-seance-du-28-aout-2020\/\",\"url\":\"https:\/\/www.ste-marguerite-sur-mer.fr\/proces-verbal-de-la-reunion-du-conseil-municipal-seance-du-28-aout-2020\/\",\"name\":\"PROC\u00c8S-VERBAL DE LA R\u00c9UNION DU CONSEIL MUNICIPAL S\u00c9ANCE DU 28 AO\u00dbT 2020 - Mairie de Sainte-Marguerite Sur Mer\",\"isPartOf\":{\"@id\":\"https:\/\/www.ste-marguerite-sur-mer.fr\/#website\"},\"datePublished\":\"2020-09-08T08:32:27+00:00\",\"dateModified\":\"2020-10-01T07:54:47+00:00\",\"author\":{\"@id\":\"https:\/\/www.ste-marguerite-sur-mer.fr\/#\/schema\/person\/4875f0d9570fa9643b4953b06cadbd28\"},\"breadcrumb\":{\"@id\":\"https:\/\/www.ste-marguerite-sur-mer.fr\/proces-verbal-de-la-reunion-du-conseil-municipal-seance-du-28-aout-2020\/#breadcrumb\"},\"inLanguage\":\"en-US\",\"potentialAction\":[{\"@type\":\"ReadAction\",\"target\":[\"https:\/\/www.ste-marguerite-sur-mer.fr\/proces-verbal-de-la-reunion-du-conseil-municipal-seance-du-28-aout-2020\/\"]}]},{\"@type\":\"BreadcrumbList\",\"@id\":\"https:\/\/www.ste-marguerite-sur-mer.fr\/proces-verbal-de-la-reunion-du-conseil-municipal-seance-du-28-aout-2020\/#breadcrumb\",\"itemListElement\":[{\"@type\":\"ListItem\",\"position\":1,\"name\":\"Accueil\",\"item\":\"https:\/\/www.ste-marguerite-sur-mer.fr\/\"},{\"@type\":\"ListItem\",\"position\":2,\"name\":\"PROC\u00c8S-VERBAL DE LA R\u00c9UNION DU CONSEIL MUNICIPAL S\u00c9ANCE DU 28 AO\u00dbT 2020\"}]},{\"@type\":\"WebSite\",\"@id\":\"https:\/\/www.ste-marguerite-sur-mer.fr\/#website\",\"url\":\"https:\/\/www.ste-marguerite-sur-mer.fr\/\",\"name\":\"Mairie de Sainte-Marguerite Sur Mer\",\"description\":\"commune de normandie\",\"potentialAction\":[{\"@type\":\"SearchAction\",\"target\":{\"@type\":\"EntryPoint\",\"urlTemplate\":\"https:\/\/www.ste-marguerite-sur-mer.fr\/?s={search_term_string}\"},\"query-input\":{\"@type\":\"PropertyValueSpecification\",\"valueRequired\":true,\"valueName\":\"search_term_string\"}}],\"inLanguage\":\"en-US\"},{\"@type\":\"Person\",\"@id\":\"https:\/\/www.ste-marguerite-sur-mer.fr\/#\/schema\/person\/4875f0d9570fa9643b4953b06cadbd28\",\"name\":\"mairie.stemargueritesurmer@wanadoo.fr\",\"image\":{\"@type\":\"ImageObject\",\"inLanguage\":\"en-US\",\"@id\":\"https:\/\/www.ste-marguerite-sur-mer.fr\/#\/schema\/person\/image\/\",\"url\":\"https:\/\/secure.gravatar.com\/avatar\/40ab497ab45615f9e8602bea4f1611c6cec0aa64725a35223b24c4c66a09055d?s=96&d=mm&r=g\",\"contentUrl\":\"https:\/\/secure.gravatar.com\/avatar\/40ab497ab45615f9e8602bea4f1611c6cec0aa64725a35223b24c4c66a09055d?s=96&d=mm&r=g\",\"caption\":\"mairie.stemargueritesurmer@wanadoo.fr\"},\"sameAs\":[\"www.facebook.com\/MairieSainteMargueritesurmer\"]}]}<\/script>\n<!-- \/ Yoast SEO plugin. -->","yoast_head_json":{"title":"PROC\u00c8S-VERBAL DE LA R\u00c9UNION DU CONSEIL MUNICIPAL S\u00c9ANCE DU 28 AO\u00dbT 2020 - Mairie de Sainte-Marguerite Sur Mer","robots":{"index":"index","follow":"follow","max-snippet":"max-snippet:-1","max-image-preview":"max-image-preview:large","max-video-preview":"max-video-preview:-1"},"canonical":"https:\/\/www.ste-marguerite-sur-mer.fr\/en\/proces-verbal-de-la-reunion-du-conseil-municipal-seance-du-28-aout-2020\/","og_locale":"en_US","og_type":"article","og_title":"PROC\u00c8S-VERBAL DE LA R\u00c9UNION DU CONSEIL MUNICIPAL S\u00c9ANCE DU 28 AO\u00dbT 2020 - Mairie de Sainte-Marguerite Sur Mer","og_url":"https:\/\/www.ste-marguerite-sur-mer.fr\/en\/proces-verbal-de-la-reunion-du-conseil-municipal-seance-du-28-aout-2020\/","og_site_name":"Mairie de Sainte-Marguerite Sur Mer","article_author":"www.facebook.com\/MairieSainteMargueritesurmer","article_published_time":"2020-09-08T08:32:27+00:00","article_modified_time":"2020-10-01T07:54:47+00:00","author":"mairie.stemargueritesurmer@wanadoo.fr","twitter_card":"summary_large_image","twitter_misc":{"Written by":"mairie.stemargueritesurmer@wanadoo.fr","Est. reading time":"5 minutes"},"schema":{"@context":"https:\/\/schema.org","@graph":[{"@type":"WebPage","@id":"https:\/\/www.ste-marguerite-sur-mer.fr\/proces-verbal-de-la-reunion-du-conseil-municipal-seance-du-28-aout-2020\/","url":"https:\/\/www.ste-marguerite-sur-mer.fr\/proces-verbal-de-la-reunion-du-conseil-municipal-seance-du-28-aout-2020\/","name":"PROC\u00c8S-VERBAL DE LA R\u00c9UNION DU CONSEIL MUNICIPAL S\u00c9ANCE DU 28 AO\u00dbT 2020 - Mairie de Sainte-Marguerite Sur Mer","isPartOf":{"@id":"https:\/\/www.ste-marguerite-sur-mer.fr\/#website"},"datePublished":"2020-09-08T08:32:27+00:00","dateModified":"2020-10-01T07:54:47+00:00","author":{"@id":"https:\/\/www.ste-marguerite-sur-mer.fr\/#\/schema\/person\/4875f0d9570fa9643b4953b06cadbd28"},"breadcrumb":{"@id":"https:\/\/www.ste-marguerite-sur-mer.fr\/proces-verbal-de-la-reunion-du-conseil-municipal-seance-du-28-aout-2020\/#breadcrumb"},"inLanguage":"en-US","potentialAction":[{"@type":"ReadAction","target":["https:\/\/www.ste-marguerite-sur-mer.fr\/proces-verbal-de-la-reunion-du-conseil-municipal-seance-du-28-aout-2020\/"]}]},{"@type":"BreadcrumbList","@id":"https:\/\/www.ste-marguerite-sur-mer.fr\/proces-verbal-de-la-reunion-du-conseil-municipal-seance-du-28-aout-2020\/#breadcrumb","itemListElement":[{"@type":"ListItem","position":1,"name":"Accueil","item":"https:\/\/www.ste-marguerite-sur-mer.fr\/"},{"@type":"ListItem","position":2,"name":"PROC\u00c8S-VERBAL DE LA R\u00c9UNION DU CONSEIL MUNICIPAL S\u00c9ANCE DU 28 AO\u00dbT 2020"}]},{"@type":"WebSite","@id":"https:\/\/www.ste-marguerite-sur-mer.fr\/#website","url":"https:\/\/www.ste-marguerite-sur-mer.fr\/","name":"Mairie de Sainte-Marguerite Sur Mer","description":"commune de normandie","potentialAction":[{"@type":"SearchAction","target":{"@type":"EntryPoint","urlTemplate":"https:\/\/www.ste-marguerite-sur-mer.fr\/?s={search_term_string}"},"query-input":{"@type":"PropertyValueSpecification","valueRequired":true,"valueName":"search_term_string"}}],"inLanguage":"en-US"},{"@type":"Person","@id":"https:\/\/www.ste-marguerite-sur-mer.fr\/#\/schema\/person\/4875f0d9570fa9643b4953b06cadbd28","name":"mairie.stemargueritesurmer@wanadoo.fr","image":{"@type":"ImageObject","inLanguage":"en-US","@id":"https:\/\/www.ste-marguerite-sur-mer.fr\/#\/schema\/person\/image\/","url":"https:\/\/secure.gravatar.com\/avatar\/40ab497ab45615f9e8602bea4f1611c6cec0aa64725a35223b24c4c66a09055d?s=96&d=mm&r=g","contentUrl":"https:\/\/secure.gravatar.com\/avatar\/40ab497ab45615f9e8602bea4f1611c6cec0aa64725a35223b24c4c66a09055d?s=96&d=mm&r=g","caption":"mairie.stemargueritesurmer@wanadoo.fr"},"sameAs":["www.facebook.com\/MairieSainteMargueritesurmer"]}]}},"_links":{"self":[{"href":"https:\/\/www.ste-marguerite-sur-mer.fr\/en\/wp-json\/wp\/v2\/posts\/3456","targetHints":{"allow":["GET"]}}],"collection":[{"href":"https:\/\/www.ste-marguerite-sur-mer.fr\/en\/wp-json\/wp\/v2\/posts"}],"about":[{"href":"https:\/\/www.ste-marguerite-sur-mer.fr\/en\/wp-json\/wp\/v2\/types\/post"}],"author":[{"embeddable":true,"href":"https:\/\/www.ste-marguerite-sur-mer.fr\/en\/wp-json\/wp\/v2\/users\/5"}],"replies":[{"embeddable":true,"href":"https:\/\/www.ste-marguerite-sur-mer.fr\/en\/wp-json\/wp\/v2\/comments?post=3456"}],"version-history":[{"count":2,"href":"https:\/\/www.ste-marguerite-sur-mer.fr\/en\/wp-json\/wp\/v2\/posts\/3456\/revisions"}],"predecessor-version":[{"id":3490,"href":"https:\/\/www.ste-marguerite-sur-mer.fr\/en\/wp-json\/wp\/v2\/posts\/3456\/revisions\/3490"}],"wp:attachment":[{"href":"https:\/\/www.ste-marguerite-sur-mer.fr\/en\/wp-json\/wp\/v2\/media?parent=3456"}],"wp:term":[{"taxonomy":"category","embeddable":true,"href":"https:\/\/www.ste-marguerite-sur-mer.fr\/en\/wp-json\/wp\/v2\/categories?post=3456"},{"taxonomy":"post_tag","embeddable":true,"href":"https:\/\/www.ste-marguerite-sur-mer.fr\/en\/wp-json\/wp\/v2\/tags?post=3456"}],"curies":[{"name":"wp","href":"https:\/\/api.w.org\/{rel}","templated":true}]}}